{"id":147661,"date":"2025-06-03T00:33:09","date_gmt":"2025-06-03T00:33:09","guid":{"rendered":"https:\/\/www.europesays.com\/fr\/147661\/"},"modified":"2025-06-03T00:33:09","modified_gmt":"2025-06-03T00:33:09","slug":"lassociation-lou-capian-entre-patrimoine-et-passion-pour-les-pointus-a-six-fours","status":"publish","type":"post","link":"https:\/\/www.europesays.com\/fr\/147661\/","title":{"rendered":"L&rsquo;association Lou Capian entre patrimoine et passion pour les pointus \u00e0 Six-Fours"},"content":{"rendered":"<p>Dans la paisible lagune du Brusc, <strong>l\u2019association Lou Capian veille depuis plus de vingt ans sur un tr\u00e9sor flottant<\/strong>: les pointus et les bettes, embarcations traditionnelles de M\u00e9diterran\u00e9e. <strong>Regroupant plus de quatre-vingts membres<\/strong>, anim\u00e9s par l\u2019amour des bateaux anciens, cette association milite pour la sauvegarde d\u2019un patrimoine maritime vivant. Le collectif est n\u00e9 au d\u00e9but des ann\u00e9es 2000, \u00e0 un moment critique: l\u2019interdiction du mouillage sauvage dans la lagune class\u00e9e Natura 2000 qui mena\u00e7ait ces embarcations de bois, ne pouvant \u00eatre sorties de l\u2019eau sans risque de se fendre et de se d\u00e9grader. Gr\u00e2ce \u00e0 la mobilisation de ses membres, Lou Capian a obtenu une autorisation d\u2019occupation temporaire (AOT), renouvelable tous les 15 ans. Une victoire essentielle pour ces bateaux qui ne peuvent exister sans l\u2019eau sal\u00e9e qui les pr\u00e9serve.<\/p>\n<p>\u00ab\u00a0Ils ne sont pas d\u00e9coratifs, ils sont la vie du Brusc\u00a0\u00bb<\/p>\n<p>\u00ab\u00a0Tous les jours, il y a des photographes ou des peintres qui viennent immortaliser ces bateaux, t\u00e9moigne le pr\u00e9sident, Didier Sophin. Ils colorent notre port de Provence, incarnent un art de vivre autant qu\u2019un savoir-faire transmis de g\u00e9n\u00e9ration en g\u00e9n\u00e9ration. Ils ne sont pas juste d\u00e9coratifs, ils sont la vie du Brusc. Ils font partie de notre carte postale.\u00a0\u00bb<\/p>\n<p>Derri\u00e8re chaque pointu, il y a une histoire. Une lign\u00e9e de p\u00eacheurs, un grand-p\u00e8re qui l\u2019a transmis, une famille qui l\u2019a restaur\u00e9. Ce sont des embarcations qui ont travers\u00e9 le temps, port\u00e9es par les r\u00e9cits, les souvenirs, les mains d\u2019hommes et de femmes qui refusent de les voir dispara\u00eetre. \u00ab\u00a0Pr\u00e9f\u00e9rer un pointu \u00e0 un bateau en plastique, c\u2019est choisir la m\u00e9moire, l\u2019\u00e2me et une certaine id\u00e9e de la M\u00e9diterran\u00e9e.\u00a0\u00bb Mais Lou Capian ne se contente pas de pr\u00e9server, elle transmet. Tout au long de l\u2019ann\u00e9e, des classes viennent d\u00e9couvrir ces bateaux, embarquent pour une balade dans la baie, \u00e9coutent les r\u00e9cits des anciens. Le 5 juillet, \u00e0 l\u2019occasion de la F\u00eate des pointus, comme lors des Journ\u00e9es du patrimoine, le public est lui aussi invit\u00e9 \u00e0 monter \u00e0 bord. L\u2019association participe \u00e9galement \u00e0 la restauration de bateaux anciens venus d\u2019ailleurs, comme le Notre-Dame du Mont Carmel (lire ci-dessous). Chaque sauvetage est une victoire contre l\u2019oubli. \u00ab\u00a0Ici, il y a de la vie. Mes enfants \u00e9taient sur les bateaux avant m\u00eame d\u2019apprendre \u00e0 marcher!\u00a0\u00bb, confie un adh\u00e9rent.<\/p>\n<p>Lou Capian le rappelle avec force: ces bateaux ne sont pas des pi\u00e8ces de mus\u00e9e, mais des fragments vivants de notre histoire maritime.<\/p>\n<p><strong>Savoir+<\/strong><br \/>&#13;<br \/>\nInternet: <a href=\"http:\/\/loucapian.com\" target=\"_blank\" rel=\"noopener nofollow\">loucapian.com<\/a><\/p>\n<p>            Sortie en mer pour des coll\u00e9giens<\/p>\n<p>Cette semaine, les \u00e9l\u00e8ves de 6e de la classe patrimoine du coll\u00e8ge Font de Fillol ont embarqu\u00e9 pour une journ\u00e9e autour du patrimoine maritime, aux c\u00f4t\u00e9s de Lou Capian. Balade en mer, d\u00e9couverte de la flore de l\u2019\u00eele du Rouveau, rencontre avec les propri\u00e9taires de pointus et visite du phare : un programme riche encadr\u00e9 par le service des phares et balises et le service environnement de la ville.<\/p>\n","protected":false},"excerpt":{"rendered":"Dans la paisible lagune du Brusc, l\u2019association Lou Capian veille depuis plus de vingt ans sur un tr\u00e9sor&hellip;\n","protected":false},"author":2,"featured_media":147662,"comment_status":"","ping_status":"","sticky":false,"template":"","format":"standard","meta":{"footnotes":""},"categories":[9619],"tags":[1111,11,1777,674,1011,27,12,882,25,2310,3366],"class_list":{"0":"post-147661","1":"post","2":"type-post","3":"status-publish","4":"format-standard","5":"has-post-thumbnail","7":"category-toulon","8":"tag-actu","9":"tag-actualites","10":"tag-eu","11":"tag-europe","12":"tag-fr","13":"tag-france","14":"tag-news","15":"tag-provence-alpes-cote-dazur","16":"tag-republique-francaise","17":"tag-toulon","18":"tag-vie-locale"},"share_on_mastodon":{"url":"https:\/\/pubeurope.com\/@fr\/114616625014057490","error":""},"_links":{"self":[{"href":"https:\/\/www.europesays.com\/fr\/wp-json\/wp\/v2\/posts\/147661","targetHints":{"allow":["GET"]}}],"collection":[{"href":"https:\/\/www.europesays.com\/fr\/wp-json\/wp\/v2\/posts"}],"about":[{"href":"https:\/\/www.europesays.com\/fr\/wp-json\/wp\/v2\/types\/post"}],"author":[{"embeddable":true,"href":"https:\/\/www.europesays.com\/fr\/wp-json\/wp\/v2\/users\/2"}],"replies":[{"embeddable":true,"href":"https:\/\/www.europesays.com\/fr\/wp-json\/wp\/v2\/comments?post=147661"}],"version-history":[{"count":0,"href":"https:\/\/www.europesays.com\/fr\/wp-json\/wp\/v2\/posts\/147661\/revisions"}],"wp:featuredmedia":[{"embeddable":true,"href":"https:\/\/www.europesays.com\/fr\/wp-json\/wp\/v2\/media\/147662"}],"wp:attachment":[{"href":"https:\/\/www.europesays.com\/fr\/wp-json\/wp\/v2\/media?parent=147661"}],"wp:term":[{"taxonomy":"category","embeddable":true,"href":"https:\/\/www.europesays.com\/fr\/wp-json\/wp\/v2\/categories?post=147661"},{"taxonomy":"post_tag","embeddable":true,"href":"https:\/\/www.europesays.com\/fr\/wp-json\/wp\/v2\/tags?post=147661"}],"curies":[{"name":"wp","href":"https:\/\/api.w.org\/{rel}","templated":true}]}}