{"id":147675,"date":"2025-06-03T00:42:33","date_gmt":"2025-06-03T00:42:33","guid":{"rendered":"https:\/\/www.europesays.com\/fr\/147675\/"},"modified":"2025-06-03T00:42:33","modified_gmt":"2025-06-03T00:42:33","slug":"un-chauffeur-place-en-garde-a-vue","status":"publish","type":"post","link":"https:\/\/www.europesays.com\/fr\/147675\/","title":{"rendered":"un chauffeur plac\u00e9 en garde \u00e0 vue"},"content":{"rendered":"<p>            Par<br \/>\n        <strong><br \/>\n            <a href=\"https:\/\/actu.fr\/auteur\/rhoussin\" title=\"Consulter tous les articles de Ronan Houssin\" rel=\"nofollow noopener\" target=\"_blank\">Ronan Houssin<\/a><br \/>\n        <\/strong><\/p>\n<p>        Publi\u00e9 le<\/p>\n<p>            2 juin 2025 \u00e0 17h17<br \/>\n        ; mis \u00e0 jour le 2 juin 2025 \u00e0 20h43    <\/p>\n<p>La\u00a0<b>circulation\u00a0<\/b>est fortement perturb\u00e9e sur la\u00a0<b>route nationale 24\u00a0<\/b>entre Plo\u00ebrmel (Morbihan) et Rennes (Ille-et-Vilaine) ce lundi <b>2\u00a0juin 2025<\/b>. Un <b>accident\u00a0<\/b>impliquant des poids lourds s\u2019est produit \u00e0 hauteur de <a href=\"https:\/\/actu.fr\/bretagne\/plelan-le-grand_35223\" rel=\"nofollow noopener\" target=\"_blank\">Pl\u00e9lan-le-Grand<\/a> (Ille-et-Vilaine).<\/p>\n<p class=\" wall-content\">Ce lundi 2\u00a0juin vers 15h30, un accident impliquant \u00ab\u2009deux poids lourds\u2009\u00bb s\u2019est produit sur la RN 24 dans le sens Lorient \u2013 Rennes. Suite \u00e0 cet incident, \u00ab\u2009la circulation est coup\u00e9e au niveau de l\u2019\u00e9changeur de Pl\u00e9lan-le-Grand\u2009\u00bb, a communiqu\u00e9 la DIR Ouest peu avant 16h.<\/p>\n<p>Des pompiers de deux d\u00e9partements mobilis\u00e9s<\/p>\n<p class=\" wall-content\">Le Service d\u00e9partemental d\u2019incendie et de secours du Morbihan a \u00e9t\u00e9 engag\u00e9 \u00e0 15h30 sur l\u2019accident survenu au niveau de l\u2019aire du Breil du Coq. Les deux conducteurs ont \u00e9t\u00e9 pris en charge par les secours.<\/p>\n<p class=\" wall-content\">Au plus fort de l\u2019intervention, 20 pompiers du Morbihan et d\u2019Ille-et-Vilaine ont \u00e9t\u00e9 mobilis\u00e9s.<\/p>\n<p>Un conducteur plac\u00e9 en garde \u00e0 vue<\/p>\n<p class=\" wall-content\">Une perte de contr\u00f4le est \u00e0 l\u2019origine de cet accident. \u00ab\u2009Le chauffeur qui roulait dans le sens Lorient-Rennes a mordu le bas-c\u00f4t\u00e9. Il a d\u00e9vi\u00e9 de sa trajectoire, cass\u00e9 les barri\u00e8res et percut\u00e9 un autre poids lourd qui circulait dans le sens oppos\u00e9\u2009\u00bb, communique la gendarmerie de Montfort-sur-Meu.<\/p>\n<p class=\" wall-content\">Une\u00a0<b>enqu\u00eate\u00a0<\/b>a \u00e9t\u00e9 ouverte pour d\u00e9terminer les causes de la perte de contr\u00f4le. \u00ab\u2009Les deux chauffeurs sont n\u00e9gatifs aux d\u00e9pistages alcool\u00e9mie et stup\u00e9fiants\u2009\u00bb, pr\u00e9cisent les militaires.<\/p>\n<p>Vid\u00e9os : en ce moment sur Actu<\/p>\n<p class=\" wall-content\">Le conducteur responsable de l\u2019accident, un homme d\u2019origine serbo-croate, a \u00e9t\u00e9 plac\u00e9 en\u00a0<b>garde \u00e0 vue\u00a0<\/b>pour\u00a0<b>homicide involontaire<\/b>.<\/p>\n<p>Des mesures obligatoires pour les automobilistes<\/p>\n<p class=\" wall-content\">Peu apr\u00e8s 16h30, la DIR Ouest a fait point sur les mesures obligatoires pour les automobilistes qui circulent sur la RN 24 entre Lorient et Rennes\u2009:<\/p>\n<ul class=\" wall-content\">\n<li>\n<p>Sortie obligatoire \u00e0 l\u2019\u00e9changeur de Guer dans le sens Lorient vers Rennes<\/p>\n<\/li>\n<li>\n<p>D\u00e9viation via le r\u00e9seau d\u00e9partemental par les RD 773 \u2013 RD773b \u2013 RD724 \u2013 RD224 \u2013 RD38 jusqu\u2019\u00e0 l\u2019\u00e9changeur de Pl\u00e9lan-le-Grand pour reprendre la direction de Rennes<\/p>\n<\/li>\n<li>\n<p>Neutralisation de la voie de gauche dans le sens Rennes vers Lorient<\/p>\n<\/li>\n<\/ul>\n<p class=\" wall-content\">Selon la DIR Ouest, les perturbations risquent de durer \u00ab\u2009jusqu\u2019au d\u00e9but de soir\u00e9e\u2009\u00bb. Les automobilistes sont invit\u00e9s \u00e0 la plus grande prudence \u00e0 l\u2019approche de l\u2019incident, ainsi que sur les itin\u00e9raires de d\u00e9viation.<\/p>\n<p class=\" wall-content\">Suivez toute l\u2019actualit\u00e9 de vos villes et m\u00e9dias favoris en vous inscrivant \u00e0 <a href=\"https:\/\/moncompte.actu.fr\" title=\"D\u00e9couvez Mon Actu\" rel=\"nofollow noopener\" data-trk=\"{&quot;cta&quot;:{&quot;action&quot;:&quot;https:\\\/\\\/moncompte.actu.fr&quot;,&quot;category&quot;:&quot;mon compte&quot;,&quot;from&quot;:&quot;article footer&quot;,&quot;name&quot;:&quot;Mon actu&quot;,&quot;type&quot;:&quot;cta&quot;}}\" target=\"_blank\">Mon Actu<\/a>.<\/p>\n<ul class=\"ac-article-tag wall-content\">\n<li><a href=\"https:\/\/actu.fr\/tag\/accident\" data-trk=\"{&quot;cta&quot;:{&quot;action&quot;:&quot;Accident&quot;,&quot;category&quot;:&quot;tag&quot;,&quot;from&quot;:&quot;article footer&quot;,&quot;name&quot;:&quot;Accident&quot;,&quot;type&quot;:&quot;cta&quot;}}\" rel=\"nofollow noopener\" target=\"_blank\">#Accident<\/a><\/li>\n<li><a href=\"https:\/\/actu.fr\/tag\/route-nationale-24-rn-24\" data-trk=\"{&quot;cta&quot;:{&quot;action&quot;:&quot;Route nationale 24 (RN 24)&quot;,&quot;category&quot;:&quot;tag&quot;,&quot;from&quot;:&quot;article footer&quot;,&quot;name&quot;:&quot;Route nationale 24 (RN 24)&quot;,&quot;type&quot;:&quot;cta&quot;}}\" rel=\"nofollow noopener\" target=\"_blank\">#Route nationale 24 (RN 24)<\/a><\/li>\n<\/ul>\n","protected":false},"excerpt":{"rendered":"Par Ronan Houssin Publi\u00e9 le 2 juin 2025 \u00e0 17h17 ; mis \u00e0 jour le 2 juin 2025&hellip;\n","protected":false},"author":2,"featured_media":147676,"comment_status":"","ping_status":"","sticky":false,"template":"","format":"standard","meta":{"footnotes":""},"categories":[2821],"tags":[119,1111,11,829,1777,674,1011,27,12,584,25,26155,104],"class_list":{"0":"post-147675","1":"post","2":"type-post","3":"status-publish","4":"format-standard","5":"has-post-thumbnail","7":"category-rennes","8":"tag-accident","9":"tag-actu","10":"tag-actualites","11":"tag-bretagne","12":"tag-eu","13":"tag-europe","14":"tag-fr","15":"tag-france","16":"tag-news","17":"tag-rennes","18":"tag-republique-francaise","19":"tag-route-nationale-24-rn-24","20":"tag-societe"},"share_on_mastodon":{"url":"https:\/\/pubeurope.com\/@fr\/114616660434909969","error":""},"_links":{"self":[{"href":"https:\/\/www.europesays.com\/fr\/wp-json\/wp\/v2\/posts\/147675","targetHints":{"allow":["GET"]}}],"collection":[{"href":"https:\/\/www.europesays.com\/fr\/wp-json\/wp\/v2\/posts"}],"about":[{"href":"https:\/\/www.europesays.com\/fr\/wp-json\/wp\/v2\/types\/post"}],"author":[{"embeddable":true,"href":"https:\/\/www.europesays.com\/fr\/wp-json\/wp\/v2\/users\/2"}],"replies":[{"embeddable":true,"href":"https:\/\/www.europesays.com\/fr\/wp-json\/wp\/v2\/comments?post=147675"}],"version-history":[{"count":0,"href":"https:\/\/www.europesays.com\/fr\/wp-json\/wp\/v2\/posts\/147675\/revisions"}],"wp:featuredmedia":[{"embeddable":true,"href":"https:\/\/www.europesays.com\/fr\/wp-json\/wp\/v2\/media\/147676"}],"wp:attachment":[{"href":"https:\/\/www.europesays.com\/fr\/wp-json\/wp\/v2\/media?parent=147675"}],"wp:term":[{"taxonomy":"category","embeddable":true,"href":"https:\/\/www.europesays.com\/fr\/wp-json\/wp\/v2\/categories?post=147675"},{"taxonomy":"post_tag","embeddable":true,"href":"https:\/\/www.europesays.com\/fr\/wp-json\/wp\/v2\/tags?post=147675"}],"curies":[{"name":"wp","href":"https:\/\/api.w.org\/{rel}","templated":true}]}}