{"id":147681,"date":"2025-06-03T00:45:13","date_gmt":"2025-06-03T00:45:13","guid":{"rendered":"https:\/\/www.europesays.com\/fr\/147681\/"},"modified":"2025-06-03T00:45:13","modified_gmt":"2025-06-03T00:45:13","slug":"les-plages-de-nice-resteront-elles-ouvertes-pendant-le-sommet-des-oceans-unoc-2","status":"publish","type":"post","link":"https:\/\/www.europesays.com\/fr\/147681\/","title":{"rendered":"Les plages de Nice resteront-elles ouvertes pendant le Sommet des Oc\u00e9ans Unoc?"},"content":{"rendered":"<p>            Question de Lorianne <\/p>\n<p>\n                Les plages de Nice resteront-elles ouvertes pendant le Sommet des Oc\u00e9ans Unoc?\n            <\/p>\n<p>Bonjour Lorianne,\u00a0<\/p>\n<p>C\u2019est l\u2019une des questions que se posent les Ni\u00e7oises et les Ni\u00e7ois: pourront-ils aller \u00e0 la plage durant le sommet de l&rsquo;Unoc? La pr\u00e9fecture maritime de M\u00e9diterran\u00e9e a tranch\u00e9 ce lundi.<\/p>\n<p>Si plusieurs p\u00e9rim\u00e8tres de s\u00e9curit\u00e9 ont \u00e9t\u00e9 d\u00e9finis en mer pour parer \u00e0 toute menace, incluant des restrictions de mouillage, de navigation, de plong\u00e9e, voire l<strong>\u2019interdiction de la pratique du parachute ascensionnel<\/strong>, la baignade elle a \u00e9t\u00e9 pr\u00e9serv\u00e9e. Du moins \u00e0 condition de ne pas trop s\u2019\u00e9loigner du bord et de <strong>rester dans la bande des 300 m\u00e8tres<\/strong>.<\/p>\n<p>La plage des Bains militaires ferm\u00e9e \u00e0 la baignade<\/p>\n<p>En revanche, il sera interdit de se mettre \u00e0 l\u2019eau depuis la plage des bains militaires qui se trouve \u00e0 proximit\u00e9 imm\u00e9diate de l\u2019entr\u00e9e du port? C\u2019est <strong>la seule plage o\u00f9 la baignade sera interdite durant le sommet.<\/strong><\/p>\n<p>Pour rappel, la Conf\u00e9rence des Nations Unies sur l&rsquo;Oc\u00e9an (UNOC) se tient \u00e0 Nice<strong> du 9 au 13 juin prochain.<\/strong>\u00a0<\/p>\n<p>Bonne journ\u00e9e.\u00a0<\/p>\n","protected":false},"excerpt":{"rendered":"Question de Lorianne Les plages de Nice resteront-elles ouvertes pendant le Sommet des Oc\u00e9ans Unoc? Bonjour Lorianne,\u00a0 C\u2019est&hellip;\n","protected":false},"author":2,"featured_media":147428,"comment_status":"","ping_status":"","sticky":false,"template":"","format":"standard","meta":{"footnotes":""},"categories":[2819],"tags":[1111,11,1777,674,1011,27,12,2401,882,25,3366],"class_list":{"0":"post-147681","1":"post","2":"type-post","3":"status-publish","4":"format-standard","5":"has-post-thumbnail","7":"category-nice","8":"tag-actu","9":"tag-actualites","10":"tag-eu","11":"tag-europe","12":"tag-fr","13":"tag-france","14":"tag-news","15":"tag-nice","16":"tag-provence-alpes-cote-dazur","17":"tag-republique-francaise","18":"tag-vie-locale"},"share_on_mastodon":{"url":"https:\/\/pubeurope.com\/@fr\/114616672115808104","error":""},"_links":{"self":[{"href":"https:\/\/www.europesays.com\/fr\/wp-json\/wp\/v2\/posts\/147681","targetHints":{"allow":["GET"]}}],"collection":[{"href":"https:\/\/www.europesays.com\/fr\/wp-json\/wp\/v2\/posts"}],"about":[{"href":"https:\/\/www.europesays.com\/fr\/wp-json\/wp\/v2\/types\/post"}],"author":[{"embeddable":true,"href":"https:\/\/www.europesays.com\/fr\/wp-json\/wp\/v2\/users\/2"}],"replies":[{"embeddable":true,"href":"https:\/\/www.europesays.com\/fr\/wp-json\/wp\/v2\/comments?post=147681"}],"version-history":[{"count":0,"href":"https:\/\/www.europesays.com\/fr\/wp-json\/wp\/v2\/posts\/147681\/revisions"}],"wp:featuredmedia":[{"embeddable":true,"href":"https:\/\/www.europesays.com\/fr\/wp-json\/wp\/v2\/media\/147428"}],"wp:attachment":[{"href":"https:\/\/www.europesays.com\/fr\/wp-json\/wp\/v2\/media?parent=147681"}],"wp:term":[{"taxonomy":"category","embeddable":true,"href":"https:\/\/www.europesays.com\/fr\/wp-json\/wp\/v2\/categories?post=147681"},{"taxonomy":"post_tag","embeddable":true,"href":"https:\/\/www.europesays.com\/fr\/wp-json\/wp\/v2\/tags?post=147681"}],"curies":[{"name":"wp","href":"https:\/\/api.w.org\/{rel}","templated":true}]}}