{"id":147723,"date":"2025-06-03T01:13:10","date_gmt":"2025-06-03T01:13:10","guid":{"rendered":"https:\/\/www.europesays.com\/fr\/147723\/"},"modified":"2025-06-03T01:13:10","modified_gmt":"2025-06-03T01:13:10","slug":"au-royaume-uni-la-police-enquete-sur-les-femmes-ayant-fait-des-fausses-couches-pour-traquer-deventuelles-ivg-illegales","status":"publish","type":"post","link":"https:\/\/www.europesays.com\/fr\/147723\/","title":{"rendered":"Au Royaume-Uni, la police enqu\u00eate sur les femmes ayant fait des fausses couches pour traquer d&rsquo;\u00e9ventuelles IVG ill\u00e9gales"},"content":{"rendered":"<p>Au moment o\u00f9 la France pleure le d\u00e9c\u00e8s du professeur \u00c9tienne-\u00c9mile Baulieu, <a href=\"https:\/\/www.humanite.fr\/societe\/ivg\/la-mifepristone-et-le-misoprostol-lhistoire-agitee-des-molecules-de-la-pilule-abortive\" target=\"_blank\" rel=\"noopener\">p\u00e8re de la pilule de \u00ab\u00a0contragestion\u00a0\u00bb <\/a>(terme qu\u2019il pr\u00e9f\u00e9rait \u00e0 \u00ab\u00a0abortive\u00a0\u00bb) et militant pour les droits des femmes, le Royaume-Uni traque les victimes de fausses couches. D\u00e9sormais, elles seraient tout simplement suspectes d\u2019avoir avort\u00e9 ill\u00e9galement. <\/p>\n<p>Depuis cet hiver, une directive pass\u00e9e sous les radars encourage les services de police britanniques \u00e0 faire du z\u00e8le\u00a0: perquisition, fouilles dans le t\u00e9l\u00e9phone ou l\u2019ordinateur, surveillance des applications personnelles de gestion des cycles menstruels sont autoris\u00e9es afin de d\u00e9busquer une \u00e9ventuelle interruption volontaire de grossesse.<\/p>\n<p>L\u2019acc\u00e8s l\u00e9gal \u00e0 l\u2019avortement pas syst\u00e9matiquement assur\u00e9<\/p>\n<p>Pourtant, l\u2019avortement a bien \u00e9t\u00e9 d\u00e9criminalis\u00e9 en 1967\u2026 mais il est toujours sous le pouvoir de d\u00e9cision de l\u2019institution m\u00e9dicale. L\u2019accord de deux m\u00e9decins est n\u00e9cessaire pour autoriser l\u2019acte. Le soin peut alors avoir lieu dans un \u00e9tablissement conventionn\u00e9 ou \u00e0 domicile pour une interruption m\u00e9dicamenteuse, mais toujours apr\u00e8s double accord m\u00e9dical. Et, au-del\u00e0 de la p\u00e9riode l\u00e9gale de vingt-quatre semaines de grossesse autorisant l\u2019IVG, des peines d\u2019emprisonnement peuvent \u00eatre requises en Angleterre et au pays de Galles, en raison d\u2019une loi remontant \u00e0 1861.<\/p>\n<p>Si le d\u00e9lai est l\u2019un des plus progressistes en Europe (quatorze semaines en France), l\u2019acc\u00e8s l\u00e9gal \u00e0 l\u2019avortement n\u2019est cependant pas syst\u00e9matiquement assur\u00e9. Pendant la p\u00e9riode du Covid, les services m\u00e9dicaux souffrant d\u00e9j\u00e0 de\u00a0coupes budg\u00e9taires ont restreint les interventions. <\/p>\n<p>R\u00e9sultat\u00a0: plusieurs femmes ont d\u00fb garder leur enfant contre leur volont\u00e9, avait alors alert\u00e9 le BPAS (British Pregnancy Advisory Service). Mais renforcer le contr\u00f4le policier sur les fausses couches atteste une nouvelle \u00e9tape contre les droits reproductifs. Le revirement aux \u00c9tats-Unis nous l\u2019a d\u00e9montr\u00e9\u00a0: ces droits restent partout fragiles. Le corps des femmes leur appartient et nombreux sont ceux qui ne le supportent toujours pas.<\/p>\n<p>Avant de partir, une derni\u00e8re chose\u2026<\/p>\n<p>Contrairement \u00e0 90% des m\u00e9dias fran\u00e7ais aujourd\u2019hui, <strong>l\u2019Humanit\u00e9 ne d\u00e9pend ni de grands groupes ni de milliardaires<\/strong>. Cela signifie que : <\/p>\n<ul class=\"wp-block-list\">\n<li>nous vous apportons des informations impartiales, sans compromis. Mais aussi que <\/li>\n<li>nous n\u2019avons pas les moyens financiers dont b\u00e9n\u00e9ficient les autres m\u00e9dias.<\/li>\n<\/ul>\n<p><strong>L\u2019information ind\u00e9pendante et de qualit\u00e9 a un co\u00fbt<\/strong>. Payez-le.<br \/><a href=\"https:\/\/stage.preprod.humanite.fr\/lhumanite-cest-vous\" data-type=\"link\" data-id=\"https:\/\/stage.preprod.humanite.fr\/lhumanite-cest-vous\" target=\"_blank\" rel=\"noopener\">Je veux en savoir plus<\/a><\/p>\n","protected":false},"excerpt":{"rendered":"Au moment o\u00f9 la France pleure le d\u00e9c\u00e8s du professeur \u00c9tienne-\u00c9mile Baulieu, p\u00e8re de la pilule de \u00ab\u00a0contragestion\u00a0\u00bb&hellip;\n","protected":false},"author":2,"featured_media":147724,"comment_status":"","ping_status":"","sticky":false,"template":"","format":"standard","meta":{"footnotes":""},"categories":[1588],"tags":[11,6525,27689,1777,674,12,473,1853,1851,1850,1852],"class_list":{"0":"post-147723","1":"post","2":"type-post","3":"status-publish","4":"format-standard","5":"has-post-thumbnail","7":"category-royaume-uni","8":"tag-actualites","9":"tag-droit-des-femmes","10":"tag-droit-u00e0-lavortement","11":"tag-eu","12":"tag-europe","13":"tag-news","14":"tag-royaume-uni","15":"tag-royaume-uni-de-grande-bretagne-et-dirlande-du-nord","16":"tag-uk","17":"tag-united-kingdom","18":"tag-united-kingdom-of-great-britain-and-northern-ireland"},"share_on_mastodon":{"url":"https:\/\/pubeurope.com\/@fr\/114616782529824320","error":""},"_links":{"self":[{"href":"https:\/\/www.europesays.com\/fr\/wp-json\/wp\/v2\/posts\/147723","targetHints":{"allow":["GET"]}}],"collection":[{"href":"https:\/\/www.europesays.com\/fr\/wp-json\/wp\/v2\/posts"}],"about":[{"href":"https:\/\/www.europesays.com\/fr\/wp-json\/wp\/v2\/types\/post"}],"author":[{"embeddable":true,"href":"https:\/\/www.europesays.com\/fr\/wp-json\/wp\/v2\/users\/2"}],"replies":[{"embeddable":true,"href":"https:\/\/www.europesays.com\/fr\/wp-json\/wp\/v2\/comments?post=147723"}],"version-history":[{"count":0,"href":"https:\/\/www.europesays.com\/fr\/wp-json\/wp\/v2\/posts\/147723\/revisions"}],"wp:featuredmedia":[{"embeddable":true,"href":"https:\/\/www.europesays.com\/fr\/wp-json\/wp\/v2\/media\/147724"}],"wp:attachment":[{"href":"https:\/\/www.europesays.com\/fr\/wp-json\/wp\/v2\/media?parent=147723"}],"wp:term":[{"taxonomy":"category","embeddable":true,"href":"https:\/\/www.europesays.com\/fr\/wp-json\/wp\/v2\/categories?post=147723"},{"taxonomy":"post_tag","embeddable":true,"href":"https:\/\/www.europesays.com\/fr\/wp-json\/wp\/v2\/tags?post=147723"}],"curies":[{"name":"wp","href":"https:\/\/api.w.org\/{rel}","templated":true}]}}