{"id":147727,"date":"2025-06-03T01:15:33","date_gmt":"2025-06-03T01:15:33","guid":{"rendered":"https:\/\/www.europesays.com\/fr\/147727\/"},"modified":"2025-06-03T01:15:33","modified_gmt":"2025-06-03T01:15:33","slug":"elle-arrive-en-europe","status":"publish","type":"post","link":"https:\/\/www.europesays.com\/fr\/147727\/","title":{"rendered":"elle arrive en Europe !"},"content":{"rendered":"<p itemprop=\"description\">Toyota vient de revoir sa strat\u00e9gie, et s\u2019appr\u00eate \u00e0 proc\u00e9der \u00e0 un changement majeur, notamment en ce qui concerne un mod\u00e8le. La GR Corolla, jusqu\u2019\u00e0 pr\u00e9sent absente de notre march\u00e9, va d\u00e9barquer en Europe !<\/p>\n<p>EN BREF<\/p>\n<ul class=\"bloc_resume_post_list\">\n<li>\n<p>\t\t\t\t\t\t\t\tLa Toyota GR Corolla va enfin arriver en Europe.\n\t\t\t\t\t\t<\/li>\n<li>\n<p>\t\t\t\t\t\t\t\tLa marque ne pr\u00e9voit toujours pas de la commercialiser sur le Vieux Continent, mais simplement de la produire au Royaume-Uni.\n\t\t\t\t\t\t<\/li>\n<li>\n<p>\t\t\t\t\t\t\t\tUne d\u00e9cision motiv\u00e9e par des enjeux logistiques, mais certainement \u00e9galement financiers.\n\t\t\t\t\t\t<\/li>\n<\/ul>\n<p style=\"font-weight: 400;\">Cela fait d\u00e9j\u00e0 plusieurs ann\u00e9es que les passionn\u00e9s d\u2019automobile ont pris l\u2019habitude de voir leurs mod\u00e8les favoris abandonner l\u2019Hexagone et l\u2019Europe. <strong>La conversion \u00e0 l\u2019\u00e9lectrique, les normes plus strictes en mati\u00e8re d\u00a0\u00bb\u00e9missions de CO2, mais aussi la fiscalit\u00e9 fran\u00e7aise plus punitive qu\u2019ailleurs,<\/strong> n\u2019encouragent pas les marques \u00e0 proposer des mod\u00e8les passion chez nous. Et pourtant, la Toyota GR Corolla va finalement bien venir en Europe. Mais, malheureusement, toujours pas pour y \u00eatre commercialis\u00e9e. Non, en r\u00e9alit\u00e9, <strong>la marque va simplement d\u00e9placer la production de la compacte sportive du Japon au Royaume-Uni.<\/strong> Mais pour quelle raison ?<\/p>\n<p>    <strong>Toyota GR Corolla\u00a0: la rivale id\u00e9ale de la Golf R qui snobe l\u2019Europe<\/strong> <\/p>\n<p style=\"font-weight: 400;\">La Toyota GR Corolla est tr\u00e8s certainement l\u2019une des plus grandes d\u00e9ceptions de ces derni\u00e8res ann\u00e9es, en Europe. Non pas parce qu\u2019il s\u2019agit d\u2019une mauvaise voiture, c\u2019est m\u00eame tout le contraire \u00e0 vrai dire. La compacte japonaise revendique en effet <strong>300 chevaux, tir\u00e9s du 3 cylindres 1.6 turbo repris \u00e0 sa petite s\u0153ur, la GR <a href=\"https:\/\/www.autoplus.fr\/actualite\/toyota-yaris-la-nouvelle-generation-est-elle-pour-bientot-1382449.html\" target=\"_blank\" rel=\"noopener nofollow\">Yaris<\/a>.<\/strong> Un attelage qui permet \u00e0 la GR Corolla de faire tomber<strong> le 0 \u00e0 100 km\/h en environ 5 secondes.<\/strong> Et d\u2019atteindre <strong>une vitesse de pointe de 230 km\/h.<\/strong> Avouons que l\u2019on a vu pire, comme voiture.<\/p>\n<p style=\"font-weight: 400;\">Mais pourquoi d\u00e9\u00e7oit-elle les passionn\u00e9s, alors ? Eh bien tout simplement <strong>parce qu\u2019\u00e0 la diff\u00e9rence de l\u2019excellente GR Yaris, elle n\u2019est pas vendue en France. Ni en Europe, d\u2019ailleurs.<\/strong> La raison de son absence en France est assez facile \u00e0 deviner : la fiscalit\u00e9. Quand on sait <strong>qu\u2019une GR Yaris co\u00fbte plus de 100 000 euros \u00e0 cause du malus \u00e9cologique, une Toyota GR Corolla aurait encore fait grimper la note.<\/strong> Et aurait donc eu, certainement, toutes les peines du monde \u00e0 se vendre\u2026 <a href=\"https:\/\/www.toyota.fr\" target=\"_blank\" rel=\"noopener nofollow\">La marque<\/a> a donc choisi d\u2019\u00e9viter toute prise de t\u00eate inutile.<\/p>\n<p>    <img loading=\"lazy\" aria-describedby=\"caption-attachment-1302644\" itemprop=\"thumbnailUrl\" decoding=\"async\" class=\"size-full wp-image-1302644 img-responsive \" src=\"https:\/\/www.europesays.com\/fr\/wp-content\/uploads\/2025\/06\/41-toyota-gr-yaris-evolution-2024-1.jpg\" alt=\"Toyota GR Yaris\" width=\"1200\" height=\"675\"\/> \u00a9  Toyota<\/p>\n<p id=\"caption-attachment-1302644\" class=\"wp-caption-text\">En France, les amateurs de sensations fortes devront se contenter de la GR Yaris. Notez que c&rsquo;est loin d&rsquo;\u00eatre une punition&#8230;<\/p>\n<p> <strong>Une relocalisation qui pose question<\/strong> <\/p>\n<p style=\"font-weight: 400;\">Quand <a href=\"https:\/\/www.reuters.com\/business\/autos-transportation\/toyota-move-some-gr-corolla-production-britain-sources-say-2025-05-27\/\" target=\"_blank\" rel=\"noopener nofollow\">Reuters<\/a> a annonc\u00e9 que la Toyota GR Corolla allait bient\u00f4t \u00eatre produite en Europe, le sang des passionn\u00e9s de la premi\u00e8re heure n\u2019a fait qu\u2019un tour. Pas d\u2019affolement, on vous rassure (ou pas), <strong>la compacte sportive ne sera toujours pas commercialis\u00e9e chez nous.<\/strong> Cela ne fait pas partie de la strat\u00e9gie de la marque, en tout cas pour l\u2019instant.<\/p>\n<p style=\"font-weight: 400;\">Non, en r\u00e9alit\u00e9, seuls quelques chanceux auront peut-\u00eatre l\u2019occasion d\u2019en apercevoir quelques exemplaires \u00e0 proximit\u00e9 du port d\u2019embarquement anglais, o\u00f9 ils seront charg\u00e9s sur des cargos \u00e0 destination de l\u2019Am\u00e9rique du Nord. En effet, <a href=\"https:\/\/www.autoplus.fr\/actualite\/toyota-et-waymo-sallient-pour-concurrencer-tesla-1378420.html\" target=\"_blank\" rel=\"noopener nofollow\">Toyota<\/a> relocalise la production de sa GR Corolla <strong>pour am\u00e9liorer la disponibilit\u00e9 du mod\u00e8le aux \u00c9tats-Unis et au Canada, et r\u00e9duire les d\u00e9lais de livraison.<\/strong> Cela n\u2019a pas \u00e9t\u00e9 confirm\u00e9, mais <a href=\"https:\/\/www.autoplus.fr\/actualite\/droits-de-douane-une-hausse-des-prix-des-voitures-a-prevoir-partout-dans-le-monde-1377266.html\" target=\"_blank\" rel=\"noopener nofollow\">les droits de douane<\/a> impos\u00e9s par Donald Trump pourraient \u00e9galement avoir motiv\u00e9 cette d\u00e9cision. <strong>Les taxes am\u00e9ricaines atteignent 25% pour les automobiles import\u00e9es du Japon, contre seulement 10% pour celles en provenance du Royaume-Uni.<\/strong><\/p>\n","protected":false},"excerpt":{"rendered":"Toyota vient de revoir sa strat\u00e9gie, et s\u2019appr\u00eate \u00e0 proc\u00e9der \u00e0 un changement majeur, notamment en ce qui&hellip;\n","protected":false},"author":2,"featured_media":147728,"comment_status":"","ping_status":"","sticky":false,"template":"","format":"standard","meta":{"footnotes":""},"categories":[1586],"tags":[11,1777,674,1011,27,1638,12,25],"class_list":{"0":"post-147727","1":"post","2":"type-post","3":"status-publish","4":"format-standard","5":"has-post-thumbnail","7":"category-europe","8":"tag-actualites","9":"tag-eu","10":"tag-europe","11":"tag-fr","12":"tag-france","13":"tag-has_diapo","14":"tag-news","15":"tag-republique-francaise"},"share_on_mastodon":{"url":"https:\/\/pubeurope.com\/@fr\/114616790234815423","error":""},"_links":{"self":[{"href":"https:\/\/www.europesays.com\/fr\/wp-json\/wp\/v2\/posts\/147727","targetHints":{"allow":["GET"]}}],"collection":[{"href":"https:\/\/www.europesays.com\/fr\/wp-json\/wp\/v2\/posts"}],"about":[{"href":"https:\/\/www.europesays.com\/fr\/wp-json\/wp\/v2\/types\/post"}],"author":[{"embeddable":true,"href":"https:\/\/www.europesays.com\/fr\/wp-json\/wp\/v2\/users\/2"}],"replies":[{"embeddable":true,"href":"https:\/\/www.europesays.com\/fr\/wp-json\/wp\/v2\/comments?post=147727"}],"version-history":[{"count":0,"href":"https:\/\/www.europesays.com\/fr\/wp-json\/wp\/v2\/posts\/147727\/revisions"}],"wp:featuredmedia":[{"embeddable":true,"href":"https:\/\/www.europesays.com\/fr\/wp-json\/wp\/v2\/media\/147728"}],"wp:attachment":[{"href":"https:\/\/www.europesays.com\/fr\/wp-json\/wp\/v2\/media?parent=147727"}],"wp:term":[{"taxonomy":"category","embeddable":true,"href":"https:\/\/www.europesays.com\/fr\/wp-json\/wp\/v2\/categories?post=147727"},{"taxonomy":"post_tag","embeddable":true,"href":"https:\/\/www.europesays.com\/fr\/wp-json\/wp\/v2\/tags?post=147727"}],"curies":[{"name":"wp","href":"https:\/\/api.w.org\/{rel}","templated":true}]}}