{"id":147729,"date":"2025-06-03T01:16:09","date_gmt":"2025-06-03T01:16:09","guid":{"rendered":"https:\/\/www.europesays.com\/fr\/147729\/"},"modified":"2025-06-03T01:16:09","modified_gmt":"2025-06-03T01:16:09","slug":"le-torchon-brule-entre-apple-et-lunion-europeenne","status":"publish","type":"post","link":"https:\/\/www.europesays.com\/fr\/147729\/","title":{"rendered":"le torchon br\u00fble entre Apple et l\u2019Union europ\u00e9enne"},"content":{"rendered":"<p><a href=\"https:\/\/www.presse-citron.net\/bourse\/acheter-actions\/apple\/\" target=\"_blank\" rel=\"noopener\">Apple<\/a> a \u00e9t\u00e9 oblig\u00e9 d\u2019apporter une s\u00e9rie de modifications \u00e0 iOS et iPadOS, pour se conformer au Digital Markets Act. Dans l\u2019UE, le syst\u00e8me d\u2019Apple est, de ce fait, moins ferm\u00e9 que dans le reste du monde. Par exemple, pour respecter les exigences de Bruxelles, la firme autorise les boutiques d\u2019applications tierces, concurrentes de l\u2019App Store. Mais l\u2019UE estime qu\u2019Apple devrait \u00e9galement rendre ses produits interop\u00e9rables avec les accessoires tiers, comme les \u00e9couteurs sans fil, les montres connect\u00e9es, ou les produits de r\u00e9alit\u00e9 mixte.<\/p>\n<p>Au mois de mars, la Commission europ\u00e9enne a rendu des <a href=\"https:\/\/www-presse--citron-net.webpkgcache.com\/doc\/-\/s\/www.presse-citron.net\/lue-va-encore-transformer-liphone-voici-ce-qui-changera-pour-vous\/\" target=\"_blank\" rel=\"noopener\">d\u00e9cisions<\/a> qui indiquent \u00e0 Apple les mesures qu\u2019il doit prendre afin de se conformer \u00e0 ses obligations d\u2019interop\u00e9rabilit\u00e9. En substance, Bruxelles a demand\u00e9 \u00e0 Apple de permettre aux fabricants d\u2019accessoires tiers, qui se connectent \u00e0 l\u2019iPhone, d\u2019acc\u00e9der \u00e0 certaines fonctions qui sont aujourd\u2019hui r\u00e9serv\u00e9es aux produits de la firme de Cupertino. \u201cEn cons\u00e9quence, les appareils connect\u00e9s de toutes marques fonctionneront mieux sur les iPhone. Les fabricants d\u2019appareils auront de nouvelles possibilit\u00e9s de mettre sur le march\u00e9 des produits innovants, ce qui am\u00e9liorera l\u2019exp\u00e9rience des consommateurs europ\u00e9ens\u201d, avait indiqu\u00e9 la Commission europ\u00e9enne.<\/p>\n<p>Mais Apple ne s\u2019avoue pas vaincu aussi facilement. D\u2019apr\u00e8s le Wall Street Journal, la firme de Cupertino aurait fait appel de ces d\u00e9cisions de la Commission europ\u00e9enne aupr\u00e8s du Tribunal europ\u00e9en, au Luxembourg. \u201cChez Apple, nous concevons nos technologies pour qu\u2019elles fonctionnent ensemble de mani\u00e8re transparente\u201d, a d\u00e9clar\u00e9 un porte-parole d\u2019Apple, cit\u00e9 par MacRumors. \u201cLes exigences de l\u2019UE en mati\u00e8re d\u2019interop\u00e9rabilit\u00e9 menacent ce fondement, tout en cr\u00e9ant un processus d\u00e9raisonnable, co\u00fbteux et qui \u00e9touffe l\u2019innovation.\u201d<\/p>\n<p> D\u2019importantes cons\u00e9quences pour Apple <\/p>\n<p>En tout cas, l\u2019ouverture de nouvelles fonctionnalit\u00e9s de l\u2019iPhone aux fabricants d\u2019accessoires tiers pourrait affecter les revenus d\u2019Apple de mani\u00e8re significative. En effet, la parfaite interop\u00e9rabilit\u00e9 entre l\u2019iPhone et les autres accessoires Apple fait partie des arguments de vente de la firme. Mais si des produits tiers acc\u00e8dent aussi \u00e0 cette interop\u00e9rabilit\u00e9, les utilisateurs d\u2019iPhone seront plus tent\u00e9s d\u2019acheter des accessoires commercialis\u00e9s par d\u2019autres marques.<\/p>\n<p>Sinon, la d\u00e9cision de la Commission europ\u00e9enne pourrait \u00e9galement avantager les concurrents d\u2019Apple sur le march\u00e9 naissant de la r\u00e9alit\u00e9 mixte, dont le groupe Meta. Et elle pourrait permettre aux fabricants de casques ou de lunettes Android XR de cr\u00e9er des produits compatibles avec l\u2019iPhone. Par exemple, la Commission europ\u00e9enne r\u00e9clame un meilleur acc\u00e8s aux notifications de l\u2019iPhone pour les montres connect\u00e9es tierces, de meilleurs transferts de donn\u00e9es, ou encore un meilleur m\u00e9canisme d\u2019appairage.<\/p>\n<ul class=\"tldr\">\n<li>Au mois de mars, la Commission europ\u00e9enne a rendu deux d\u00e9cisions qui exigent qu\u2019Apple rende l\u2019iPhone plus interop\u00e9rable avec les accessoires connect\u00e9s tiers<\/li>\n<li>D\u2019apr\u00e8s le Wall Street Journal, la firme a fait appel de ces d\u00e9cisions aupr\u00e8s du Tribunal europ\u00e9en<\/li>\n<li>Ces d\u00e9cisions pourraient fragiliser les ventes d\u2019accessoires connect\u00e9s Apple<\/li>\n<\/ul>\n<blockquote>\n<p class=\"text-base text-neutral-700 dark:text-neutral-300\">\ud83d\udccd Pour ne manquer aucune actualit\u00e9 de Presse-citron, suivez-nous sur <a href=\"https:\/\/news.google.com\/publications\/CAAqBggKMIPiNTC70wU?hl=fr&amp;gl=FR&amp;ceid=FR%3Afr\" target=\"_blank\" rel=\"noopener\">Google Actualit\u00e9s<\/a> et <a href=\"https:\/\/whatsapp.com\/channel\/0029VaCkGuz4NViitBXbEr0b\" target=\"_blank\" rel=\"noopener\">WhatsApp<\/a>.<\/p>\n<\/blockquote>\n","protected":false},"excerpt":{"rendered":"Apple a \u00e9t\u00e9 oblig\u00e9 d\u2019apporter une s\u00e9rie de modifications \u00e0 iOS et iPadOS, pour se conformer au Digital&hellip;\n","protected":false},"author":2,"featured_media":147730,"comment_status":"","ping_status":"","sticky":false,"template":"","format":"standard","meta":{"footnotes":""},"categories":[1586],"tags":[11,733,2196,1777,674,1779,1011,27,12,25,1778,364],"class_list":{"0":"post-147729","1":"post","2":"type-post","3":"status-publish","4":"format-standard","5":"has-post-thumbnail","7":"category-europe","8":"tag-actualites","9":"tag-apple","10":"tag-commission-europeenne","11":"tag-eu","12":"tag-europe","13":"tag-european-union","14":"tag-fr","15":"tag-france","16":"tag-news","17":"tag-republique-francaise","18":"tag-ue","19":"tag-union-europeenne"},"share_on_mastodon":{"url":"https:\/\/pubeurope.com\/@fr\/114616794027208355","error":""},"_links":{"self":[{"href":"https:\/\/www.europesays.com\/fr\/wp-json\/wp\/v2\/posts\/147729","targetHints":{"allow":["GET"]}}],"collection":[{"href":"https:\/\/www.europesays.com\/fr\/wp-json\/wp\/v2\/posts"}],"about":[{"href":"https:\/\/www.europesays.com\/fr\/wp-json\/wp\/v2\/types\/post"}],"author":[{"embeddable":true,"href":"https:\/\/www.europesays.com\/fr\/wp-json\/wp\/v2\/users\/2"}],"replies":[{"embeddable":true,"href":"https:\/\/www.europesays.com\/fr\/wp-json\/wp\/v2\/comments?post=147729"}],"version-history":[{"count":0,"href":"https:\/\/www.europesays.com\/fr\/wp-json\/wp\/v2\/posts\/147729\/revisions"}],"wp:featuredmedia":[{"embeddable":true,"href":"https:\/\/www.europesays.com\/fr\/wp-json\/wp\/v2\/media\/147730"}],"wp:attachment":[{"href":"https:\/\/www.europesays.com\/fr\/wp-json\/wp\/v2\/media?parent=147729"}],"wp:term":[{"taxonomy":"category","embeddable":true,"href":"https:\/\/www.europesays.com\/fr\/wp-json\/wp\/v2\/categories?post=147729"},{"taxonomy":"post_tag","embeddable":true,"href":"https:\/\/www.europesays.com\/fr\/wp-json\/wp\/v2\/tags?post=147729"}],"curies":[{"name":"wp","href":"https:\/\/api.w.org\/{rel}","templated":true}]}}