{"id":147731,"date":"2025-06-03T01:17:10","date_gmt":"2025-06-03T01:17:10","guid":{"rendered":"https:\/\/www.europesays.com\/fr\/147731\/"},"modified":"2025-06-03T01:17:10","modified_gmt":"2025-06-03T01:17:10","slug":"a-un-moment-les-choses-etaient-en-train-de-degenerer-comment-novak-djokovic-a-ete-pris-dans-les-celebrations-du-sacre-du-psg","status":"publish","type":"post","link":"https:\/\/www.europesays.com\/fr\/147731\/","title":{"rendered":"\u00ab\u00e0 un moment, les choses \u00e9taient en train de d\u00e9g\u00e9n\u00e9rer\u00bb\u2026 Comment Novak Djokovic a \u00e9t\u00e9 pris dans les c\u00e9l\u00e9brations du sacre du PSG"},"content":{"rendered":"<p><strong>LE SCAN SPORT &#8211; <\/strong>Apr\u00e8s son succ\u00e8s ce lundi en 8es de finale contre Cameron Norrie, le Serbe est revenu sur sa soir\u00e9e de samedi, pour le moins agit\u00e9.<\/p>\n<p class=\"fig-paragraph\">Deux soir\u00e9es, deux salles, deux ambiances. Si dimanche soir, Novak Djokovic a pu assister sereinement \u00e0 la f\u00eate r\u00e9serv\u00e9e aux joueurs du Paris SG \u2013 sacr\u00e9s champions d\u2019Europe &#8211; au Parc des Princes, bien assis qu\u2019il \u00e9tait \u00e0 proximit\u00e9 notamment de Teddy Riner, il n\u2019en a pas \u00e9t\u00e9 de m\u00eame la veille. En effet, le Serbe avait \u00e9t\u00e9 programm\u00e9 en session nocturne, soit au m\u00eame moment que la finale de la Ligue des champions du Paris SG face \u00e0 l\u2019Inter Milan (5-0).<\/p>\n<p class=\"fig-paragraph\">Un match qu\u2019il a pu suivre par procuration, comme il l\u2019avait expliqu\u00e9 apr\u00e8s son succ\u00e8s sur l\u2019Autrichien Filip Misolic (6-3, 6-4, 6-2). \u00abJe pouvais entendre quand le PSG marquait et ils ont c\u00e9l\u00e9br\u00e9 beaucoup trop de fois. Donc je me suis dit\u00a0: Wow, il y a beaucoup de buts pour Paris, qu\u2019est-ce qu\u2019il se passe\u00a0?\u00bb Avant de s\u2019interroger sur la mani\u00e8re dont il allait pouvoir rentrer \u00e0 son h\u00f4tel, situ\u00e9 non loin de l\u2019Arc de Triomphe, donc des Champs-\u00c9lys\u00e9es, v\u00e9ritable \u00e9picentre de la f\u00eate d\u2019apr\u00e8s-match pour les supporters parisiens, et alors th\u00e9\u00e2tre de plusieurs d\u00e9bordements violents.<\/p>\n<p>    <a href=\"https:\/\/photo.lefigaro.fr\/sports\/football\/ligue-des-champions\/psg-champion-d-europe-les-plus-belles-photos-du-retour-triomphal-des-heros-de-munich-20250601\" target=\"_blank\" rel=\"noopener\"><\/p>\n<p class=\"fig-slideshow__title\">\n                    PSG champion d\u2019Europe\u00a0: les plus belles photos du retour triomphal des h\u00e9ros de Munich\n                <\/p>\n<p>Acc\u00e9der au diaporama (23)<\/p>\n<p>    <\/a><\/p>\n<p class=\"fig-paragraph\">Un \u00e9pisode sur lequel Novak Djokovic est revenu, ce lundi, apr\u00e8s sa victoire sur Cameron Norrie (6-2, 6-3, 6-2)\u00a0: \u00abJe voudrais remercier le chef de la s\u00e9curit\u00e9 qui n\u2019est pas l\u00e0. Il a \u00e9t\u00e9 fantastique avec son \u00e9quipe. Les gens ici \u00e9taient assez tendus, quand on a d\u00fb rentrer \u00e0 l\u2019h\u00f4tel. \u00c0 un moment, ils nous sugg\u00e9raient de ne pas partir et d\u2019essayer de trouver un endroit pour dormir pr\u00e8s d\u2019ici parce qu\u2019il \u00e9tait d\u00e9j\u00e0 minuit pass\u00e9 et qu\u2019il y avait des bombes lacrymog\u00e8nes, des voitures incendi\u00e9es. Il se passait des choses dans la rue qui \u00e9taient vraiment dangereuses. Donc je les comprends.\u00bb<\/p>\n<p>    <a href=\"https:\/\/photo.lefigaro.fr\/sports\/football\/ligue-des-champions\/trocadero-enflamme-tour-eiffel-rouge-et-bleue-feux-d-artifice-paris-en-liesse-apres-le-sacre-du-psg-en-ligue-des-champions-20250601\" target=\"_blank\" rel=\"noopener\"><\/p>\n<p class=\"fig-slideshow__title\">\n                    Trocad\u00e9ro enflamm\u00e9, Tour Eiffel rouge et bleue, feux d\u2019artifice&#8230; Paris en liesse apr\u00e8s le sacre du PSG en Ligue des champions\n                <\/p>\n<p>Acc\u00e9der au diaporama (10)<\/p>\n<p>    <\/a><\/p>\n<p class=\"fig-paragraph\">Et l\u2019ancien num\u00e9ro 1 mondial de poursuivre son r\u00e9cit\u00a0: \u00abEn fin de compte, on en a parl\u00e9, on a attendu un peu et on a d\u00e9cid\u00e9 d\u2019y aller. Cela a \u00e9t\u00e9, on a atteint l\u2019h\u00f4tel sans probl\u00e8me, mais c\u2019\u00e9tait bruyant. Il se passait beaucoup de choses, m\u00eame autour de l\u2019h\u00f4tel. C\u2019est int\u00e9ressant, dans une certaine mesure, de regarder depuis sa fen\u00eatre ce qui se passe mais, \u00e0 un moment, les choses \u00e9taient en train de d\u00e9g\u00e9n\u00e9rer. On peut comprendre que les gens soient vraiment enthousiastes parce que cette ville, qui est une des plus grandes du monde, a gagn\u00e9 la Ligue des pour la premi\u00e8re fois, mais il y a quand m\u00eame des limites. Toujours est-il que cela a \u00e9t\u00e9 une dr\u00f4le d\u2019aventure qui s\u2019est bien finie.\u00bb Heureusement.<\/p>\n","protected":false},"excerpt":{"rendered":"LE SCAN SPORT &#8211; Apr\u00e8s son succ\u00e8s ce lundi en 8es de finale contre Cameron Norrie, le Serbe&hellip;\n","protected":false},"author":2,"featured_media":147732,"comment_status":"","ping_status":"","sticky":false,"template":"","format":"standard","meta":{"footnotes":""},"categories":[2],"tags":[11,4169,105,2199,1011,27,24473,4977,1960,12,6433,25,24472,4171,1467,4170],"class_list":{"0":"post-147731","1":"post","2":"type-post","3":"status-publish","4":"format-standard","5":"has-post-thumbnail","7":"category-actualites","8":"tag-actualites","9":"tag-atp","10":"tag-djokovic","11":"tag-federer","12":"tag-fr","13":"tag-france","14":"tag-internationaux-de-france","15":"tag-le-scan-sport","16":"tag-nadal","17":"tag-news","18":"tag-novak-djokovic","19":"tag-republique-francaise","20":"tag-rg","21":"tag-roland-garros","22":"tag-tennis","23":"tag-wta"},"share_on_mastodon":{"url":"https:\/\/pubeurope.com\/@fr\/114616797957960707","error":""},"_links":{"self":[{"href":"https:\/\/www.europesays.com\/fr\/wp-json\/wp\/v2\/posts\/147731","targetHints":{"allow":["GET"]}}],"collection":[{"href":"https:\/\/www.europesays.com\/fr\/wp-json\/wp\/v2\/posts"}],"about":[{"href":"https:\/\/www.europesays.com\/fr\/wp-json\/wp\/v2\/types\/post"}],"author":[{"embeddable":true,"href":"https:\/\/www.europesays.com\/fr\/wp-json\/wp\/v2\/users\/2"}],"replies":[{"embeddable":true,"href":"https:\/\/www.europesays.com\/fr\/wp-json\/wp\/v2\/comments?post=147731"}],"version-history":[{"count":0,"href":"https:\/\/www.europesays.com\/fr\/wp-json\/wp\/v2\/posts\/147731\/revisions"}],"wp:featuredmedia":[{"embeddable":true,"href":"https:\/\/www.europesays.com\/fr\/wp-json\/wp\/v2\/media\/147732"}],"wp:attachment":[{"href":"https:\/\/www.europesays.com\/fr\/wp-json\/wp\/v2\/media?parent=147731"}],"wp:term":[{"taxonomy":"category","embeddable":true,"href":"https:\/\/www.europesays.com\/fr\/wp-json\/wp\/v2\/categories?post=147731"},{"taxonomy":"post_tag","embeddable":true,"href":"https:\/\/www.europesays.com\/fr\/wp-json\/wp\/v2\/tags?post=147731"}],"curies":[{"name":"wp","href":"https:\/\/api.w.org\/{rel}","templated":true}]}}