{"id":147733,"date":"2025-06-03T01:18:12","date_gmt":"2025-06-03T01:18:12","guid":{"rendered":"https:\/\/www.europesays.com\/fr\/147733\/"},"modified":"2025-06-03T01:18:12","modified_gmt":"2025-06-03T01:18:12","slug":"les-infos-des-bleus-a-trois-jours-de-france-espagne","status":"publish","type":"post","link":"https:\/\/www.europesays.com\/fr\/147733\/","title":{"rendered":"les infos des Bleus \u00e0 trois jours de France-Espagne"},"content":{"rendered":"<p>Au complet, l\u2019\u00e9quipe de France poursuit sa pr\u00e9paration \u00e0 trois jours du choc face \u00e0 l\u2019Espagne en demi-finale de la Ligue des nations.<\/p>\n<p class=\"fig-paragraph\">Un match en chasse un autre. Si la France du foot, en dehors de Marseille, a vibr\u00e9 devant\u00a0<a href=\"http:\/\/www.lefigaro.fr\/sports\/football\/ligue-des-champions\/psg-inter-milan-une-soiree-pour-l-eternite-doue-dans-l-histoire-enrique-le-magicien-coups-de-coeur-et-coups-de-griffe-20250601\" data-fig-type=\"NewsFlash\" data-gtm-custom-categorie=\"navigation\" data-gtm-custom-action=\"crossclick\" data-gtm-custom-label=\"Contextuel\" data-gtm-event=\"customEventSPE\" data-fig-domain=\"LEFIGARO\" target=\"_blank\" rel=\"noopener\">le sacre l\u00e9gendaire du Paris SG contre l\u2019Inter Milan<\/a>\u00a0samedi en ligue des champions (5-0), un autre rendez-vous important se profile, avec l\u2019\u00e9quipe de France cette fois-ci. Dans trois jours, les hommes de\u00a0<a href=\"http:\/\/www.lefigaro.fr\/sports\/football\/ligue-des-champions\/psg-inter-om-93-luis-enrique-le-regard-de-deschamps-sur-le-rendez-vous-historique-de-munich-20250530\" data-fig-type=\"NewsFlash\" data-gtm-custom-categorie=\"navigation\" data-gtm-custom-action=\"crossclick\" data-gtm-custom-label=\"Contextuel\" data-gtm-event=\"customEventSPE\" data-fig-domain=\"LEFIGARO\" target=\"_blank\" rel=\"noopener\">Didier Deschamps<\/a>\u00a0d\u00e9fient l\u2019Espagne en demi-finale de la Ligue des nations.<\/p>\n<p class=\"fig-paragraph\">R\u00e9unis depuis vendredi, les Bleus sont au complet depuis lundi soir avec l\u2019arriv\u00e9e des champions d\u2019Europe du PSG (<a href=\"http:\/\/www.lefigaro.fr\/sports\/football\/ligue-des-champions\/psg-ousmane-dembele-merite-t-il-le-ballon-d-or-20250602\" data-fig-type=\"Article\" data-gtm-custom-categorie=\"navigation\" data-gtm-custom-action=\"crossclick\" data-gtm-custom-label=\"Contextuel\" data-gtm-event=\"customEventSPE\" data-fig-domain=\"LEFIGARO\" target=\"_blank\" rel=\"noopener\">Demb\u00e9l\u00e9<\/a>,\u00a0<a href=\"http:\/\/www.lefigaro.fr\/sports\/football\/ligue-des-champions\/desire-doue-naissance-d-un-phenomene-20250601\" data-fig-type=\"Article\" data-gtm-custom-categorie=\"navigation\" data-gtm-custom-action=\"crossclick\" data-gtm-custom-label=\"Contextuel\" data-gtm-event=\"customEventSPE\" data-fig-domain=\"LEFIGARO\" target=\"_blank\" rel=\"noopener\">Dou\u00e9<\/a>, Barcola, Za\u00efre-Emery, Hernandez) et des malheureux interistes (<a href=\"http:\/\/www.lefigaro.fr\/sports\/football\/ligue-des-champions\/psg-inter-le-beau-message-de-lucas-hernandez-pour-pavard-20250602\" data-fig-type=\"NewsFlash\" data-gtm-custom-categorie=\"navigation\" data-gtm-custom-action=\"crossclick\" data-gtm-custom-label=\"Contextuel\" data-gtm-event=\"customEventSPE\" data-fig-domain=\"LEFIGARO\" target=\"_blank\" rel=\"noopener\">Pavard<\/a>, Thuram) qui ont d\u00e9barqu\u00e9 en fin de journ\u00e9e. Le premier \u00e9tant Ousmane Demb\u00e9l\u00e9, suivi par Bradley Barcola.<\/p>\n<p class=\"fig-paragraph\">Pendant que les h\u00e9ros du week-end retrouvaient le ch\u00e2teau, les 18 autres Bleus ont particip\u00e9 \u00e0 l\u2019entra\u00eenement du jour, devant un public nombreux. Tous sauf\u00a0<a href=\"http:\/\/www.lefigaro.fr\/sports\/football\/foot-je-tiens-a-m-excuser-pour-avoir-compare-les-milieux-de-district-aux-mauvais-milieux-des-bleus-larque-repond-a-aurelien-tchouameni-20250325\" data-fig-type=\"NewsFlash\" data-gtm-custom-categorie=\"navigation\" data-gtm-custom-action=\"crossclick\" data-gtm-custom-label=\"Contextuel\" data-gtm-event=\"customEventSPE\" data-fig-domain=\"LEFIGARO\" target=\"_blank\" rel=\"noopener\">Aur\u00e9lien Tchouam\u00e9ni<\/a>, qui s\u2019est content\u00e9 de travailler seul avec un membre du staff \u00e0 l\u2019abri des regards. Au moment des autographes avec les supporters, certains ont scand\u00e9 \u00abici c\u2019est Paris\u00bb tandis que d\u2019autres ont chant\u00e9 \u00abCherki \u00e0 Paris, Konat\u00e9 \u00e0 Paris\u00bb et \u00abMbapp\u00e9 \u00e0 Marseille\u00bb, un brin chambreur.<\/p>\n<p>La fra\u00eecheur de Rabiot sous les yeux de sa m\u00e8re<\/p>\n<p class=\"fig-paragraph\">Dans la foul\u00e9e, les joueurs de l\u2019\u00e9quipe de France ont eu droit \u00e0 une s\u00e9ance classique\u00a0: \u00e9chauffement avec ballon, passe \u00e0 dix ou encore une opposition sur une moiti\u00e9 de terrain, un match remport\u00e9 par l\u2019\u00e9quipe des chasubles (Gusto, Konat\u00e9, Bad\u00e9, Digne, Rabiot, Olise, Kolo Muani) face aux Mbapp\u00e9, Cherki ou encore Guendouzi, Kon\u00e9, Lenglet et Kalulu, Hernandez.<\/p>\n<p class=\"fig-paragraph\">Aucun enseignement \u00e0 tirer de notable, si ce n\u2019est la discr\u00e9tion du capitaine des Bleus, l\u2019aisance technique de Cherki, l\u2019agressivit\u00e9 de Kalulu ou encore la fra\u00eecheur de Rabiot. Sous\u00a0<a href=\"http:\/\/www.lefigaro.fr\/sports\/football\/ligue-des-champions\/ligue-des-champions-c-est-humiliant-l-inter-n-a-pas-joue-sa-finale-adrien-rabiot-ebahi-par-la-victoire-du-psg-20250602\" data-fig-type=\"NewsFlash\" data-gtm-custom-categorie=\"navigation\" data-gtm-custom-action=\"crossclick\" data-gtm-custom-label=\"Contextuel\" data-gtm-event=\"customEventSPE\" data-fig-domain=\"LEFIGARO\" target=\"_blank\" rel=\"noopener\">les yeux de sa maman<\/a>, pr\u00e9sente \u00e0 Clairefontaine, le milieu marseillais est apparu en jambes, le teint h\u00e2l\u00e9. Mardi, les Bleus effectueront la s\u00e9ance du jour \u00e0 huis clos et au complet avant de partir mercredi \u00e0 Stuttgart pour d\u00e9fier l\u2019Espagne. Un beau rendez-vous.<\/p>\n","protected":false},"excerpt":{"rendered":"Au complet, l\u2019\u00e9quipe de France poursuit sa pr\u00e9paration \u00e0 trois jours du choc face \u00e0 l\u2019Espagne en demi-finale&hellip;\n","protected":false},"author":2,"featured_media":147734,"comment_status":"","ping_status":"","sticky":false,"template":"","format":"standard","meta":{"footnotes":""},"categories":[2],"tags":[11,672,828,525,8976,20532,6713,123,85,1011,27,3022,23733,955,23734,12,6996,25,1980,455],"class_list":{"0":"post-147733","1":"post","2":"type-post","3":"status-publish","4":"format-standard","5":"has-post-thumbnail","7":"category-actualites","8":"tag-actualites","9":"tag-allemagne","10":"tag-belgique","11":"tag-calendrier","12":"tag-classements","13":"tag-didier-deschamps","14":"tag-equipe-de-france-de-football","15":"tag-espagne","16":"tag-fff","17":"tag-fr","18":"tag-france","19":"tag-ligue","20":"tag-ligue-des-nations","21":"tag-match","22":"tag-match-en-direct","23":"tag-news","24":"tag-portugal","25":"tag-republique-francaise","26":"tag-resultats","27":"tag-uefa"},"share_on_mastodon":{"url":"https:\/\/pubeurope.com\/@fr\/114616801905074891","error":""},"_links":{"self":[{"href":"https:\/\/www.europesays.com\/fr\/wp-json\/wp\/v2\/posts\/147733","targetHints":{"allow":["GET"]}}],"collection":[{"href":"https:\/\/www.europesays.com\/fr\/wp-json\/wp\/v2\/posts"}],"about":[{"href":"https:\/\/www.europesays.com\/fr\/wp-json\/wp\/v2\/types\/post"}],"author":[{"embeddable":true,"href":"https:\/\/www.europesays.com\/fr\/wp-json\/wp\/v2\/users\/2"}],"replies":[{"embeddable":true,"href":"https:\/\/www.europesays.com\/fr\/wp-json\/wp\/v2\/comments?post=147733"}],"version-history":[{"count":0,"href":"https:\/\/www.europesays.com\/fr\/wp-json\/wp\/v2\/posts\/147733\/revisions"}],"wp:featuredmedia":[{"embeddable":true,"href":"https:\/\/www.europesays.com\/fr\/wp-json\/wp\/v2\/media\/147734"}],"wp:attachment":[{"href":"https:\/\/www.europesays.com\/fr\/wp-json\/wp\/v2\/media?parent=147733"}],"wp:term":[{"taxonomy":"category","embeddable":true,"href":"https:\/\/www.europesays.com\/fr\/wp-json\/wp\/v2\/categories?post=147733"},{"taxonomy":"post_tag","embeddable":true,"href":"https:\/\/www.europesays.com\/fr\/wp-json\/wp\/v2\/tags?post=147733"}],"curies":[{"name":"wp","href":"https:\/\/api.w.org\/{rel}","templated":true}]}}