{"id":147735,"date":"2025-06-03T01:19:10","date_gmt":"2025-06-03T01:19:10","guid":{"rendered":"https:\/\/www.europesays.com\/fr\/147735\/"},"modified":"2025-06-03T01:19:10","modified_gmt":"2025-06-03T01:19:10","slug":"charles-cournet-nomme-directeur-de-radio-france-publicite","status":"publish","type":"post","link":"https:\/\/www.europesays.com\/fr\/147735\/","title":{"rendered":"Charles Cournet nomm\u00e9 directeur de Radio France Publicit\u00e9"},"content":{"rendered":"<p>Jusqu\u2019ici directeur adjoint, Charles Cournet a \u00e9t\u00e9 nomm\u00e9 directeur de <a target=\"_blank\" rel=\"noopener\" href=\"https:\/\/fr.themedialeader.com\/radio-france-publicite-anousya-burguez-nommee-responsable-commercial-agence-medias\/\">Radio France Publicit\u00e9<\/a>. \u00c0 ce titre, il aura pour mission de d\u00e9velopper, encadrer et piloter la strat\u00e9gie commerciale li\u00e9e \u00e0 la publicit\u00e9 sur les antennes, nationales ou locales, ainsi que num\u00e9rique.<\/p>\n<p>Charles Cournet d\u00e9butait son parcours en tant que chef de publicit\u00e9 pour Radio France, puis rejoignait CB News. En 2010, il int\u00e8grait Amaury Medias (Le Parisien \/ Aujourd\u2019hui en France) comme directeur de client\u00e8le. En 2016, il rejoignait Ooreka.fr (Solocal Group) o\u00f9 il occupait successivement les postes de directeur de client\u00e8le puis de directeur business &amp; d\u00e9veloppement. En 2019, il devenait directeur business &amp; d\u00e9veloppement Explore Medias, avant de rejoindre Radio France en 2020.<\/p>\n","protected":false},"excerpt":{"rendered":"Jusqu\u2019ici directeur adjoint, Charles Cournet a \u00e9t\u00e9 nomm\u00e9 directeur de Radio France Publicit\u00e9. \u00c0 ce titre, il aura&hellip;\n","protected":false},"author":2,"featured_media":147736,"comment_status":"","ping_status":"","sticky":false,"template":"","format":"standard","meta":{"footnotes":""},"categories":[4],"tags":[11,1011,27,12,25,3245],"class_list":{"0":"post-147735","1":"post","2":"type-post","3":"status-publish","4":"format-standard","5":"has-post-thumbnail","7":"category-france","8":"tag-actualites","9":"tag-fr","10":"tag-france","11":"tag-news","12":"tag-republique-francaise","13":"tag-talents"},"share_on_mastodon":{"url":"https:\/\/pubeurope.com\/@fr\/114616805846144284","error":""},"_links":{"self":[{"href":"https:\/\/www.europesays.com\/fr\/wp-json\/wp\/v2\/posts\/147735","targetHints":{"allow":["GET"]}}],"collection":[{"href":"https:\/\/www.europesays.com\/fr\/wp-json\/wp\/v2\/posts"}],"about":[{"href":"https:\/\/www.europesays.com\/fr\/wp-json\/wp\/v2\/types\/post"}],"author":[{"embeddable":true,"href":"https:\/\/www.europesays.com\/fr\/wp-json\/wp\/v2\/users\/2"}],"replies":[{"embeddable":true,"href":"https:\/\/www.europesays.com\/fr\/wp-json\/wp\/v2\/comments?post=147735"}],"version-history":[{"count":0,"href":"https:\/\/www.europesays.com\/fr\/wp-json\/wp\/v2\/posts\/147735\/revisions"}],"wp:featuredmedia":[{"embeddable":true,"href":"https:\/\/www.europesays.com\/fr\/wp-json\/wp\/v2\/media\/147736"}],"wp:attachment":[{"href":"https:\/\/www.europesays.com\/fr\/wp-json\/wp\/v2\/media?parent=147735"}],"wp:term":[{"taxonomy":"category","embeddable":true,"href":"https:\/\/www.europesays.com\/fr\/wp-json\/wp\/v2\/categories?post=147735"},{"taxonomy":"post_tag","embeddable":true,"href":"https:\/\/www.europesays.com\/fr\/wp-json\/wp\/v2\/tags?post=147735"}],"curies":[{"name":"wp","href":"https:\/\/api.w.org\/{rel}","templated":true}]}}