{"id":147744,"date":"2025-06-03T01:25:11","date_gmt":"2025-06-03T01:25:11","guid":{"rendered":"https:\/\/www.europesays.com\/fr\/147744\/"},"modified":"2025-06-03T01:25:11","modified_gmt":"2025-06-03T01:25:11","slug":"les-classements-apres-le-gp-de-grande-bretagne-2025","status":"publish","type":"post","link":"https:\/\/www.europesays.com\/fr\/147744\/","title":{"rendered":"Les classements apr\u00e8s le GP de Grande-Bretagne 2025"},"content":{"rendered":"<p>Dimanche apr\u00e8s-midi, le circuit de Silverstone a accueilli une course de <a href=\"https:\/\/www.20minutes.fr\/sport\/moto-gp\/\" class=\"color-ultramarine c-link\" target=\"_blank\" rel=\"noopener\">Moto GP<\/a> compl\u00e8tement folle. Apr\u00e8s un premier d\u00e9part et de nombreuses chutes, dont celles des fr\u00e8res Marquez, le drapeau rouge a \u00e9t\u00e9 sorti. Le Fran\u00e7ais <a href=\"https:\/\/www.20minutes.fr\/sport\/fabio-quartararo\/\" class=\"color-ultramarine c-link\" target=\"_blank\" rel=\"noopener\">Fabio Quartararo<\/a> (Yamaha), parti en pole position, a alors commenc\u00e9 son show apr\u00e8s le restart, en prenant une avance confortable au 6e tour (5.02&prime;). Malheureusement, au 12e tour, il a d\u00fb abandonner pour un probl\u00e8me m\u00e9canique sur sa moto. Son compatriote, <a href=\"https:\/\/www.20minutes.fr\/sport\/johann-zarco\/\" class=\"color-ultramarine c-link\" target=\"_blank\" rel=\"noopener\">Johann Zarco<\/a> (Honda LCR), 2e, a termin\u00e9 sur le podium, apr\u00e8s avoir remport\u00e9 le Grand Prix du\u00a0Mans il y a quinze jours. Marco Bezzechi (Aprilia) a profit\u00e9 de la malchance de Quartararo pour s&rsquo;imposer. Marc Marquez (Ducati) a fini 3e et limit\u00e9 la casse malgr\u00e9 une course compliqu\u00e9e. Alex Marquez (Ducati Gresini) est bien remont\u00e9 au classement mais il a fini 5e. Francesco Bagnaia (Ducati) est encore tomb\u00e9.<\/p>\n<p class=\"mb-m@xs text-l@xs\">En cliquant sur\u00ab J\u2019accepte \u00bb, vous acceptez le d\u00e9p\u00f4t de cookies par des services externes et aurez ainsi acc\u00e8s aux contenus de nos partenaires.<\/p>\n<p class=\"mb-xl@xs text-s@xs\">Plus d\u2019informations sur la page<a href=\"https:\/\/www.20minutes.fr\/gestion-cookies\" class=\"mx-xxs@xs color-ultramarine\" target=\"_blank\" rel=\"noopener\">Politique de gestion des cookies<\/a><\/p>\n<p>J\u2019accepteLe classement du GP de Grande-Bratagne 2025 en MotoGP<\/p>\n<ol>\n<li>Marco Bezzecchi &#8211; Aprilia 00\u00a0\u00bb000<\/li>\n<li>Johann Zarco &#8211; Honda LCR<\/li>\n<li>Marc Marquez &#8211; Ducati<\/li>\n<li>Franco Morbidelli &#8211; Ducati VR46<\/li>\n<li>Alex Marquez &#8211; Ducati Gresini<\/li>\n<li>Pedro Acosta &#8211; KTM<\/li>\n<li>Jack Miller &#8211; Yamaha Pramac<\/li>\n<li>Luca Marini &#8211; Honda<\/li>\n<li>Fermin Aldeguer &#8211; Ducati Gresini<\/li>\n<li>Fabio Di Giannantonio Ducati VR46<\/li>\n<li>Joan Mir &#8211; Honda<\/li>\n<li>Maverick Vinales &#8211; KTM Tech 3<\/li>\n<li>Raul Fernandez &#8211; Aprilia Trackhouse Racing<\/li>\n<li>Brad Binder &#8211; KTM<\/li>\n<li>Alex Rins &#8211; Yamaha<\/li>\n<li>Miguel Oliveira &#8211; Yamaha Pramac<\/li>\n<li>Enea Bastianini &#8211; KTM Tech 3<\/li>\n<li>Lorenzo Savadori &#8211; Aprilia<\/li>\n<li>Somkiat Chantra &#8211; Honda LCR<\/li>\n<li>Francesco Bagnaia &#8211; Ducati, abandon<\/li>\n<li>Fabio Quartararo &#8211; Yamaha, abandon<\/li>\n<li>Aleix Espargaro &#8211; Honda, abandon<\/li>\n<\/ol>\n<p>Le classement g\u00e9n\u00e9ral en Moto GP apr\u00e8s le 7e Grand Prix<\/p>\n<ol>\n<li>Marc Marquez\t196<\/li>\n<li>Alex Marquez\t172<\/li>\n<li>Francesco Bagnaia\t124<\/li>\n<li>Franco Morbidelli\t98<\/li>\n<li>Johann Zarco\t97<\/li>\n<li>Fabio Di Giannantonio\t87<\/li>\n<li>Marco Bezzecchi\t69<\/li>\n<li>Fabio Quartararo\t59<\/li>\n<li>Pedro Acosta\t58<\/li>\n<li>Fermin Aldeguer\t55<\/li>\n<li>Luca Marini\t45<\/li>\n<li>Maverick Vinales\t44<\/li>\n<li>Ai Ogura\t43<\/li>\n<li>Brad Binder\t34<\/li>\n<li>Enea Bastianini\t31<\/li>\n<li>Jack Miller\t29<\/li>\n<li>Alex Rins\t24<\/li>\n<li>Raul Fernandez\t18<\/li>\n<li>Joan Mir\t17<\/li>\n<li>Takaaki Nakagami\t10<\/li>\n<li>Lorenzo Savadori\t8<\/li>\n<li>Augusto Fernandez\t3<\/li>\n<li>Miguel Oliveira\t2<\/li>\n<\/ol>\n","protected":false},"excerpt":{"rendered":"Dimanche apr\u00e8s-midi, le circuit de Silverstone a accueilli une course de Moto GP compl\u00e8tement folle. Apr\u00e8s un premier&hellip;\n","protected":false},"author":2,"featured_media":147745,"comment_status":"","ping_status":"","sticky":false,"template":"","format":"standard","meta":{"footnotes":""},"categories":[1413],"tags":[27691,1011,27,4922,1741,1457,6033,1456,517,60],"class_list":{"0":"post-147744","1":"post","2":"type-post","3":"status-publish","4":"format-standard","5":"has-post-thumbnail","7":"category-moto","8":"tag-fabio-quartaro","9":"tag-fr","10":"tag-france","11":"tag-honda","12":"tag-johann-zarco","13":"tag-moto","14":"tag-moto-gp","15":"tag-motocycle","16":"tag-sport","17":"tag-sports"},"share_on_mastodon":{"url":"https:\/\/pubeurope.com\/@fr\/114616829446431953","error":""},"_links":{"self":[{"href":"https:\/\/www.europesays.com\/fr\/wp-json\/wp\/v2\/posts\/147744","targetHints":{"allow":["GET"]}}],"collection":[{"href":"https:\/\/www.europesays.com\/fr\/wp-json\/wp\/v2\/posts"}],"about":[{"href":"https:\/\/www.europesays.com\/fr\/wp-json\/wp\/v2\/types\/post"}],"author":[{"embeddable":true,"href":"https:\/\/www.europesays.com\/fr\/wp-json\/wp\/v2\/users\/2"}],"replies":[{"embeddable":true,"href":"https:\/\/www.europesays.com\/fr\/wp-json\/wp\/v2\/comments?post=147744"}],"version-history":[{"count":0,"href":"https:\/\/www.europesays.com\/fr\/wp-json\/wp\/v2\/posts\/147744\/revisions"}],"wp:featuredmedia":[{"embeddable":true,"href":"https:\/\/www.europesays.com\/fr\/wp-json\/wp\/v2\/media\/147745"}],"wp:attachment":[{"href":"https:\/\/www.europesays.com\/fr\/wp-json\/wp\/v2\/media?parent=147744"}],"wp:term":[{"taxonomy":"category","embeddable":true,"href":"https:\/\/www.europesays.com\/fr\/wp-json\/wp\/v2\/categories?post=147744"},{"taxonomy":"post_tag","embeddable":true,"href":"https:\/\/www.europesays.com\/fr\/wp-json\/wp\/v2\/tags?post=147744"}],"curies":[{"name":"wp","href":"https:\/\/api.w.org\/{rel}","templated":true}]}}