{"id":147748,"date":"2025-06-03T01:27:09","date_gmt":"2025-06-03T01:27:09","guid":{"rendered":"https:\/\/www.europesays.com\/fr\/147748\/"},"modified":"2025-06-03T01:27:09","modified_gmt":"2025-06-03T01:27:09","slug":"jocelyn-baguelin-une-reprise-a-la-maison-actualite","status":"publish","type":"post","link":"https:\/\/www.europesays.com\/fr\/147748\/","title":{"rendered":"Jocelyn Baguelin, une reprise \u00e0 la maison &#8211; Actualit\u00e9"},"content":{"rendered":"<p style=\"text-align: justify;\"><strong>Il a retrouv\u00e9 la comp\u00e9tition la semaine pass\u00e9e sur ses routes d\u2019entra\u00eenements. Pendant quatre jours, Jocelyn Baguelin a disput\u00e9 les Boucles de la Mayenne, \u00e0 domicile, alors qu\u2019il n\u2019avait plus couru depuis un mois et sa participation au Tour de Bretagne. \u201cLe d\u00e9but de saison s\u2019\u00e9tait bien pass\u00e9 apr\u00e8s un hiver durant lequel j\u2019ai bien travaill\u00e9. Mais j\u2019ai ensuite encha\u00een\u00e9 plusieurs chutes qui m\u2019ont frein\u00e9 dans mon \u00e9lan puis j\u2019ai surtout eu la mononucl\u00e9ose\u201d, raconte le coureur de Wagner Bazin WB aupr\u00e8s de DirectVelo au moment d\u2019\u00e9voquer sa premi\u00e8re partie d\u2019exercice 2025. \u201cJ\u2019ai appris que j\u2019avais la mono juste avant le Tour de Bretagne via une prise de sang. En fait, j\u2019avais des g\u00eanes respiratoires depuis d\u00e9but avril. Au d\u00e9but, je ne m\u2019inqui\u00e9tais pas trop, je pensais que \u00e7a allait revenir. Mais au final, j\u2019\u00e9tais toujours emb\u00eat\u00e9, j\u2019ai vu le m\u00e9decin du sport \u00e0 Laval, je n\u2019avais plus de forces et j\u2019ai fini par comprendre ce qui n\u2019allait pas\u2026\u201d.<br \/>Le Mayennais a ainsi \u00e9t\u00e9 \u201coblig\u00e9 de couper\u201d plusieurs semaines mais il sent d\u00e9j\u00e0 que \u201cla forme revient\u201d et s\u2019en satisfait. \u201cPour une reprise, ce n\u2019est pas si mal\u201d. Malgr\u00e9 ce coup d\u2019arr\u00eat, l\u2019athl\u00e8te de 26 ans &#8211; qui d\u00e9couvre le monde professionnel cette ann\u00e9e apr\u00e8s avoir \u00e9volu\u00e9 chez Morbihan Adris Gwendal Oliveux &#8211; a pris \u201cplaisir\u201d \u00e0 \u00e9voluer \u00e0 domicile, lui qui encha\u00eenera ensuite avec la Route d\u2019Occitanie.<br \/>Jocelyn Baguelin le sait : il reste encore beaucoup de travail avant d\u2019esp\u00e9rer \u00eatre v\u00e9ritablement comp\u00e9titif sous le maillot de la ProTeam belge, qu\u2019il avait rejoint cet hiver via son entra\u00eeneur Jacques Decrion, qui l\u2019a mis en relation avec le staff des deux structures Wagner et Bingoal, avant la fusion. \u201cJ\u2019ai pass\u00e9 un test chez eux et il s\u2019est av\u00e9r\u00e9 qu\u2019il a \u00e9t\u00e9 concluant\u201d. Toujours est-il que le niveau \u201ctr\u00e8s relev\u00e9\u201d le pousse donc \u00e0 toujours travailler davantage. \u201cIl faut tout maximiser sur les \u00e0-c\u00f4t\u00e9s ; l\u2019alimentation, le sommeil\u2026 Il faut \u00eatre \u00e0 la pointe\u201d.<\/strong><\/p>\n","protected":false},"excerpt":{"rendered":"Il a retrouv\u00e9 la comp\u00e9tition la semaine pass\u00e9e sur ses routes d\u2019entra\u00eenements. Pendant quatre jours, Jocelyn Baguelin a&hellip;\n","protected":false},"author":2,"featured_media":147749,"comment_status":"","ping_status":"","sticky":false,"template":"","format":"standard","meta":{"footnotes":""},"categories":[1411],"tags":[834,828,836,829,837,827,83,826,824,823,1154,207,814,817,815,816,822,821,832,211,839,1011,27,820,818,819,835,831,830,833,838,60,212,208,825],"class_list":{"0":"post-147748","1":"post","2":"type-post","3":"status-publish","4":"format-standard","5":"has-post-thumbnail","7":"category-cyclisme","8":"tag-attaque","9":"tag-belgique","10":"tag-braquet","11":"tag-bretagne","12":"tag-chute","13":"tag-competition","14":"tag-coupe-de-france","15":"tag-coureur","16":"tag-course-cyclisme","17":"tag-course-cycliste","18":"tag-cycling","19":"tag-cyclisme","20":"tag-direct","21":"tag-direct-velo","22":"tag-directvelo","23":"tag-directvelo-com","24":"tag-epreuve","25":"tag-epreuve-cycliste","26":"tag-federation-francaise-de-cyclisme","27":"tag-ffc","28":"tag-flandres","29":"tag-fr","30":"tag-france","31":"tag-live","32":"tag-live-course","33":"tag-live-epreuve","34":"tag-peloton","35":"tag-radio-peloton","36":"tag-radio-tour","37":"tag-ravitaillement","38":"tag-relance","39":"tag-sports","40":"tag-uci","41":"tag-velo","42":"tag-velos"},"share_on_mastodon":{"url":"https:\/\/pubeurope.com\/@fr\/114616837307684070","error":""},"_links":{"self":[{"href":"https:\/\/www.europesays.com\/fr\/wp-json\/wp\/v2\/posts\/147748","targetHints":{"allow":["GET"]}}],"collection":[{"href":"https:\/\/www.europesays.com\/fr\/wp-json\/wp\/v2\/posts"}],"about":[{"href":"https:\/\/www.europesays.com\/fr\/wp-json\/wp\/v2\/types\/post"}],"author":[{"embeddable":true,"href":"https:\/\/www.europesays.com\/fr\/wp-json\/wp\/v2\/users\/2"}],"replies":[{"embeddable":true,"href":"https:\/\/www.europesays.com\/fr\/wp-json\/wp\/v2\/comments?post=147748"}],"version-history":[{"count":0,"href":"https:\/\/www.europesays.com\/fr\/wp-json\/wp\/v2\/posts\/147748\/revisions"}],"wp:featuredmedia":[{"embeddable":true,"href":"https:\/\/www.europesays.com\/fr\/wp-json\/wp\/v2\/media\/147749"}],"wp:attachment":[{"href":"https:\/\/www.europesays.com\/fr\/wp-json\/wp\/v2\/media?parent=147748"}],"wp:term":[{"taxonomy":"category","embeddable":true,"href":"https:\/\/www.europesays.com\/fr\/wp-json\/wp\/v2\/categories?post=147748"},{"taxonomy":"post_tag","embeddable":true,"href":"https:\/\/www.europesays.com\/fr\/wp-json\/wp\/v2\/tags?post=147748"}],"curies":[{"name":"wp","href":"https:\/\/api.w.org\/{rel}","templated":true}]}}