{"id":147771,"date":"2025-06-03T01:39:04","date_gmt":"2025-06-03T01:39:04","guid":{"rendered":"https:\/\/www.europesays.com\/fr\/147771\/"},"modified":"2025-06-03T01:39:04","modified_gmt":"2025-06-03T01:39:04","slug":"ia-le-patron-de-google-deepmind-deplore-labsence-de-cooperation-internationale-02-06-2025-a-2046","status":"publish","type":"post","link":"https:\/\/www.europesays.com\/fr\/147771\/","title":{"rendered":"IA: le patron de Google Deepmind d\u00e9plore l&rsquo;absence de coop\u00e9ration internationale &#8211; 02\/06\/2025 \u00e0 20:46"},"content":{"rendered":"<p>        <img fetchpriority=\"high\" decoding=\"async\" src=\"https:\/\/www.europesays.com\/fr\/wp-content\/uploads\/2025\/06\/ea70e67fffe6fc474aa7b7a969281be2-760x507.jpg\" alt=\"( AFP \/ JONATHAN NACKSTRAND )\" loading=\"eager\" width=\"760\" height=\"507\" style=\"max-width: 100%!important; height: auto;\"\/><\/p>\n<p class=\"c-image-news__legend\">( AFP \/ JONATHAN NACKSTRAND )<\/p>\n<p>\n Le pionnier de l&rsquo;intelligence artificielle et directeur de Google Deepmind, Demis Hassabis, a regrett\u00e9 lundi l&rsquo;absence de coop\u00e9ration internationale dans la r\u00e9gulation de l&rsquo;IA, un objectif qu&rsquo;il juge \u00ab\u00a0difficile\u00a0\u00bb \u00e0 atteindre \u00ab\u00a0dans le contexte g\u00e9opolitique actuel\u00a0\u00bb.\n<\/p>\n<p>\n \u00ab\u00a0La chose la plus importante, c\u2019est qu\u2019il faut une coop\u00e9ration internationale. Parce que cette technologie traverse toutes les fronti\u00e8res. Elle sera appliqu\u00e9e dans tous les pays\u00a0\u00bb, a-t-il d\u00e9clar\u00e9 lors d&rsquo;une intervention au festival South by Southwest (SXSW) de Londres, \u00e9voquant notamment l&rsquo;intelligence artificielle g\u00e9n\u00e9rale (AGI) &#8211;d\u00e9signant une IA aussi intelligente que des humains.\n<\/p>\n<p>\n \u00ab\u00a0De nombreux pays participent \u00e0 la recherche, \u00e0 la construction de centres de donn\u00e9es ou \u00e0 l\u2019h\u00e9bergement de ces technologies. Donc, pour que cela ait un sens, il faut une certaine forme de coop\u00e9ration ou de collaboration internationale. Et malheureusement, cela semble assez difficile dans le contexte g\u00e9opolitique actuel\u00a0\u00bb, a ajout\u00e9 le patron de Google Deepmind, le laboratoire d&rsquo;IA du g\u00e9ant californien.\n<\/p>\n<p>\n Au moment o\u00f9 l&rsquo;IA s\u2019impose dans tous les secteurs, ses usages soul\u00e8vent des questions \u00e9thiques majeures, entre d\u00e9sinformation, impact sur l&#8217;emploi ou encore perte de contr\u00f4le technologique, sans que les Etats parviennent \u00e0 s&rsquo;entendre en mati\u00e8re de r\u00e9gulation, notamment en raison des enjeux commerciaux.\n<\/p>\n<p>\n Lors du sommet de Paris sur l&rsquo;intelligence artificielle en f\u00e9vrier, 58 pays, dont la Chine, la France et l&rsquo;Inde (les co-organisateurs), ainsi que l&rsquo;Union europ\u00e9enne et la Commission de l&rsquo;Union africaine, s&rsquo;\u00e9taient prononc\u00e9s pour une coordination renforc\u00e9e de la gouvernance de l&rsquo;IA, appelant \u00e0 \u00e9viter \u00ab\u00a0une concentration du march\u00e9\u00a0\u00bb afin que cette technologie soit plus accessible.\n<\/p>\n<p>\n Mais les Etats-Unis avaient appel\u00e9 \u00e0 limiter la r\u00e9gulation pour \u00ab\u00a0ne pas tuer une industrie en plein essor\u00a0\u00bb, qu&rsquo;ils dominent, et avaient refuser de signer l&rsquo;appel sur une IA \u00ab\u00a0ouverte\u00a0\u00bb, \u00ab\u00a0inclusive\u00a0\u00bb et \u00ab\u00a0\u00e9thique\u00a0\u00bb &#8211;tout comme le Royaume-Uni.\n<\/p>\n<p>\n M. Hassabis a plaid\u00e9 lundi pour la mise en place d'\u00a0\u00bbune r\u00e9gulation intelligente, adaptable. Parce que nous ne savons pas encore o\u00f9 cette technologie va r\u00e9ellement nous mener ni quels seront, au final, les probl\u00e8mes.\u00a0\u00bb<\/p>\n","protected":false},"excerpt":{"rendered":"( AFP \/ JONATHAN NACKSTRAND ) Le pionnier de l&rsquo;intelligence artificielle et directeur de Google Deepmind, Demis Hassabis,&hellip;\n","protected":false},"author":2,"featured_media":147772,"comment_status":"","ping_status":"","sticky":false,"template":"","format":"standard","meta":{"footnotes":""},"categories":[6],"tags":[400,398,408,35,405,33,34,1011,27,403,402,399,404,401,406,407],"class_list":{"0":"post-147771","1":"post","2":"type-post","3":"status-publish","4":"format-standard","5":"has-post-thumbnail","7":"category-economie","8":"tag-action-cac-40","9":"tag-bourse-de-paris","10":"tag-boursorama","11":"tag-business","12":"tag-cotations","13":"tag-economie","14":"tag-economy","15":"tag-fr","16":"tag-france","17":"tag-indices-devises","18":"tag-investir","19":"tag-investissement","20":"tag-marche-boursier","21":"tag-sicav","22":"tag-trackers","23":"tag-warrants"},"share_on_mastodon":{"url":"https:\/\/pubeurope.com\/@fr\/114616884797446864","error":""},"_links":{"self":[{"href":"https:\/\/www.europesays.com\/fr\/wp-json\/wp\/v2\/posts\/147771","targetHints":{"allow":["GET"]}}],"collection":[{"href":"https:\/\/www.europesays.com\/fr\/wp-json\/wp\/v2\/posts"}],"about":[{"href":"https:\/\/www.europesays.com\/fr\/wp-json\/wp\/v2\/types\/post"}],"author":[{"embeddable":true,"href":"https:\/\/www.europesays.com\/fr\/wp-json\/wp\/v2\/users\/2"}],"replies":[{"embeddable":true,"href":"https:\/\/www.europesays.com\/fr\/wp-json\/wp\/v2\/comments?post=147771"}],"version-history":[{"count":0,"href":"https:\/\/www.europesays.com\/fr\/wp-json\/wp\/v2\/posts\/147771\/revisions"}],"wp:featuredmedia":[{"embeddable":true,"href":"https:\/\/www.europesays.com\/fr\/wp-json\/wp\/v2\/media\/147772"}],"wp:attachment":[{"href":"https:\/\/www.europesays.com\/fr\/wp-json\/wp\/v2\/media?parent=147771"}],"wp:term":[{"taxonomy":"category","embeddable":true,"href":"https:\/\/www.europesays.com\/fr\/wp-json\/wp\/v2\/categories?post=147771"},{"taxonomy":"post_tag","embeddable":true,"href":"https:\/\/www.europesays.com\/fr\/wp-json\/wp\/v2\/tags?post=147771"}],"curies":[{"name":"wp","href":"https:\/\/api.w.org\/{rel}","templated":true}]}}