{"id":147773,"date":"2025-06-03T01:40:09","date_gmt":"2025-06-03T01:40:09","guid":{"rendered":"https:\/\/www.europesays.com\/fr\/147773\/"},"modified":"2025-06-03T01:40:09","modified_gmt":"2025-06-03T01:40:09","slug":"premeditation-soutien-a-gaza-que-sait-on-sur-lattaque-aux-cocktails-molotov-dans-le-colorado","status":"publish","type":"post","link":"https:\/\/www.europesays.com\/fr\/147773\/","title":{"rendered":"pr\u00e9m\u00e9ditation, soutien \u00e0 Gaza\u2026 Que sait-on sur l\u2019attaque aux cocktails Molotov dans le Colorado\u00a0?"},"content":{"rendered":"<p>Une <a href=\"https:\/\/www.20minutes.fr\/monde\/etats-unis\/4156349-20250602-etats-unis-attaque-terroriste-ciblee-lors-marche-otages-gaza\" class=\"color-ultramarine c-link\" target=\"_blank\" rel=\"noopener\">marche pacifique en soutien aux otages isra\u00e9liens retenus \u00e0 Gaza a vir\u00e9 au cauchemar<\/a>, dimanche 1er\u00a0juin, \u00e0 Boulder, dans le Colorado. Douze personnes ont \u00e9t\u00e9 bless\u00e9es par des cocktails Molotov et un lance-flammes artisanal.<\/p>\n<p>Le suspect, Mohamed Sabry Soliman, 45 ans, de nationalit\u00e9 \u00e9gyptienne, a \u00e9t\u00e9 interpell\u00e9 sur place. Il aurait cri\u00e9 \u00ab\u00a0Free <a href=\"https:\/\/www.20minutes.fr\/monde\/palestine\/\" class=\"color-ultramarine c-link\" target=\"_blank\" rel=\"noopener\">Palestine<\/a>\u00a0\u00bb et \u00ab\u00a0End Zionists\u00a0\u00bb pendant l\u2019attaque. Le FBI parle d\u2019un \u00ab\u00a0acte terroriste cibl\u00e9\u00a0\u00bb et d\u2019un crime motiv\u00e9 par haine.<\/p>\n<\/p>\n<p>L\u2019attaque \u00e9tait pr\u00e9m\u00e9dit\u00e9e depuis au moins un an<\/p>\n<p>Selon le FBI, Mohamed Sabry Soliman pr\u00e9parait son geste depuis un an. Il aurait expliqu\u00e9 aux enqu\u00eateurs qu\u2019il voulait \u00ab\u00a0tuer tous les sionistes\u00a0\u00bb et qu\u2019il \u00ab\u00a0recommencerait\u00a0\u00bb. L\u2019attaque qualifi\u00e9e de \u00ab\u00a0terroriste\u00a0\u00bb par le FBI, est poursuivie juridiquement comme un crime motiv\u00e9 par la haine car en l\u2019absence de lien avec une organisation terroriste \u00e9trang\u00e8re, les lois f\u00e9d\u00e9rales ne permettent pas d\u2019engager de poursuites pour terrorisme domestique.<\/p>\n<p>Refus\u00e9 \u00e0 l\u2019entr\u00e9e des \u00c9tats-Unis en\u00a02005, Mohamed Sabry Soliman \u00e9tait entr\u00e9 l\u00e9galement en\u00a02022 avec un visa touristique, expir\u00e9 en\u00a02023. Il avait ensuite demand\u00e9 l\u2019asile, en attendant une r\u00e9gularisation.<\/p>\n<p>Une survivante de l\u2019Holocauste parmi les victimes<\/p>\n<p>Parmi les bless\u00e9s, des personnes \u00e2g\u00e9es de 52 \u00e0 88 ans, parmi lesquelles une survivante de la Shoah et un professeur d\u2019universit\u00e9 selon le rabbin Isra\u00ebl Wilhelm, directeur du Chabad de l\u2019Universit\u00e9 du Colorado. Elle avait fui l\u2019<a href=\"https:\/\/www.20minutes.fr\/dossier\/europe\" class=\"color-ultramarine c-link\" target=\"_blank\" rel=\"noopener\">Europe<\/a> pendant la <a href=\"https:\/\/www.20minutes.fr\/dossier\/seconde_guerre_mondiale\" class=\"color-ultramarine c-link\" target=\"_blank\" rel=\"noopener\">Seconde Guerre mondiale<\/a>. \u00ab\u00a0C\u2019est une personne tr\u00e8s aimante\u00a0\u00bb, a-t-il t\u00e9moign\u00e9 aupr\u00e8s de <a href=\"https:\/\/www.cbsnews.com\/colorado\/news\/colorado-police-responding-to-boulder-pearl-street-mall-attack-multiple-injured\/\" target=\"_blank\" class=\"color-ultramarine c-link\" rel=\"noopener\">CBS Colorado<\/a>. Une autre victime est professeur \u00e0 l\u2019universit\u00e9. Deux personnes sont toujours hospitalis\u00e9es dans un \u00e9tat grave. Des t\u00e9moins parlent de cris, flammes et personnes en feu, dans un moment de panique extr\u00eame.<\/p>\n<p>Un total de 16 cocktails Molotov non utilis\u00e9s a \u00e9t\u00e9 retrouv\u00e9 pr\u00e8s du lieu de l\u2019attaque. Le suspect avait aussi un pulv\u00e9risateur de jardin rempli d\u2019essence utilis\u00e9 comme lance-flammes.<\/p>\n<p class=\"mb-m@xs text-l@xs\">En cliquant sur\u00ab J\u2019accepte \u00bb, vous acceptez le d\u00e9p\u00f4t de cookies par des services externes et aurez ainsi acc\u00e8s aux contenus de nos partenaires.<\/p>\n<p class=\"mb-xl@xs text-s@xs\">Plus d\u2019informations sur la page<a href=\"https:\/\/www.20minutes.fr\/gestion-cookies\" class=\"mx-xxs@xs color-ultramarine\" target=\"_blank\" rel=\"noopener\">Politique de gestion des cookies<\/a><\/p>\n<p>J\u2019accepteDes r\u00e9actions politiques imm\u00e9diates<\/p>\n<p>Les autorit\u00e9s locales et nationales ont imm\u00e9diatement r\u00e9agi. La ministre de la Justice, Pamela Bondi, a d\u00e9nonc\u00e9 une attaque antis\u00e9mite \u00ab\u00a0abjecte\u00a0\u00bb. <a href=\"https:\/\/www.20minutes.fr\/monde\/etats-unis\/4127645-20241209-etats-unis-gouverneurs-colorado-illinois-lancent-alliance-proteger-democratie-americaine\" class=\"color-ultramarine c-link\" target=\"_blank\" rel=\"noopener\">Le gouverneur du Colorado<\/a> a parl\u00e9 d\u2019un \u00ab\u00a0acte de haine cibl\u00e9\u00a0\u00bb, survenu la veille de la f\u00eate juive de Shavouot. Le pr\u00e9sident am\u00e9ricain <a href=\"https:\/\/www.20minutes.fr\/dossier\/donald_trump\" class=\"color-ultramarine c-link\" target=\"_blank\" rel=\"noopener\">Donald Trump<\/a> a indiqu\u00e9 sur son r\u00e9seau social, TruthSocial, que les attaques de Boulder \u00ab\u00a0ne seront pas tol\u00e9r\u00e9s\u00a0\u00bb et que le suspect \u00e9tait entr\u00e9 aux \u00c9tats-Unis gr\u00e2ce \u00e0 la politique de \u00ab\u00a0fronti\u00e8res ouvertes\u00a0\u00bb de <a href=\"https:\/\/www.20minutes.fr\/dossier\/joe_biden\" class=\"color-ultramarine c-link\" target=\"_blank\" rel=\"noopener\">Joe Biden<\/a>.<\/p>\n<p>L\u2019auteur risque la prison \u00e0 vie pour crime f\u00e9d\u00e9ral motiv\u00e9 par la haine. Il est \u00e9galement inculp\u00e9 de 16 tentatives de meurtre au niveau de l\u2019\u00c9tat, ce qui pourrait lui valoir jusqu\u2019\u00e0 384 ans de prison.<\/p>\n<p><a href=\"https:\/\/www.20minutes.fr\/monde\/etats-unis\/\" class=\"c-link c-btn c-btn--primary\" target=\"_blank\" rel=\"noopener\">Consulter notre dossier sur les \u00c9tats-Unis<\/a>Une communaut\u00e9 juive sous le choc<\/p>\n<p>L\u2019\u00e9v\u00e9nement vis\u00e9, un rassemblement de l\u2019organisation Run for Their Lives, qui rend hommage aux otages isra\u00e9liens d\u00e9tenus \u00e0 Gaza chaque semaine dans cette rue pi\u00e9tonne de la petite ville universitaire de Boulder \u00e9tait jusqu\u2019ici sans incidents. Le rabbin local parle d\u2019une communaut\u00e9 \u00ab\u00a0traumatis\u00e9e, bless\u00e9e et apeur\u00e9e\u00a0\u00bb.<\/p>\n<p>Des renforts policiers ont \u00e9t\u00e9 d\u00e9ploy\u00e9s autour des synagogues, \u00e9coles juives et lieux communautaires. Le <a href=\"https:\/\/www.20minutes.fr\/dossier\/fbi\" class=\"color-ultramarine c-link\" target=\"_blank\" rel=\"noopener\">FBI<\/a> continue d\u2019enqu\u00eater pour savoir si d\u2019autres complices ont aid\u00e9 Mohamed Sabry Soliman.<\/p>\n","protected":false},"excerpt":{"rendered":"Une marche pacifique en soutien aux otages isra\u00e9liens retenus \u00e0 Gaza a vir\u00e9 au cauchemar, dimanche 1er\u00a0juin, \u00e0&hellip;\n","protected":false},"author":2,"featured_media":147774,"comment_status":"","ping_status":"","sticky":false,"template":"","format":"standard","meta":{"footnotes":""},"categories":[5],"tags":[47,11,27696,73,118,1011,27,665,14,74,12,10775,28],"class_list":{"0":"post-147773","1":"post","2":"type-post","3":"status-publish","4":"format-standard","5":"has-post-thumbnail","7":"category-international","8":"tag-actualite","9":"tag-actualites","10":"tag-colorado","11":"tag-etats-unis","12":"tag-faits-divers","13":"tag-fr","14":"tag-france","15":"tag-gaza","16":"tag-international","17":"tag-monde","18":"tag-news","19":"tag-shoah","20":"tag-world"},"share_on_mastodon":{"url":"https:\/\/pubeurope.com\/@fr\/114616888500328178","error":""},"_links":{"self":[{"href":"https:\/\/www.europesays.com\/fr\/wp-json\/wp\/v2\/posts\/147773","targetHints":{"allow":["GET"]}}],"collection":[{"href":"https:\/\/www.europesays.com\/fr\/wp-json\/wp\/v2\/posts"}],"about":[{"href":"https:\/\/www.europesays.com\/fr\/wp-json\/wp\/v2\/types\/post"}],"author":[{"embeddable":true,"href":"https:\/\/www.europesays.com\/fr\/wp-json\/wp\/v2\/users\/2"}],"replies":[{"embeddable":true,"href":"https:\/\/www.europesays.com\/fr\/wp-json\/wp\/v2\/comments?post=147773"}],"version-history":[{"count":0,"href":"https:\/\/www.europesays.com\/fr\/wp-json\/wp\/v2\/posts\/147773\/revisions"}],"wp:featuredmedia":[{"embeddable":true,"href":"https:\/\/www.europesays.com\/fr\/wp-json\/wp\/v2\/media\/147774"}],"wp:attachment":[{"href":"https:\/\/www.europesays.com\/fr\/wp-json\/wp\/v2\/media?parent=147773"}],"wp:term":[{"taxonomy":"category","embeddable":true,"href":"https:\/\/www.europesays.com\/fr\/wp-json\/wp\/v2\/categories?post=147773"},{"taxonomy":"post_tag","embeddable":true,"href":"https:\/\/www.europesays.com\/fr\/wp-json\/wp\/v2\/tags?post=147773"}],"curies":[{"name":"wp","href":"https:\/\/api.w.org\/{rel}","templated":true}]}}