{"id":147777,"date":"2025-06-03T01:42:14","date_gmt":"2025-06-03T01:42:14","guid":{"rendered":"https:\/\/www.europesays.com\/fr\/147777\/"},"modified":"2025-06-03T01:42:14","modified_gmt":"2025-06-03T01:42:14","slug":"leconomie-subit-les-premiers-degats-de-la-guerre-commerciale","status":"publish","type":"post","link":"https:\/\/www.europesays.com\/fr\/147777\/","title":{"rendered":"L\u2019\u00e9conomie subit les premiers d\u00e9g\u00e2ts de la guerre commerciale"},"content":{"rendered":"<p>Recul de la confiance, gel des investissements, hausse des prix\u2026 Les droits de douane commencent \u00e0 peser sur l\u2019activit\u00e9.<\/p>\n<p class=\"fig-paragraph\">Dans le sud de la Californie, les ports de Los\u00a0Angeles et de Long Beach traitent ensemble un tiers des conteneurs de fret qui arrivent dans le pays. Autant dire que ces ports jumeaux sont un indicateur cl\u00e9 de l\u2019\u00e9conomie am\u00e9ricaine. La premi\u00e8re semaine de mai, leur activit\u00e9 \u00e9tait en chute libre, avec une baisse de 35\u00a0% du volume de marchandises par rapport aux m\u00eames dates il y a un an. Dans un autre registre, une enqu\u00eate mondiale de l\u2019assureur cr\u00e9dit Allianz Trade est tout aussi inqui\u00e9tante. Elle r\u00e9v\u00e8le que 45\u00a0% des entreprises s\u2019attendent \u00e0 une chute de leur chiffre d\u2019affaires \u00e0 l\u2019export.<\/p>\n<p class=\"fig-paragraph\">La faute en revient \u00e0\u00a0<a href=\"http:\/\/www.lefigaro.fr\/conjoncture\/trump-jette-de-l-huile-sur-le-feu-et-ravive-la-guerre-commerciale-20250601\" data-fig-type=\"Article\" data-gtm-custom-categorie=\"navigation\" data-gtm-custom-action=\"crossclick\" data-gtm-custom-label=\"Contextuel\" data-gtm-event=\"customEventSPE\" data-fig-domain=\"LEFIGARO\" target=\"_blank\" rel=\"noopener\">la guerre commerciale, qui ne cesse pas<\/a>, loin de l\u00e0. En dix jours, Donald Trump a brandi deux fois sa menace favorite. Le 23\u00a0juin, il a inflig\u00e9 \u00e0 l\u2019Union europ\u00e9enne des droits de douane de 50\u00a0% sur les biens import\u00e9s aux \u00c9tats-Unis avant de revenir en arri\u00e8re. Vendredi, il a annonc\u00e9 des taxes douani\u00e8res tout aussi prohibitives sur les importations d\u2019acier et d\u2019aluminium, \u00e0 partir du\u2026<\/p>\n<p class=\"fig-premium-paywall__infos\">\n        Cet article est r\u00e9serv\u00e9 aux abonn\u00e9s.        Il vous reste 86% \u00e0 d\u00e9couvrir.\n    <\/p>\n<p>                <img  data- alt=\"Le Figaro\" class=\"fig-img--complete fig-img\"\/><\/p>\n<p class=\"fig-premium-paywall__title\">Vente Flash<\/p>\n<p class=\"fig-premium-paywall__subtitle\">4,99\u20ac par mois pendant 12 mois. Sans engagement.<\/p>\n<p class=\"fig-premium-paywall__connect\">\n                D\u00e9j\u00e0 abonn\u00e9\u00a0?                <a class=\"fig-premium-paywall__connect-link\" href=\"https:\/\/connect.lefigaro.fr\/login?client=horizon_web&amp;type=main&amp;redirect_uri=https%3A%2F%2Fwww.lefigaro.fr%2Fconjoncture%2Fl-economie-subit-les-premiers-degats-de-la-guerre-commerciale-20250602\" data-js-gtm=\"{&quot;customCategorie&quot;: &quot;conversion&quot;, &quot;customAction&quot;: &quot;before_Landing_Connexion_paywall_auto&quot;, &quot;customLabel&quot;: &quot;bGVmaWdhcm8uZnJfXzFmMDNhM2JhLTk4YjktNmMxYy04MDlhLTcxYTU1ZDA3NWQwYl9fQXJ0aWNsZQ==_L\u2019\u00e9conomie subit les premiers d\u00e9g\u00e2ts de la guerre commerciale_405&quot;, &quot;customIDSPE&quot;: &quot;bGVmaWdhcm8uZnJfXzFmMDNhM2JhLTk4YjktNmMxYy04MDlhLTcxYTU1ZDA3NWQwYl9fQXJ0aWNsZQ==&quot;, &quot;event&quot;: &quot;customEventSPE&quot;}\" target=\"_blank\" rel=\"noopener\"><br \/>\n                    Connectez-vous<br \/>\n                <\/a>\n            <\/p>\n","protected":false},"excerpt":{"rendered":"Recul de la confiance, gel des investissements, hausse des prix\u2026 Les droits de douane commencent \u00e0 peser sur&hellip;\n","protected":false},"author":2,"featured_media":147778,"comment_status":"","ping_status":"","sticky":false,"template":"","format":"standard","meta":{"footnotes":""},"categories":[2],"tags":[339,11,340,343,345,350,130,344,352,349,75,33,341,313,674,1011,27,346,1074,342,353,351,347,12,348,354],"class_list":{"0":"post-147777","1":"post","2":"type-post","3":"status-publish","4":"format-standard","5":"has-post-thumbnail","7":"category-actualites","8":"tag-actualite-economique","9":"tag-actualites","10":"tag-bourse","11":"tag-cac-40","12":"tag-chef-dentreprise","13":"tag-concurrence","14":"tag-consommation","15":"tag-creation-dentreprise","16":"tag-crise","17":"tag-delocalisations","18":"tag-donald-trump","19":"tag-economie","20":"tag-emploi","21":"tag-entreprises","22":"tag-europe","23":"tag-fr","24":"tag-france","25":"tag-grands-patrons","26":"tag-guerre-commerciale","27":"tag-impots","28":"tag-licenciements","29":"tag-monopole","30":"tag-multinationales","31":"tag-news","32":"tag-privatisation","33":"tag-unio"},"share_on_mastodon":{"url":"https:\/\/pubeurope.com\/@fr\/114616896296794752","error":""},"_links":{"self":[{"href":"https:\/\/www.europesays.com\/fr\/wp-json\/wp\/v2\/posts\/147777","targetHints":{"allow":["GET"]}}],"collection":[{"href":"https:\/\/www.europesays.com\/fr\/wp-json\/wp\/v2\/posts"}],"about":[{"href":"https:\/\/www.europesays.com\/fr\/wp-json\/wp\/v2\/types\/post"}],"author":[{"embeddable":true,"href":"https:\/\/www.europesays.com\/fr\/wp-json\/wp\/v2\/users\/2"}],"replies":[{"embeddable":true,"href":"https:\/\/www.europesays.com\/fr\/wp-json\/wp\/v2\/comments?post=147777"}],"version-history":[{"count":0,"href":"https:\/\/www.europesays.com\/fr\/wp-json\/wp\/v2\/posts\/147777\/revisions"}],"wp:featuredmedia":[{"embeddable":true,"href":"https:\/\/www.europesays.com\/fr\/wp-json\/wp\/v2\/media\/147778"}],"wp:attachment":[{"href":"https:\/\/www.europesays.com\/fr\/wp-json\/wp\/v2\/media?parent=147777"}],"wp:term":[{"taxonomy":"category","embeddable":true,"href":"https:\/\/www.europesays.com\/fr\/wp-json\/wp\/v2\/categories?post=147777"},{"taxonomy":"post_tag","embeddable":true,"href":"https:\/\/www.europesays.com\/fr\/wp-json\/wp\/v2\/tags?post=147777"}],"curies":[{"name":"wp","href":"https:\/\/api.w.org\/{rel}","templated":true}]}}