{"id":147783,"date":"2025-06-03T01:45:41","date_gmt":"2025-06-03T01:45:41","guid":{"rendered":"https:\/\/www.europesays.com\/fr\/147783\/"},"modified":"2025-06-03T01:45:41","modified_gmt":"2025-06-03T01:45:41","slug":"les-jets-deau-du-parc-de-la-pepiniere-sont-de-retour","status":"publish","type":"post","link":"https:\/\/www.europesays.com\/fr\/147783\/","title":{"rendered":"les jets d\u2019eau du parc de la p\u00e9pini\u00e8re sont de retour"},"content":{"rendered":"\n<p>M\u00eame si la m\u00e9t\u00e9o des prochains jours ne sera pas vraiment estivale. On esp\u00e8re toujours un \u00e9t\u00e9 chaud et ensoleill\u00e9 en Lorraine.<\/p>\n<p>\u00c0 <strong>Nancy<\/strong>, depuis 2022, la Municipalit\u00e9 a mis en place des jets d\u2019eau dans le parc de la P\u00e9pini\u00e8re. La bonne id\u00e9e pour se rafra\u00eechir lorsque le mercure augmente dans la r\u00e9gion.<\/p>\n<p>Les premiers <strong>jets d\u2019eau <\/strong>ont bien \u00e9t\u00e9 mis en route ce week-end pour le plus grand plaisir des passants.\u00a0<\/p>\n","protected":false},"excerpt":{"rendered":"M\u00eame si la m\u00e9t\u00e9o des prochains jours ne sera pas vraiment estivale. On esp\u00e8re toujours un \u00e9t\u00e9 chaud&hellip;\n","protected":false},"author":2,"featured_media":147784,"comment_status":"","ping_status":"","sticky":false,"template":"","format":"standard","meta":{"footnotes":""},"categories":[9635],"tags":[17,1111,11,2883,1777,674,1011,27,775,27697,3687,776,2565,3457,1702,12,153,11014,5778,9666,25],"class_list":{"0":"post-147783","1":"post","2":"type-post","3":"status-publish","4":"format-standard","5":"has-post-thumbnail","7":"category-nancy","8":"tag-17","9":"tag-actu","10":"tag-actualites","11":"tag-ete","12":"tag-eu","13":"tag-europe","14":"tag-fr","15":"tag-france","16":"tag-grand-est","17":"tag-jet-deau","18":"tag-juin","19":"tag-lorraine","20":"tag-mai","21":"tag-meurthe-et-moselle","22":"tag-nancy","23":"tag-news","24":"tag-parc","25":"tag-parc-de-la-pepiniere","26":"tag-pepinieres","27":"tag-plaisir","28":"tag-republique-francaise"},"share_on_mastodon":{"url":"https:\/\/pubeurope.com\/@fr\/114616908107749901","error":""},"_links":{"self":[{"href":"https:\/\/www.europesays.com\/fr\/wp-json\/wp\/v2\/posts\/147783","targetHints":{"allow":["GET"]}}],"collection":[{"href":"https:\/\/www.europesays.com\/fr\/wp-json\/wp\/v2\/posts"}],"about":[{"href":"https:\/\/www.europesays.com\/fr\/wp-json\/wp\/v2\/types\/post"}],"author":[{"embeddable":true,"href":"https:\/\/www.europesays.com\/fr\/wp-json\/wp\/v2\/users\/2"}],"replies":[{"embeddable":true,"href":"https:\/\/www.europesays.com\/fr\/wp-json\/wp\/v2\/comments?post=147783"}],"version-history":[{"count":0,"href":"https:\/\/www.europesays.com\/fr\/wp-json\/wp\/v2\/posts\/147783\/revisions"}],"wp:featuredmedia":[{"embeddable":true,"href":"https:\/\/www.europesays.com\/fr\/wp-json\/wp\/v2\/media\/147784"}],"wp:attachment":[{"href":"https:\/\/www.europesays.com\/fr\/wp-json\/wp\/v2\/media?parent=147783"}],"wp:term":[{"taxonomy":"category","embeddable":true,"href":"https:\/\/www.europesays.com\/fr\/wp-json\/wp\/v2\/categories?post=147783"},{"taxonomy":"post_tag","embeddable":true,"href":"https:\/\/www.europesays.com\/fr\/wp-json\/wp\/v2\/tags?post=147783"}],"curies":[{"name":"wp","href":"https:\/\/api.w.org\/{rel}","templated":true}]}}