{"id":147794,"date":"2025-06-03T01:53:23","date_gmt":"2025-06-03T01:53:23","guid":{"rendered":"https:\/\/www.europesays.com\/fr\/147794\/"},"modified":"2025-06-03T01:53:23","modified_gmt":"2025-06-03T01:53:23","slug":"juge-de-ligne-a-roland-garros-cet-arbitre-de-lagglo-de-rouen-lance-un-appel","status":"publish","type":"post","link":"https:\/\/www.europesays.com\/fr\/147794\/","title":{"rendered":"Juge de ligne \u00e0 Roland-Garros, cet arbitre de l&rsquo;agglo de Rouen lance un appel"},"content":{"rendered":"<p>            Par<br \/>\n        <strong><br \/>\n            <a href=\"https:\/\/actu.fr\/auteur\/laredaction\" title=\"Consulter tous les articles de R\u00e9daction Normandie\" target=\"_blank\" rel=\"noopener\">R\u00e9daction Normandie<\/a><br \/>\n        <\/strong><\/p>\n<p>        Publi\u00e9 le<\/p>\n<p>            2 juin 2025 \u00e0 10h57        <\/p>\n<p>La petite balle jaune est une histoire de famille chez les Mangeon. P\u00e8re de Louis, <strong>meilleur joueur universitaire 2024<\/strong> sur la c\u00f4te est des \u00c9tats-Unis, Vincent Mangeon, originaire de Belbeuf, dans l\u2019agglo de Rouen, s\u2019est investi il y a douze ans dans l\u2019arbitrage. Il profite de Rolland-Garros pour lancer un appel aux bonnes volont\u00e9s.\u00a0<\/p>\n<p>Vincent Mangeon s\u2019est fait une place sur les tournois internationaux<\/p>\n<p class=\" wall-content\">\u00ab En papa pr\u00e9sent, je suivais mon fils, qui, \u00e0 l\u2019\u00e9poque, \u00e9tait pensionnaire du p\u00f4le Espoir du Mont-Saint-Aignan tennis-club. Ils avaient besoin d\u2019arbitres, car d\u00e8s le pr\u00e9 national, les clubs ont l\u2019obligation d\u2019avoir trois juges. Au fil des ann\u00e9es, j\u2019ai pass\u00e9 mes dipl\u00f4mes. Aujourd\u2019hui, je suis juge JAT2 et formateur FA2 \u00bb, retrace Vincent Mangeon.<\/p>\n<p class=\" wall-content\">Et de tournois locaux en r\u00e9gionaux, il s\u2019est fait sa place<strong> sur les lignes des grands tournois internationaux<\/strong> : il vient notamment d\u2019officier \u00e0 l\u2019Open Capfinances Rouen m\u00e9tropole WTA 250, \u00ab le deuxi\u00e8me plus gros tournoi f\u00e9minin en France.<strong> Et, l\u00e0, je pars pour mon huiti\u00e8me Roland-Garros<\/strong> \u00bb.<\/p>\n<p>Trouver des juges de chaise et de ligne<\/p>\n<p class=\" wall-content\">Il est tellement investi dans sa mission que la F\u00e9d\u00e9ration Fran\u00e7aise de Tennis l\u2019a nomm\u00e9 en novembre, en plus de son poste de responsable de la commission arbitrage au Comit\u00e9 d\u00e9partemental de tennis de la Seine-Maritime (CDT 76), pr\u00e9sident de la commission r\u00e9gionale d\u2019arbitrage \u00e0 la Ligue de Normandie. Avec la responsabilit\u00e9 de trouver des juges de chaise et de lignes pour les nombreuses comp\u00e9titions dans la r\u00e9gion, Vincent Mangeon doit aussi assurer leur formation et celle des formateurs.<\/p>\n<p>Une r\u00e9union de promotion de l\u2019arbitrage a eu lieu en Normandie<\/p>\n<p class=\" wall-content\">D\u2019ailleurs, pendant le WTA 250, il a men\u00e9 sa premi\u00e8re action de promotion. \u00ab Une r\u00e9union de promotion de l\u2019arbitrage, appel\u00e9e Initiative Badge Or, s\u2019est d\u00e9roul\u00e9e samedi 19 avril. L\u2019id\u00e9e \u00e9tait de faire se rencontrer le monde de l\u2019arbitrage professionnel, r\u00e9unissant des personnalit\u00e9s tr\u00e8s connues de l\u2019arbitrage f\u00e9d\u00e9ral fran\u00e7ais, et des \u00e9lus, des pr\u00e9sidents de clubs, des arbitres et des juges arbitres de notre ligue, ainsi que des passionn\u00e9s de tennis. Une r\u00e9union \u00e9quivalente avait d\u00e9j\u00e0 vu le jour en \u00cele-de-France il y a quelques semaines \u00e0 l\u2019initiative de la FFT, et ce n\u2019est pas sans une certaine fiert\u00e9 que la Normandie a accueilli la seconde \u00bb, souligne Vincent Mangeon.<\/p>\n<p>\u00ab Un d\u00e9bat int\u00e9ressant et instructif \u00bb<\/p>\n<p class=\" wall-content\">Une trentaine de personnes se sont ainsi r\u00e9unies pour \u00e9changer, non pas avec un, ni deux, mais trois Badges Or (il n\u2019en existe que 28 dans le monde, dont huit en France) de l\u2019arbitrage fran\u00e7ais, \u00e0 savoir Pascal Maria (juge-arbitre et ex-arbitre de chaise), Cl\u00e9ment Benedetti (chef des arbitres) et Pierre Bacchi (arbitre de chaise).<\/p>\n<p>    <img   decoding=\"async\" loading=\"lazy\" class=\"size-large\" src=\"https:\/\/www.europesays.com\/fr\/wp-content\/uploads\/2025\/06\/8782690bfa2867b82690bfa283f826v-960x640.jpg\" alt=\"Belbeuf VIncent Mangeon\" width=\"960\" height=\"640\"\/><br \/>\n    Pascal Maria, Cl\u00e9ment Benedetti et Pierre Bacchi ont r\u00e9pondu aux questions sur l\u2019arbitrage de haut niveau \u00a9DR<\/p>\n<p class=\" wall-content\">\u00ab Tout le monde a pu poser librement ses questions concernant l\u2019arbitrage en g\u00e9n\u00e9ral. Les intervenants ont r\u00e9ellement anim\u00e9 ce d\u00e9bat qui s\u2019est av\u00e9r\u00e9 tr\u00e8s int\u00e9ressant et instructif, de l\u2019avis des participants \u00bb, indique Vincent Mangeon.<\/p>\n<p>Manque de formateurs en arbitrage<\/p>\n<p class=\" wall-content\">Globalement, il constate qu\u2019 \u00ab en France, l\u2019arbitrage est d\u2019excellente qualit\u00e9, et en Normandie, il n\u2019est pas en difficult\u00e9. Nous avons beaucoup de demandes. On peut passer l\u2019examen d\u00e8s l\u2019\u00e2ge de 12 ans et apr\u00e8s, c\u2019est un parcours \u00e0 travers diff\u00e9rents tournois. On n\u2019est pas forc\u00e9ment oblig\u00e9 d\u2019\u00eatre un joueur, mais un licenci\u00e9 \u00bb, explique Vincent Mangeon. L\u2019ann\u00e9e derni\u00e8re, en Seine-Maritime, 80 arbitres ont \u00e9t\u00e9 dipl\u00f4m\u00e9s. \u00ab Ce dont on manque, c\u2019est de formateurs en arbitrage. Il faut avoir l\u2019exp\u00e9rience d\u2019arbitre et avoir pass\u00e9 le brevet FA \u00e0 FA3. \u00bb<\/p>\n<p class=\" wall-content\">\u00ab Finalement, l\u2019arbitrage est ouvert \u00e0 toutes les personnes motiv\u00e9es, m\u00eame en situation de handicap. Les int\u00e9ress\u00e9s peuvent se rapprocher de leurs clubs et pour les dirigeants, n\u2019h\u00e9sitez pas \u00e0 proposer cette voie \u00bb, conclut Vincent Mangeon.<\/p>\n<p>Informations : www.liguetennisnormandie.fr<\/p>\n<p>Suivez l\u2019actualit\u00e9 de Rouen <a href=\"https:\/\/www.whatsapp.com\/channel\/0029VaKfnf99hXF2ddApFB1D\" target=\"_blank\" rel=\"noopener\">sur notre cha\u00eene WhatsApp<\/a> et <a href=\"https:\/\/www.tiktok.com\/@76actu.fr?lang=fr\" target=\"_blank\" rel=\"noopener\">sur notre compte TikTok<\/a><\/p>\n<p class=\" wall-content\">Suivez toute l\u2019actualit\u00e9 de vos villes et m\u00e9dias favoris en vous inscrivant \u00e0 <a href=\"https:\/\/moncompte.actu.fr\" title=\"D\u00e9couvez Mon Actu\" rel=\"nofollow noopener\" data-trk=\"{&quot;cta&quot;:{&quot;action&quot;:&quot;https:\\\/\\\/moncompte.actu.fr&quot;,&quot;category&quot;:&quot;mon compte&quot;,&quot;from&quot;:&quot;article footer&quot;,&quot;name&quot;:&quot;Mon actu&quot;,&quot;type&quot;:&quot;cta&quot;}}\" target=\"_blank\">Mon Actu<\/a>.<\/p>\n<p>                    <script async src=\"\/\/www.tiktok.com\/embed.js\"><\/script><\/p>\n","protected":false},"excerpt":{"rendered":"Par R\u00e9daction Normandie Publi\u00e9 le 2 juin 2025 \u00e0 10h57 La petite balle jaune est une histoire de&hellip;\n","protected":false},"author":2,"featured_media":147795,"comment_status":"","ping_status":"","sticky":false,"template":"","format":"standard","meta":{"footnotes":""},"categories":[9587],"tags":[1111,11,1777,674,1011,27,12,5161,25,4171,9590,60,1467],"class_list":{"0":"post-147794","1":"post","2":"type-post","3":"status-publish","4":"format-standard","5":"has-post-thumbnail","7":"category-rouen","8":"tag-actu","9":"tag-actualites","10":"tag-eu","11":"tag-europe","12":"tag-fr","13":"tag-france","14":"tag-news","15":"tag-normandie","16":"tag-republique-francaise","17":"tag-roland-garros","18":"tag-rouen","19":"tag-sports","20":"tag-tennis"},"share_on_mastodon":{"url":"https:\/\/pubeurope.com\/@fr\/114616939494500876","error":""},"_links":{"self":[{"href":"https:\/\/www.europesays.com\/fr\/wp-json\/wp\/v2\/posts\/147794","targetHints":{"allow":["GET"]}}],"collection":[{"href":"https:\/\/www.europesays.com\/fr\/wp-json\/wp\/v2\/posts"}],"about":[{"href":"https:\/\/www.europesays.com\/fr\/wp-json\/wp\/v2\/types\/post"}],"author":[{"embeddable":true,"href":"https:\/\/www.europesays.com\/fr\/wp-json\/wp\/v2\/users\/2"}],"replies":[{"embeddable":true,"href":"https:\/\/www.europesays.com\/fr\/wp-json\/wp\/v2\/comments?post=147794"}],"version-history":[{"count":0,"href":"https:\/\/www.europesays.com\/fr\/wp-json\/wp\/v2\/posts\/147794\/revisions"}],"wp:featuredmedia":[{"embeddable":true,"href":"https:\/\/www.europesays.com\/fr\/wp-json\/wp\/v2\/media\/147795"}],"wp:attachment":[{"href":"https:\/\/www.europesays.com\/fr\/wp-json\/wp\/v2\/media?parent=147794"}],"wp:term":[{"taxonomy":"category","embeddable":true,"href":"https:\/\/www.europesays.com\/fr\/wp-json\/wp\/v2\/categories?post=147794"},{"taxonomy":"post_tag","embeddable":true,"href":"https:\/\/www.europesays.com\/fr\/wp-json\/wp\/v2\/tags?post=147794"}],"curies":[{"name":"wp","href":"https:\/\/api.w.org\/{rel}","templated":true}]}}