{"id":147796,"date":"2025-06-03T01:55:15","date_gmt":"2025-06-03T01:55:15","guid":{"rendered":"https:\/\/www.europesays.com\/fr\/147796\/"},"modified":"2025-06-03T01:55:15","modified_gmt":"2025-06-03T01:55:15","slug":"le-jeune-conducteur-qui-a-fauche-une-famille-a-grenoble-bientot-juge","status":"publish","type":"post","link":"https:\/\/www.europesays.com\/fr\/147796\/","title":{"rendered":"Le jeune conducteur qui a fauch\u00e9 une famille \u00e0 Grenoble bient\u00f4t jug\u00e9"},"content":{"rendered":"<p><strong>justice &#8211; Un jeune conducteur sera jug\u00e9 dans les deux mois \u00e0 venir pour avoir fauch\u00e9 quatre pi\u00e9tons \u00e0 Grenoble lors des c\u00e9l\u00e9brations de la victoire du PSG. L\u2019un des bless\u00e9s, \u00e2g\u00e9 de 17 ans, se trouve toujours entre la vie et la mort<\/strong><\/p>\n<p>Le conducteur de 19 ans qui <a href=\"https:\/\/www.20minutes.fr\/sport\/football\/4156279-20250601-psg-champion-europe-pres-300-interpellations-paris-voiture-percute-foule-grenoble?at_medium=RSS%20feed&amp;at_campaign=ynews&amp;utm_source=yahoo&amp;utm_medium=rss&amp;utm_campaign=news_feed&amp;utm_content=in_article_link\" rel=\"nofollow noopener\" target=\"_blank\" data-ylk=\"slk:a percut\u00e9 une famille samedi soir \u00e0 Grenoble;elm:context_link;itc:0;sec:content-canvas\" class=\"link \">a percut\u00e9 une famille samedi soir \u00e0 Grenoble<\/a> va \u00eatre jug\u00e9 d\u2019ici deux mois pour \u00ab\u00a0blessures involontaires\u00a0\u00bb. L\u2019accident s\u2019est produit apr\u00e8s <a href=\"https:\/\/www.20minutes.fr\/sport\/football\/4156328-20250601-attendu-jusqu-demain-supporters-psg-minutes-bonheur-apres-annees-heures-galere?at_medium=RSS%20feed&amp;at_campaign=ynews&amp;utm_source=yahoo&amp;utm_medium=rss&amp;utm_campaign=news_feed&amp;utm_content=in_article_link\" rel=\"nofollow noopener\" target=\"_blank\" data-ylk=\"slk:la victoire du PSG;elm:context_link;itc:0;sec:content-canvas\" class=\"link \">la victoire du PSG<\/a> en <a href=\"https:\/\/www.20minutes.fr\/sport\/ligue_des_champions\/?at_medium=RSS%20feed&amp;at_campaign=ynews&amp;utm_source=yahoo&amp;utm_medium=rss&amp;utm_campaign=news_feed&amp;utm_content=in_article_link\" rel=\"nofollow noopener\" target=\"_blank\" data-ylk=\"slk:Ligue des champions;elm:context_link;itc:0;sec:content-canvas\" class=\"link \">Ligue des champions<\/a>.<\/p>\n<p>L\u2019un des bless\u00e9s, un adolescent de 17 ans, reste en urgence vitale. Il a \u00e9t\u00e9 gravement bless\u00e9 au thorax. Sa m\u00e8re, son fr\u00e8re jumeau et une cousine ont \u00e9galement \u00e9t\u00e9 bless\u00e9s.<\/p>\n<p>Il dit avoir eu peur et perdu le contr\u00f4le<\/p>\n<p>Les faits se sont produits samedi, peu avant minuit, sur une art\u00e8re centrale de <a href=\"https:\/\/www.20minutes.fr\/grenoble\/?at_medium=RSS%20feed&amp;at_campaign=ynews&amp;utm_source=yahoo&amp;utm_medium=rss&amp;utm_campaign=news_feed&amp;utm_content=in_article_link\" rel=\"nofollow noopener\" target=\"_blank\" data-ylk=\"slk:Grenoble;elm:context_link;itc:0;sec:content-canvas\" class=\"link \">Grenoble<\/a>. Le conducteur roulait sur les rails du tramway. Il a d\u00e9clar\u00e9 avoir paniqu\u00e9 apr\u00e8s avoir \u00e9t\u00e9 vis\u00e9 par des tirs de mortiers. Le jeune homme dit avoir \u00ab\u00a0eu peur\u00a0\u00bb.<\/p>\n<p>Il explique avoir perdu le contr\u00f4le de sa voiture en tentant de fuir la foule. Il a aussi justifi\u00e9 sa fuite en expliquant qu\u2019il craignait de se \u00ab\u00a0faire lyncher\u00a0\u00bb.<\/p>\n<p>\u00ab\u00a0Blessures involontaires\u00a0\u00bb et \u00ab\u00a0d\u00e9faut de ma\u00eetrise\u00a0\u00bb<\/p>\n<p>L\u2019automobiliste, inconnu de la justice, avait abandonn\u00e9 son v\u00e9hicule apr\u00e8s les faits. Il s\u2019est ensuite rendu de lui-m\u00eame \u00e0 la police et a \u00e9t\u00e9 plac\u00e9 en garde \u00e0 vue. Il doit \u00eatre pr\u00e9sent\u00e9 au parquet ce lundi apr\u00e8s-midi pour une comparution \u00e0 d\u00e9lai diff\u00e9r\u00e9.<\/p>\n<p>Le parquet demande qu\u2019il soit plac\u00e9 sous contr\u00f4le judiciaire et qu\u2019il lui soit interdit de conduire jusqu\u2019au proc\u00e8s. Le procureur \u00c9tienne Manteaux a pr\u00e9cis\u00e9 que les chefs d\u2019accusation retenus sont \u00ab\u00a0blessures involontaires\u00a0\u00bb et \u00ab\u00a0d\u00e9faut de ma\u00eetrise\u00a0\u00bb.<\/p>\n<p><a href=\"https:\/\/www.20minutes.fr\/sport\/psg\/\" rel=\"nofollow noopener\" target=\"_blank\" data-ylk=\"slk:Tous nos articles sur la victoire du PSG;elm:context_link;itc:0;sec:content-canvas\" class=\"link \">Tous nos articles sur la victoire du PSG<\/a>Des secours pris pour cible<\/p>\n<p>Selon le procureur adjoint Fran\u00e7ois Touet-de-Coucy, policiers, pompie(&#8230;)<\/p>\n<p><a href=\"https:\/\/www.20minutes.fr\/faits_divers\/4156569-20250602-violences-apres-sacre-psg-jeune-conducteur-fauche-famille-grenoble-bientot-juge?at_medium=RSS%20feed&amp;at_campaign=ynews&amp;utm_source=yahoo&amp;utm_medium=rss&amp;utm_campaign=news_feed&amp;utm_content=read_more_link&quot;\" rel=\"nofollow noopener\" target=\"_blank\" data-ylk=\"slk:Lire la suite sur 20minutes;elm:context_link;itc:0;sec:content-canvas\" class=\"link \">Lire la suite sur 20minutes<\/a><\/p>\n<p>\u00c0 lire aussi :<br \/><a href=\"https:\/\/www.20minutes.fr\/sport\/football\/4156279-20250601-psg-champion-europe-pres-300-interpellations-paris-voiture-percute-foule-grenoble?at_medium=RSS%20feed&amp;at_campaign=ynews&amp;utm_source=yahoo&amp;utm_medium=rss&amp;utm_campaign=news_feed&amp;utm_content=related_content_link\" rel=\"nofollow noopener\" target=\"_blank\" data-ylk=\"slk:PSG-Inter\u00a0: Pr\u00e8s de 500 interpellations \u00e0 Paris, une voiture percute la foule \u00e0 Grenoble;elm:context_link;itc:0;sec:content-canvas\" class=\"link \">PSG-Inter\u00a0: Pr\u00e8s de 500 interpellations \u00e0 Paris, une voiture percute la foule \u00e0 Grenoble<\/a><br \/><a href=\"https:\/\/www.20minutes.fr\/politique\/4156420-20250602-violences-paris-marge-sacre-psg-bruno-retailleau-denonce-barbares-lfi-rn-chargent?at_medium=RSS%20feed&amp;at_campaign=ynews&amp;utm_source=yahoo&amp;utm_medium=rss&amp;utm_campaign=news_feed&amp;utm_content=related_content_link\" rel=\"nofollow noopener\" target=\"_blank\" data-ylk=\"slk:Violences \u00e0 Paris en marge du sacre du PSG\u00a0: Bruno Retailleau d\u00e9nonce les \u00ab\u00a0barbares\u00a0\u00bb, LFI et le RN le chargent;elm:context_link;itc:0;sec:content-canvas\" class=\"link \">Violences \u00e0 Paris en marge du sacre du PSG\u00a0: Bruno Retailleau d\u00e9nonce les \u00ab\u00a0barbares\u00a0\u00bb, LFI et le RN le chargent<\/a><\/p>\n","protected":false},"excerpt":{"rendered":"justice &#8211; Un jeune conducteur sera jug\u00e9 dans les deux mois \u00e0 venir pour avoir fauch\u00e9 quatre pi\u00e9tons&hellip;\n","protected":false},"author":2,"featured_media":147797,"comment_status":"","ping_status":"","sticky":false,"template":"","format":"standard","meta":{"footnotes":""},"categories":[9566],"tags":[9080,1111,11,2430,27698,1777,674,1011,27,2731,12,93,25,27699],"class_list":{"0":"post-147796","1":"post","2":"type-post","3":"status-publish","4":"format-standard","5":"has-post-thumbnail","7":"category-grenoble","8":"tag-17-ans","9":"tag-actu","10":"tag-actualites","11":"tag-auvergne-rhone-alpes","12":"tag-defaut-de-maitrise","13":"tag-eu","14":"tag-europe","15":"tag-fr","16":"tag-france","17":"tag-grenoble","18":"tag-news","19":"tag-psg","20":"tag-republique-francaise","21":"tag-une-cousine"},"share_on_mastodon":{"url":"https:\/\/pubeurope.com\/@fr\/114616947384389365","error":""},"_links":{"self":[{"href":"https:\/\/www.europesays.com\/fr\/wp-json\/wp\/v2\/posts\/147796","targetHints":{"allow":["GET"]}}],"collection":[{"href":"https:\/\/www.europesays.com\/fr\/wp-json\/wp\/v2\/posts"}],"about":[{"href":"https:\/\/www.europesays.com\/fr\/wp-json\/wp\/v2\/types\/post"}],"author":[{"embeddable":true,"href":"https:\/\/www.europesays.com\/fr\/wp-json\/wp\/v2\/users\/2"}],"replies":[{"embeddable":true,"href":"https:\/\/www.europesays.com\/fr\/wp-json\/wp\/v2\/comments?post=147796"}],"version-history":[{"count":0,"href":"https:\/\/www.europesays.com\/fr\/wp-json\/wp\/v2\/posts\/147796\/revisions"}],"wp:featuredmedia":[{"embeddable":true,"href":"https:\/\/www.europesays.com\/fr\/wp-json\/wp\/v2\/media\/147797"}],"wp:attachment":[{"href":"https:\/\/www.europesays.com\/fr\/wp-json\/wp\/v2\/media?parent=147796"}],"wp:term":[{"taxonomy":"category","embeddable":true,"href":"https:\/\/www.europesays.com\/fr\/wp-json\/wp\/v2\/categories?post=147796"},{"taxonomy":"post_tag","embeddable":true,"href":"https:\/\/www.europesays.com\/fr\/wp-json\/wp\/v2\/tags?post=147796"}],"curies":[{"name":"wp","href":"https:\/\/api.w.org\/{rel}","templated":true}]}}