{"id":147810,"date":"2025-06-03T02:04:22","date_gmt":"2025-06-03T02:04:22","guid":{"rendered":"https:\/\/www.europesays.com\/fr\/147810\/"},"modified":"2025-06-03T02:04:22","modified_gmt":"2025-06-03T02:04:22","slug":"sarah-el-hairy-veut-apporter-un-nouveau-souffle","status":"publish","type":"post","link":"https:\/\/www.europesays.com\/fr\/147810\/","title":{"rendered":"Sarah El Ha\u00efry veut apporter \u00ab un nouveau souffle \u00bb"},"content":{"rendered":"<p style=\"text-align: justify;\">Pour les prochaines \u00e9lections municipales, les volontaires pour diriger la liste de la droite et du centre (macronie + L) \u00e0\u00a0 Nantes ne manquent pas : Julien Bainvel, Foulques Chombart de Lauwe, Fr\u00e9d\u00e9ric Aubry et Sarah El Ha\u00efry. \u00ab A Nantes, Sarah El Ha\u00efry,\u00a0 haute-commissaire \u00e0 l\u2019enfance et \u00e9lue MoDem, est en train de faire l\u2019unanimit\u00e9 derri\u00e8re elle pour d\u00e9fier la maire socialistes sortante Johanna Rolland. \u00ab\u00a0C\u2019est elle qui peut faire le rassemblement. Son profil correspond bien \u00e0 Nantes. Elle s\u2019entend bien avec tout le monde\u00a0\u00bb, juge Christelle Moran\u00e7ais, la pr\u00e9sidente Horizons de la r\u00e9gion Pays de la Loire, tandis que les R\u00e9publicains ont fait savoir qu\u2019ils pourraient s\u2019entendre avec la centriste.\u00a0\u00bb (La Tribune, dimanche 1er juin 2025).<\/p>\n<p style=\"text-align: justify;\">Elle avait commenc\u00e9 par annoncer qu\u2019elle \u00e9tait candidate pour mars 2026\u00a0: \u00ab\u00a0Il faut une autre voie pour Nantes. Avec mon groupe, nous continuerons \u00e0 travailler et \u00e0 rassembler (\u2026) Les Nantais attendent un nouveau visage mais aussi des actions imm\u00e9diates.\u00a0\u00bb\u00a0\u00bb\u00a0 (Presse Oc\u00e9an, samedi 23 d\u00e9cembre 2023). En mai 2025, les choses se pr\u00e9cisent\u00a0: \u00ab\u00a0Nantes a vraiment besoin d\u2019un nouveau souffle. La ville est socialiste depuis 1989. Je l\u2019ai toujours connue socialiste puisque je suis n\u00e9e le 16 mars 1989\u00a0! Il n\u2019y a pas de personnalit\u00e9 providentielle pour sauver Nantes. On va rencontrer les \u00e9quipes pour agrandir nos forces et n\u2019oublions pas qu\u2019il y a aussi \u00e9norm\u00e9ment de non encart\u00e9s. On ne veut pas proposer la somme d\u2019\u00e9tiquettes ou de petits partis, on ne veut surtout pas d\u2019un patchwork, mais bien d\u2019une union. Et tous ceux qui veulent participer sont les bienvenus, car ce sera un projet de Nantais pour ce nouveau souffle.\u00a0\u00bb (Presse Oc\u00e9an, lundi 5 mai 2025)<\/p>\n<p style=\"text-align: justify;\">On peut supposer qu\u2019un sondage a \u00e9t\u00e9 effectu\u00e9 aupr\u00e8s de la client\u00e8le de droite et du centre pour d\u00e9terminer quelle personnage poss\u00e9dait la plus forte notori\u00e9t\u00e9 et la meilleure image \u201cm\u00e9diatique\u201c. A l\u2019\u00e9chelon national, comme d\u2019habitude, les partis concern\u00e9s se sont r\u00e9partis les villes. Et le r\u00e9sultat a \u00e9t\u00e9 favorable \u00e0 Mme El Ha\u00efry qui b\u00e9n\u00e9ficiait de l\u2019appui de Fran\u00e7ois Bayrou, Premier ministre\u2026<\/p>\n<p style=\"text-align: justify;\">Isabelle Le Callennec, d\u00e9put\u00e9e europ\u00e9enne (PPE) et conseill\u00e8re r\u00e9gionale de Bretagne (LR) , est satisfaite\u00a0de la victoire de Bruno Retailleau \u00e0 la pr\u00e9sidence des R\u00e9publicains\u00a0: \u00ab\u00a0Durant cette campagne interne, nous avons tripl\u00e9 le nombre d\u2019adh\u00e9rents. A l\u2019\u00e9chelle de la r\u00e9gion administrative, nous sommes aujourd\u2019hui \u00e0 3\u00a0500.Cela fait de nous la premi\u00e8re force politique de Bretagne. A nous de les fid\u00e9liser et de ne pas les d\u00e9cevoir\u00a0(\u2026) Je ne consid\u00e8re pas que LR soit une droite dure. C\u2019est une droite qui ose dire la v\u00e9rit\u00e9, une droite qui agit avec conviction, une droite des solutions. On a bien le droit de parler s\u00e9curit\u00e9 et immigration, qui sont des pr\u00e9occupations des Bretonnes et des Bretons.\u00a0\u00bb (Le T\u00e9l\u00e9gramme, jeudi 29 mai 2025) On peut ajouter qu\u2019en Loire-Atlantique, Bruno Retailleau a obtenu 93 % des voix des 2\u00a0372 votants\u00a0; soit 2\u00a0211 voix contre 161. \u00ab\u00a0Avec Bruno Retailleau \u00e0 la t\u00eate des LR, c\u2019est une droite de convictions, enracin\u00e9e, exigeante, qui porte des valeurs de fid\u00e9lit\u00e9, de responsabilit\u00e9 et d\u2019action au service de nos concitoyens, qui se remet en marche\u00a0\u00bb, souligne Anthony B\u00e9raud, le secr\u00e9taire de la f\u00e9d\u00e9ration LR de Loire-Atlantique (Ouest-France, Loire-Atlantique, mardi 20 mai 2025).<\/p>\n<p>Bernard Morvan<\/p>\n<p>Cr\u00e9dit photo : \u00a0Philippe DEVERNAY\/Wikimedia (cc)<\/p>\n","protected":false},"excerpt":{"rendered":"Pour les prochaines \u00e9lections municipales, les volontaires pour diriger la liste de la droite et du centre (macronie&hellip;\n","protected":false},"author":2,"featured_media":147811,"comment_status":"","ping_status":"","sticky":false,"template":"","format":"standard","meta":{"footnotes":""},"categories":[2818],"tags":[1111,11,1777,674,1011,27,766,12,2636,25,27700],"class_list":{"0":"post-147810","1":"post","2":"type-post","3":"status-publish","4":"format-standard","5":"has-post-thumbnail","7":"category-nantes","8":"tag-actu","9":"tag-actualites","10":"tag-eu","11":"tag-europe","12":"tag-fr","13":"tag-france","14":"tag-nantes","15":"tag-news","16":"tag-pays-de-la-loire","17":"tag-republique-francaise","18":"tag-sarah-el-hairy"},"share_on_mastodon":{"url":"https:\/\/pubeurope.com\/@fr\/114616982852948464","error":""},"_links":{"self":[{"href":"https:\/\/www.europesays.com\/fr\/wp-json\/wp\/v2\/posts\/147810","targetHints":{"allow":["GET"]}}],"collection":[{"href":"https:\/\/www.europesays.com\/fr\/wp-json\/wp\/v2\/posts"}],"about":[{"href":"https:\/\/www.europesays.com\/fr\/wp-json\/wp\/v2\/types\/post"}],"author":[{"embeddable":true,"href":"https:\/\/www.europesays.com\/fr\/wp-json\/wp\/v2\/users\/2"}],"replies":[{"embeddable":true,"href":"https:\/\/www.europesays.com\/fr\/wp-json\/wp\/v2\/comments?post=147810"}],"version-history":[{"count":0,"href":"https:\/\/www.europesays.com\/fr\/wp-json\/wp\/v2\/posts\/147810\/revisions"}],"wp:featuredmedia":[{"embeddable":true,"href":"https:\/\/www.europesays.com\/fr\/wp-json\/wp\/v2\/media\/147811"}],"wp:attachment":[{"href":"https:\/\/www.europesays.com\/fr\/wp-json\/wp\/v2\/media?parent=147810"}],"wp:term":[{"taxonomy":"category","embeddable":true,"href":"https:\/\/www.europesays.com\/fr\/wp-json\/wp\/v2\/categories?post=147810"},{"taxonomy":"post_tag","embeddable":true,"href":"https:\/\/www.europesays.com\/fr\/wp-json\/wp\/v2\/tags?post=147810"}],"curies":[{"name":"wp","href":"https:\/\/api.w.org\/{rel}","templated":true}]}}