{"id":147814,"date":"2025-06-03T02:06:30","date_gmt":"2025-06-03T02:06:30","guid":{"rendered":"https:\/\/www.europesays.com\/fr\/147814\/"},"modified":"2025-06-03T02:06:30","modified_gmt":"2025-06-03T02:06:30","slug":"le-talk-oliver-kahn-renonce-aux-girondins-quels-joueurs-conserver-pour-bordeaux","status":"publish","type":"post","link":"https:\/\/www.europesays.com\/fr\/147814\/","title":{"rendered":"Le Talk : Oliver Kahn renonce aux Girondins, quels joueurs conserver pour Bordeaux ?"},"content":{"rendered":"<p><img decoding=\"async\" src=\"https:\/\/www.europesays.com\/fr\/wp-content\/uploads\/2025\/04\/671_89132610973d8a7e10af26016efd81f3.jpg\" alt=\"Le Talk : Oliver Kahn renonce aux Girondins, quels joueurs conserver pour Bordeaux ?\" class=\"img-responsive mt-3\"\/><\/p>\n<p class=\"text-center mb-3\" style=\"font-size: 14px\">\u00a9 Iconsport<\/p>\n<p style=\"text-align: justify;\">Cette \u00e9mission est plac\u00e9e sous le signe du d\u00e9bat, de l&rsquo;information et de l&rsquo;analyse.<\/p>\n<p style=\"text-align: justify;\">Suivrez l&rsquo;\u00e9mission sur cette page ou sur la <a href=\"https:\/\/www.youtube.com\/watch?v=yvIFAVXtylQ\" target=\"_blank\" rel=\"noopener\">cha\u00eene YouTube de WebGirondins<\/a> :<\/p>\n<p>Ce navigateur ne supporte pas les iframes<\/p>\n<p class=\"p1\" style=\"text-align: justify;\">Ils sont pr\u00e9sents : le journaliste Samuel Vaslin, les supporters et chroniqueurs Jonathan d&rsquo;Agostino et Djino Fort\u00e9, avec Nicolas Pietrelli \u00e0 la pr\u00e9sentation, et Conan pour le chat.<\/p>\n<p class=\"p1\" style=\"text-align: justify;\">\u00c9mission r\u00e9alis\u00e9e avec le <a href=\"https:\/\/fr.tipeee.com\/webgirondins\" target=\"_blank\" rel=\"noopener\">soutien des socios<\/a>.<\/p>\n<p class=\"p1\" style=\"text-align: justify;\">Le programme :<\/p>\n<p class=\"p1\"><img decoding=\"async\" src=\"https:\/\/www.europesays.com\/fr\/wp-content\/uploads\/2025\/06\/INFOGRAPHIES E\u0301MISSIONS (8).jpg\" alt=\"INFOGRAPHIES E\u0301MISSIONS (8).jpg (103 KB)\" style=\"width:700px;max-width:100%;\"\/><\/p>\n<p class=\"p1\">\u00c9mission diffus\u00e9e sur la <strong><a href=\"https:\/\/www.youtube.com\/@WebGirondins33\" target=\"_blank\" rel=\"noopener\">cha\u00eene YouTube de WebGirondins<\/a><\/strong>.<\/p>\n<p>\u00a0<\/p>\n","protected":false},"excerpt":{"rendered":"\u00a9 Iconsport Cette \u00e9mission est plac\u00e9e sous le signe du d\u00e9bat, de l&rsquo;information et de l&rsquo;analyse. Suivrez l&rsquo;\u00e9mission&hellip;\n","protected":false},"author":2,"featured_media":10861,"comment_status":"","ping_status":"","sticky":false,"template":"","format":"standard","meta":{"footnotes":""},"categories":[2817],"tags":[23286,1111,11,3396,15021,1997,3477,27703,27702,1446,2889,1777,674,23285,1011,27,1987,1922,7916,4059,4654,6128,12,2219,4653,471,12348,27701,25,3389,7499,5237,5234,5238],"class_list":{"0":"post-147814","1":"post","2":"type-post","3":"status-publish","4":"format-standard","5":"has-post-thumbnail","7":"category-bordeaux","8":"tag-abordes","9":"tag-actu","10":"tag-actualites","11":"tag-avec","12":"tag-blanc","13":"tag-bordeaux","14":"tag-cette","15":"tag-chaude","16":"tag-conserver","17":"tag-dans","18":"tag-emission","19":"tag-eu","20":"tag-europe","21":"tag-extrasportifs","22":"tag-fr","23":"tag-france","24":"tag-girondins","25":"tag-info","26":"tag-interet","27":"tag-joueurs","28":"tag-kahn","29":"tag-marine","30":"tag-news","31":"tag-nouvelle-aquitaine","32":"tag-oliver","33":"tag-pour","34":"tag-quels","35":"tag-renonce","36":"tag-republique-francaise","37":"tag-seront","38":"tag-sportif","39":"tag-suivez","40":"tag-talk","41":"tag-webgirondins"},"share_on_mastodon":{"url":"https:\/\/pubeurope.com\/@fr\/114616990809204494","error":""},"_links":{"self":[{"href":"https:\/\/www.europesays.com\/fr\/wp-json\/wp\/v2\/posts\/147814","targetHints":{"allow":["GET"]}}],"collection":[{"href":"https:\/\/www.europesays.com\/fr\/wp-json\/wp\/v2\/posts"}],"about":[{"href":"https:\/\/www.europesays.com\/fr\/wp-json\/wp\/v2\/types\/post"}],"author":[{"embeddable":true,"href":"https:\/\/www.europesays.com\/fr\/wp-json\/wp\/v2\/users\/2"}],"replies":[{"embeddable":true,"href":"https:\/\/www.europesays.com\/fr\/wp-json\/wp\/v2\/comments?post=147814"}],"version-history":[{"count":0,"href":"https:\/\/www.europesays.com\/fr\/wp-json\/wp\/v2\/posts\/147814\/revisions"}],"wp:featuredmedia":[{"embeddable":true,"href":"https:\/\/www.europesays.com\/fr\/wp-json\/wp\/v2\/media\/10861"}],"wp:attachment":[{"href":"https:\/\/www.europesays.com\/fr\/wp-json\/wp\/v2\/media?parent=147814"}],"wp:term":[{"taxonomy":"category","embeddable":true,"href":"https:\/\/www.europesays.com\/fr\/wp-json\/wp\/v2\/categories?post=147814"},{"taxonomy":"post_tag","embeddable":true,"href":"https:\/\/www.europesays.com\/fr\/wp-json\/wp\/v2\/tags?post=147814"}],"curies":[{"name":"wp","href":"https:\/\/api.w.org\/{rel}","templated":true}]}}