{"id":147827,"date":"2025-06-03T02:19:19","date_gmt":"2025-06-03T02:19:19","guid":{"rendered":"https:\/\/www.europesays.com\/fr\/147827\/"},"modified":"2025-06-03T02:19:19","modified_gmt":"2025-06-03T02:19:19","slug":"pourquoi-certains-abonnes-ont-paye-double","status":"publish","type":"post","link":"https:\/\/www.europesays.com\/fr\/147827\/","title":{"rendered":"pourquoi certains abonn\u00e9s ont pay\u00e9 double"},"content":{"rendered":"<p>            Par<br \/>\n        <strong><br \/>\n            <a href=\"https:\/\/actu.fr\/auteur\/anthony-soudani\" title=\"Consulter tous les articles de Anthony Soudani\" target=\"_blank\" rel=\"noopener\">Anthony Soudani<\/a><br \/>\n        <\/strong><\/p>\n<p>        Publi\u00e9 le<\/p>\n<p>            2 juin 2025 \u00e0 18h00        <\/p>\n<p><strong>INFO ACTU LYON<\/strong>. Des abonn\u00e9s des <a href=\"https:\/\/actu.fr\/tag\/transports-en-commun-lyonnais-tcl\" target=\"_blank\" rel=\"noopener\">TCL<\/a> ont d\u00fb payer double ce lundi 2 juin \u00e0 <a href=\"https:\/\/actu.fr\/lyon\/\" target=\"_blank\" rel=\"noopener\">Lyon<\/a>. Une <strong>anomalie technique<\/strong> a affect\u00e9 ce matin l\u2019acc\u00e8s de certains abonn\u00e9s au r\u00e9seau de transports en commun, notamment aux stations de m\u00e9tro <a href=\"https:\/\/actu.fr\/auvergne-rhone-alpes\/lyon_69123\/lyon-un-saccage-trop-cool-l-oeuvre-de-bellecour-regorge-de-monde-mais-divise-toujours_62706366.html\" target=\"_blank\" rel=\"noopener\">Bellecour<\/a> et Place Guichard. Plusieurs usagers ont donc d\u00fb s\u2019acquitter d\u2019un ticket en payant par carte bancaire alors qu\u2019ils d\u00e9tiennent un abonnement\u2026<\/p>\n<p class=\" wall-content\">Cette anomalie a \u00e9t\u00e9 cons\u00e9cutive \u00e0 une mise \u00e0 jour logicielle d\u00e9ploy\u00e9e r\u00e9cemment sur les valideurs <strong>des stations.<\/strong><\/p>\n<p>Quand badger son abonnement ne marche plus\u2026<\/p>\n<p class=\" wall-content\">\u00ab\u00a0Bien que cette version ait \u00e9t\u00e9 pr\u00e9alablement test\u00e9e sans d\u00e9faut lors de la phase pilote, nos \u00e9quipes techniques sont actuellement mobilis\u00e9es pour en identifier pr\u00e9cis\u00e9ment la cause\u00a0\u00bb, expliquent les TCL \u00e0 actu Lyon.<\/p>\n<p class=\" wall-content\">En effet, notre journaliste, pourtant abonn\u00e9 au r\u00e9seau, a d\u00fb payer un ticket ce lundi pour esp\u00e9rer prendre le m\u00e9tro B \u00e0 la station place Guichard. La m\u00eame p\u00e9rip\u00e9tie est arriv\u00e9e \u00e0 Bellecour \u00e0 de nombreux usagers. L\u2019un d\u2019entre eux s\u2019en est m\u00eame inqui\u00e9t\u00e9 sur X.<\/p>\n<p class=\" wall-content\">\u00ab\u00a0Bonjour TCL, les portiques de Bellecour entr\u00e9e sud Victor-Hugo indiquent \u2018support incoh\u00e9rent\u2019 quand on badge avec l\u2019abonnement. <strong>J\u2019ai d\u00fb payer un ticket cb<\/strong> (carte bancaire). Idem pour les autres passagers\u00a0\u00bb, d\u00e9plore-t-il.<\/p>\n<p class=\" wall-content\">\n<p>Un retour \u00e0 la normale esp\u00e9r\u00e9 mardi matin<\/p>\n<p class=\" wall-content\">\u00ab\u00a0Par mesure de pr\u00e9caution, et afin de r\u00e9tablir au plus vite un service fluide, <strong>un retour \u00e0 la version logicielle pr\u00e9c\u00e9dente<\/strong> sera op\u00e9r\u00e9 cette nuit pour retrouver un fonctionnement normal d\u00e8s demain matin\u00a0\u00bb, assurent les TCL. \u00ab\u00a0Nous regrettons la g\u00eane occasionn\u00e9e et remercions les voyageurs pour leur compr\u00e9hension.\u00a0\u00bb<\/p>\n<p class=\" wall-content\">Des agents sont d\u00e9sormais pr\u00e9sents sur place pour accompagner les usagers et assurer l\u2019ouverture des portillons, y compris \u00e0 distance via le poste de contr\u00f4le s\u00e9curit\u00e9.<\/p>\n<p class=\" wall-content\">Suivez toute l\u2019actualit\u00e9 de vos villes et m\u00e9dias favoris en vous inscrivant \u00e0 <a href=\"https:\/\/moncompte.actu.fr\" title=\"D\u00e9couvez Mon Actu\" rel=\"nofollow noopener\" data-trk=\"{&quot;cta&quot;:{&quot;action&quot;:&quot;https:\\\/\\\/moncompte.actu.fr&quot;,&quot;category&quot;:&quot;mon compte&quot;,&quot;from&quot;:&quot;article footer&quot;,&quot;name&quot;:&quot;Mon actu&quot;,&quot;type&quot;:&quot;cta&quot;}}\" target=\"_blank\">Mon Actu<\/a>.<\/p>\n<ul class=\"ac-article-tag wall-content\">\n<li><a href=\"https:\/\/actu.fr\/tag\/bellecour\" data-trk=\"{&quot;cta&quot;:{&quot;action&quot;:&quot;Bellecour&quot;,&quot;category&quot;:&quot;tag&quot;,&quot;from&quot;:&quot;article footer&quot;,&quot;name&quot;:&quot;Bellecour&quot;,&quot;type&quot;:&quot;cta&quot;}}\" target=\"_blank\" rel=\"noopener\">#Bellecour<\/a><\/li>\n<li><a href=\"https:\/\/actu.fr\/tag\/transports-en-commun-lyonnais-tcl\" data-trk=\"{&quot;cta&quot;:{&quot;action&quot;:&quot;Transports en commun lyonnais (TCL)&quot;,&quot;category&quot;:&quot;tag&quot;,&quot;from&quot;:&quot;article footer&quot;,&quot;name&quot;:&quot;Transports en commun lyonnais (TCL)&quot;,&quot;type&quot;:&quot;cta&quot;}}\" target=\"_blank\" rel=\"noopener\">#Transports en commun lyonnais (TCL)<\/a><\/li>\n<\/ul>\n","protected":false},"excerpt":{"rendered":"Par Anthony Soudani Publi\u00e9 le 2 juin 2025 \u00e0 18h00 INFO ACTU LYON. Des abonn\u00e9s des TCL ont&hellip;\n","protected":false},"author":2,"featured_media":147828,"comment_status":"","ping_status":"","sticky":false,"template":"","format":"standard","meta":{"footnotes":""},"categories":[1889],"tags":[1111,11,2430,5272,1777,674,1011,27,2428,12,25,104,5787],"class_list":{"0":"post-147827","1":"post","2":"type-post","3":"status-publish","4":"format-standard","5":"has-post-thumbnail","7":"category-lyon","8":"tag-actu","9":"tag-actualites","10":"tag-auvergne-rhone-alpes","11":"tag-bellecour","12":"tag-eu","13":"tag-europe","14":"tag-fr","15":"tag-france","16":"tag-lyon","17":"tag-news","18":"tag-republique-francaise","19":"tag-societe","20":"tag-transports-en-commun-lyonnais-tcl"},"share_on_mastodon":{"url":"https:\/\/pubeurope.com\/@fr\/114617041965903169","error":""},"_links":{"self":[{"href":"https:\/\/www.europesays.com\/fr\/wp-json\/wp\/v2\/posts\/147827","targetHints":{"allow":["GET"]}}],"collection":[{"href":"https:\/\/www.europesays.com\/fr\/wp-json\/wp\/v2\/posts"}],"about":[{"href":"https:\/\/www.europesays.com\/fr\/wp-json\/wp\/v2\/types\/post"}],"author":[{"embeddable":true,"href":"https:\/\/www.europesays.com\/fr\/wp-json\/wp\/v2\/users\/2"}],"replies":[{"embeddable":true,"href":"https:\/\/www.europesays.com\/fr\/wp-json\/wp\/v2\/comments?post=147827"}],"version-history":[{"count":0,"href":"https:\/\/www.europesays.com\/fr\/wp-json\/wp\/v2\/posts\/147827\/revisions"}],"wp:featuredmedia":[{"embeddable":true,"href":"https:\/\/www.europesays.com\/fr\/wp-json\/wp\/v2\/media\/147828"}],"wp:attachment":[{"href":"https:\/\/www.europesays.com\/fr\/wp-json\/wp\/v2\/media?parent=147827"}],"wp:term":[{"taxonomy":"category","embeddable":true,"href":"https:\/\/www.europesays.com\/fr\/wp-json\/wp\/v2\/categories?post=147827"},{"taxonomy":"post_tag","embeddable":true,"href":"https:\/\/www.europesays.com\/fr\/wp-json\/wp\/v2\/tags?post=147827"}],"curies":[{"name":"wp","href":"https:\/\/api.w.org\/{rel}","templated":true}]}}