{"id":14783,"date":"2025-04-10T11:02:11","date_gmt":"2025-04-10T11:02:11","guid":{"rendered":"https:\/\/www.europesays.com\/fr\/14783\/"},"modified":"2025-04-10T11:02:11","modified_gmt":"2025-04-10T11:02:11","slug":"on-est-encore-plus-en-colere-quavant","status":"publish","type":"post","link":"https:\/\/www.europesays.com\/fr\/14783\/","title":{"rendered":"\u00ab\u00a0On est encore plus en col\u00e8re qu\u2019avant\u00a0\u00bb"},"content":{"rendered":"<p>  \u00ab\u00a0Pas juste des \u00e9tudiants zadistes\u00a0\u00bb<\/p>\n<p>Premier point \u00e0 l\u2019ordre du jour\u00a0: le d\u00e9compte des derniers morts gazaouis. \u00ab\u00a0Y a-t-il a encore des vies \u00e0 sauver\u00a0? Le temps joue contre nous\u00a0\u00bb, s\u2019interroge une jeune fille. La discussion passe ensuite \u00e0 une question plus \u00e0 la port\u00e9e des \u00e9tudiants, celle du partenariat contest\u00e9 avec l\u2019universit\u00e9 Reichman. Le vote du conseil d\u2019administration, en tous points oppos\u00e9 \u00e0 l\u2019avis du comit\u00e9 consultatif \u00e9lu pour mettre fin \u00e0 deux mois de blocage, ne passe pas.<\/p>\n<p>\u00ab\u00a0Des enseignants-chercheurs ont rendu ce rapport, pas juste des \u00e9tudiants zadistes\u00a0\u00bb, pointe Simon Levan, <a href=\"https:\/\/www.dna.fr\/education\/2025\/04\/08\/une-generation-palestine-spontanee-au-coeur-de-science-po-strasbourg\" target=\"_blank\" rel=\"nofollow noopener\">un des fers de lance du comit\u00e9 Palestine<\/a>. Parmi les cinq recommandations du comit\u00e9 (dont <a href=\"https:\/\/www.dna.fr\/education\/2025\/03\/10\/fin-du-blocage-a-sciences-po-apres-la-signature-d-un-accord\" target=\"_blank\" rel=\"nofollow noopener\">le principe avait \u00e9t\u00e9 valid\u00e9 par la pr\u00e9sidence de l\u2019universit\u00e9<\/a> ), la suspension des relations avec la Reichman University d\u00e8s la rentr\u00e9e 2025 et la recherche d\u2019une alternative en Isra\u00ebl. Il rel\u00e8ve entre autres \u00ab\u00a0un enseignement probl\u00e9matique du droit international\u00a0\u00bb, notamment \u00ab\u00a0en mati\u00e8re de torture\u00a0\u00bb, un \u00ab\u00a0soutien inconditionnel \u00e0 la guerre \u00e0 Gaza\u00a0\u00bb ou l\u2019invitation de l\u2019ancien ministre de la D\u00e9fense Yoav Gallant, sous mandat d\u2019arr\u00eat du Tribunal p\u00e9nal international.<\/p>\n<p>Mais ces arguments semblent avoir \u00e9t\u00e9 balay\u00e9s par une courte majorit\u00e9 des administrateurs, dont le directeur de Sciences Po Jean-Philippe Heurtin. \u00ab\u00a0Il a remis plusieurs fois en cause la l\u00e9gitimit\u00e9 du comit\u00e9\u00a0\u00bb, s\u2019agace Simon Levan. \u00ab\u00a0Il a un positionnement id\u00e9ologique, jusqu\u2019au-boutiste\u00a0\u00bb, tacle le prof Vincent Dubois, qui a d\u00e9missionn\u00e9 du conseil d\u2019administration en juin.<\/p>\n<p>\u00ab\u00a0Le blocage ne peut pas \u00eatre un mode d\u2019action permanente\u00a0\u00bb<\/p>\n<p> Fr\u00e9d\u00e9rique Berrod <\/p>\n<p>\u00ab\u00a0Nous sommes d\u00e9\u00e7us et amers\u00a0\u00bb, t\u00e9moigne Magdalena Hadjiisky, une enseignante qui a jou\u00e9 les m\u00e9diateurs entre les \u00e9tudiants et la direction. \u00ab\u00a0Mais ce n\u2019est pas une bonne id\u00e9e de s\u2019opposer frontalement au conseil d\u2019administration.\u00a0\u00bb \u00ab\u00a0Si vous n\u2019\u00eates pas avec nous, vous \u00eates contre nous\u00a0\u00bb, la rembarre un \u00e9tudiant. \u00ab\u00a0J\u2019en ai marre de parler strat\u00e9gie quand il y a un g\u00e9nocide. Je suis hyperd\u00e9\u00e7ue\u00a0\u00bb, intervient une autre. \u00ab\u00a0On va montrer qu\u2019on est encore plus en col\u00e8re qu\u2019avant. \u201cIls\u201d se sont habitu\u00e9s au blocage. Il va falloir les choquer\u00a0\u00bb, menace une des plus remont\u00e9es. Le blocage du Cardo a \u00e9t\u00e9 vot\u00e9 jusqu\u2019aux vacances, vendredi, \u00e0 la quasi-unanimit\u00e9 des quelque 90 personnes pr\u00e9sentes.<\/p>\n<p>  Un geste pour les \u00e9tudiants gazaouis<\/p>\n<p>Un premier test pour <a href=\"https:\/\/www.dna.fr\/education\/2025\/03\/18\/frederique-berrod-elue-presidente-de-l-unistra-cefm\" target=\"_blank\" rel=\"nofollow noopener\">la nouvelle pr\u00e9sidente de l\u2019Universit\u00e9 de Strasbourg Fr\u00e9d\u00e9rique Berrod<\/a>. Lors d\u2019une conf\u00e9rence de presse, elle a appel\u00e9 \u00e0 lever le blocage. \u00ab\u00a0Il y a un temps pour tout\u00a0: celui de l\u2019\u00e9coute, du d\u00e9bat et celui de la d\u00e9cision. Il est d\u00e9sormais temps de respecter celle du conseil d\u2019administration de Sciences Po\u00a0\u00bb, d\u00e9cision dont elle se promet d\u2019\u00eatre \u00ab\u00a0la gardienne\u00a0\u00bb, tout en \u00ab\u00a0saluant\u00a0\u00bb le travail du comit\u00e9 Reichman. En langage tr\u00e8s diplomatique, elle rel\u00e8ve pourtant \u00ab\u00a0des conditions peu propices \u00e0 la d\u00e9lib\u00e9ration\u00a0\u00bb avec des \u00e9tudiants manifestant d\u00e8s mardi soir.<\/p>\n<p>\u00ab\u00a0Le blocage ne peut pas \u00eatre un mode d\u2019action permanente [\u2026] Les cours peuvent et doivent donc reprendre et les personnels doivent pouvoir travailler sans entrave \u00e0 Sciences Po mais aussi au CEIPI, \u00e0 l\u2019IPAG, \u00e0 l\u2019INPI et \u00e0 l\u2019IEEPI\u00a0\u00bb, les autres institutions h\u00e9berg\u00e9es au Cardo. Est-elle <a href=\"https:\/\/www.dna.fr\/faits-divers-justice\/2025\/01\/31\/sciences-po-a-nouveau-bloque-et-debloque\" target=\"_blank\" rel=\"nofollow noopener\">pr\u00eate \u00e0 faire intervenir la police en derni\u00e8re extr\u00e9mit\u00e9<\/a> , comme son pr\u00e9d\u00e9cesseur\u00a0? \u00ab\u00a0Ce n\u2019est pas extr\u00e9mit\u00e9. La police peut \u00eatre appel\u00e9e en cas de tensions, de risques pour les personnes.\u00a0\u00bb Elle propose enfin un geste pour les \u00e9tudiants gazaouis, qui n\u2019ont plus d\u2019universit\u00e9s, via un programme de formation europ\u00e9en. Pas s\u00fbr que cela n\u2019apaise leurs soutiens, \u00e0 5\u00a0000\u00a0km de Gaza.<\/p>\n","protected":false},"excerpt":{"rendered":"\u00ab\u00a0Pas juste des \u00e9tudiants zadistes\u00a0\u00bb Premier point \u00e0 l\u2019ordre du jour\u00a0: le d\u00e9compte des derniers morts gazaouis. \u00ab\u00a0Y&hellip;\n","protected":false},"author":2,"featured_media":14784,"comment_status":"","ping_status":"","sticky":false,"template":"","format":"standard","meta":{"footnotes":""},"categories":[2820],"tags":[1111,11,2389,2649,2880,1057,4854,1777,674,107,1011,27,775,12,25,640,2879],"class_list":{"0":"post-14783","1":"post","2":"type-post","3":"status-publish","4":"format-standard","5":"has-post-thumbnail","7":"category-strasbourg","8":"tag-actu","9":"tag-actualites","10":"tag-alsace","11":"tag-bas-rhin","12":"tag-edition-strasbourg","13":"tag-education","14":"tag-enseignement-superieur","15":"tag-eu","16":"tag-europe","17":"tag-fil-info","18":"tag-fr","19":"tag-france","20":"tag-grand-est","21":"tag-news","22":"tag-republique-francaise","23":"tag-strasbourg","24":"tag-strasbourg-ville"},"share_on_mastodon":{"url":"https:\/\/pubeurope.com\/@fr\/114313333503918349","error":""},"_links":{"self":[{"href":"https:\/\/www.europesays.com\/fr\/wp-json\/wp\/v2\/posts\/14783","targetHints":{"allow":["GET"]}}],"collection":[{"href":"https:\/\/www.europesays.com\/fr\/wp-json\/wp\/v2\/posts"}],"about":[{"href":"https:\/\/www.europesays.com\/fr\/wp-json\/wp\/v2\/types\/post"}],"author":[{"embeddable":true,"href":"https:\/\/www.europesays.com\/fr\/wp-json\/wp\/v2\/users\/2"}],"replies":[{"embeddable":true,"href":"https:\/\/www.europesays.com\/fr\/wp-json\/wp\/v2\/comments?post=14783"}],"version-history":[{"count":0,"href":"https:\/\/www.europesays.com\/fr\/wp-json\/wp\/v2\/posts\/14783\/revisions"}],"wp:featuredmedia":[{"embeddable":true,"href":"https:\/\/www.europesays.com\/fr\/wp-json\/wp\/v2\/media\/14784"}],"wp:attachment":[{"href":"https:\/\/www.europesays.com\/fr\/wp-json\/wp\/v2\/media?parent=14783"}],"wp:term":[{"taxonomy":"category","embeddable":true,"href":"https:\/\/www.europesays.com\/fr\/wp-json\/wp\/v2\/categories?post=14783"},{"taxonomy":"post_tag","embeddable":true,"href":"https:\/\/www.europesays.com\/fr\/wp-json\/wp\/v2\/tags?post=14783"}],"curies":[{"name":"wp","href":"https:\/\/api.w.org\/{rel}","templated":true}]}}