{"id":147839,"date":"2025-06-03T02:25:10","date_gmt":"2025-06-03T02:25:10","guid":{"rendered":"https:\/\/www.europesays.com\/fr\/147839\/"},"modified":"2025-06-03T02:25:10","modified_gmt":"2025-06-03T02:25:10","slug":"paris-pommes-damour-et-peluches-devant-lhotel-de-ville-les-forains-de-la-foire-du-trone-appellent-a-laide","status":"publish","type":"post","link":"https:\/\/www.europesays.com\/fr\/147839\/","title":{"rendered":"Paris : pommes d\u2019amour et peluches devant l\u2019H\u00f4tel de Ville, les forains de la Foire du Tr\u00f4ne appellent \u00e0 l\u2019aide"},"content":{"rendered":"<p class=\"paragraph text_align_left\">Peluches, barbes \u00e0 papa, pop-corn et pommes d\u2019amour \u00e0 gogo\u2026 Une cinquantaine de forains de la Foire du Tr\u00f4ne ont distribu\u00e9 jouets et friandises aux passants et aux \u00e9coliers du quartier de l\u2019H\u00f4tel de Ville de Paris (IVe), ce lundi apr\u00e8s-midi. Une mani\u00e8re d\u2019interpeller la municipalit\u00e9 apr\u00e8s la chute catastrophique de la fr\u00e9quentation de la f\u00eate foraine install\u00e9e jusqu\u2019au 12 juin sur la pelouse de Reuilly, au c\u0153ur du Bois de Vincennes (XIIe).<\/p>\n<p class=\"paragraph text_align_left\">\u00ab On est en train de nous \u00e9touffer \u00bb, se d\u00e9sole T\u00e9rence, propri\u00e9taire d\u2019autos-tamponneuses, \u00e0 dix jours de la fermeture des attractions. \u00ab Je ne sais pas comment je vais faire cette ann\u00e9e pour faire face au frais d\u2019emplacement et \u00e0 mes charges, se d\u00e9sole le propri\u00e9taire d\u2019un stand de p\u00eache \u00e0 la ligne. Je vais devoir faire un emprunt. \u00bb<\/p>\n<p class=\"paragraph text_align_left\">La <a href=\"https:\/\/www.leparisien.fr\/paris-75\/je-nai-jamais-vu-une-telle-baisse-daffluence-la-foire-du-trone-dans-une-mauvaise-passe-30-05-2025-7ZVJ7GZALZH6RFCWUMFVYOUS5Q.php\" target=\"_self\" rel=\"nofollow noopener\">fr\u00e9quentation a chut\u00e9<\/a> de fa\u00e7on vertigineuse ces derni\u00e8res semaines. En cause, selon les forains : la diffusion sur les r\u00e9seaux sociaux de vid\u00e9os montrant des bagarres et des razzias dans les boutiques. Des sc\u00e8nes \u00ab orchestr\u00e9es par les tiktokeurs qui ont cr\u00e9\u00e9 un sentiment d\u2019ins\u00e9curit\u00e9 chez les familles \u00ab alors que cet incident n\u2019a dur\u00e9 que quelques minutes \u00bb, insiste Tom Cohen, le nouveau pr\u00e9sident de la Foire du Tr\u00f4ne.<\/p>\n<p>De nouveaux acc\u00e8s r\u00e9clam\u00e9s<\/p>\n<p class=\"paragraph text_align_left\">Pour les forains, l\u2019\u00e9rosion de la fr\u00e9quentation observ\u00e9e depuis plusieurs ann\u00e9es est li\u00e9e aussi \u00e0 la fermeture de la bretelle du p\u00e9riph\u00e9rique \u00e0 la porte de Charenton et \u00e0 la suppression des places de stationnement le long de la ceinture du lac et du chemin Dom P\u00e9rignon, interdites aux voitures. \u00ab Une part importante de notre client\u00e8le vient de toute l\u2019\u00cele-de-France et pas seulement de Paris ou du Val-de-Marne se d\u00e9place en voiture \u00bb, argumente Tom Cohen en r\u00e9clamant des mesures pour faciliter l\u2019acc\u00e8s au site et le stationnement aux abords.<\/p>\n<p class=\"paragraph text_align_left\">En d\u00e9but d\u2019apr\u00e8s-midi, Nicolas Bonnet-Oulaldj, adjoint (PCF) charg\u00e9 du commerce, a re\u00e7u une d\u00e9l\u00e9gation et a promis d\u2019\u00e9voquer la situation avec Anne Hidalgo, ainsi que la maire du XIIe arrondissement et les pr\u00e9sidents des diff\u00e9rents groupes du Conseil de Paris. <\/p>\n<p class=\"paragraph text_align_left\">\u00ab Il faut rechercher les causes de cette baisse de la fr\u00e9quentation malgr\u00e9 une m\u00e9t\u00e9o cl\u00e9mente et des ponts prolong\u00e9s ; et trouver des solutions pour rendre la foire plus attractive, notamment aupr\u00e8s des familles qui souffrent d\u2019un manque de pouvoir d\u2019achat. Mais il n\u2019est pas question de renoncer au dispositif <a href=\"https:\/\/www.leparisien.fr\/paris-75\/paris-75012\/paris-respire-s-etend-au-bois-de-vincennes-14-07-2017-7134732.php\" target=\"_self\" rel=\"nofollow noopener\">Paris Respire<\/a> \u00bb, indique l\u2019\u00e9lu.<\/p>\n<p><img decoding=\"async\" class=\"image \" loading=\"lazy\" src=\"https:\/\/www.europesays.com\/fr\/wp-content\/uploads\/2025\/06\/JH2Q4FJULFE3FD5G4RKC65BSRA.jpg\" alt=\"Paris, France&#13;&#10;Jeudi 29 mai 2025&#13;&#10;&#13;&#10;Foire du Tr\u00f4ne 2025&#13;&#10;&#13;&#10;Le forains font une op\u00e9ration sp\u00e9ciale pendant deux jours. Les prix des attractions sont en promo, ils esperent faire revenir un public de moins en moins nombreux.&#13;&#10;LP\/Olivier Arandel\" align=\"\" data-rubrique-principale=\"\" data-article-type=\"\" fetchpriority=\"auto\"\/>Paris, France&#13;<br \/>\nJeudi 29 mai 2025&#13;<br \/>\n&#13;<br \/>\nFoire du Tr\u00f4ne 2025&#13;<br \/>\n&#13;<br \/>\nLe forains font une op\u00e9ration sp\u00e9ciale pendant deux jours. Les prix des attractions sont en promo, ils esperent faire revenir un public de moins en moins nombreux.&#13;<br \/>\nLP\/Olivier Arandel <\/p>\n<p class=\"paragraph text_align_left\"><a href=\"https:\/\/www.leparisien.fr\/paris-75\/paris-face-a-une-frequentation-inquietante-la-foire-du-trone-brade-ses-tickets-de-manege-27-05-2025-CG5PVEBAWBGM3NHXAFKQXXPDYA.php?ts=1748881517351\" target=\"_self\" rel=\"nofollow noopener\">L\u2019offre promotionnelle<\/a> sur les tickets de man\u00e8ge vendus \u00e0 moiti\u00e9 prix jeudi et vendredi derniers s\u2019est sold\u00e9e, selon eux, par \u00ab une l\u00e9g\u00e8re remont\u00e9e de la fr\u00e9quentation \u00bb, qui reste n\u00e9anmoins \u00ab pas suffisante leur permettre de sortir du rouge \u00bb. Les forains envisagent d\u2019organiser des op\u00e9rations escargot sur le p\u00e9riph\u00e9rique, dans Paris et sur les autoroutes, \u00ab dans les prochains jours, s\u2019il n\u2019y a pas d\u2019avanc\u00e9e \u00bb.<\/p>\n","protected":false},"excerpt":{"rendered":"Peluches, barbes \u00e0 papa, pop-corn et pommes d\u2019amour \u00e0 gogo\u2026 Une cinquantaine de forains de la Foire du&hellip;\n","protected":false},"author":2,"featured_media":147840,"comment_status":"","ping_status":"","sticky":false,"template":"","format":"standard","meta":{"footnotes":""},"categories":[1888],"tags":[11,1777,674,1011,27,1944,12,626,25],"class_list":{"0":"post-147839","1":"post","2":"type-post","3":"status-publish","4":"format-standard","5":"has-post-thumbnail","7":"category-paris","8":"tag-actualites","9":"tag-eu","10":"tag-europe","11":"tag-fr","12":"tag-france","13":"tag-ma-ville","14":"tag-news","15":"tag-paris","16":"tag-republique-francaise"},"share_on_mastodon":{"url":"https:\/\/pubeurope.com\/@fr\/114617065382960613","error":""},"_links":{"self":[{"href":"https:\/\/www.europesays.com\/fr\/wp-json\/wp\/v2\/posts\/147839","targetHints":{"allow":["GET"]}}],"collection":[{"href":"https:\/\/www.europesays.com\/fr\/wp-json\/wp\/v2\/posts"}],"about":[{"href":"https:\/\/www.europesays.com\/fr\/wp-json\/wp\/v2\/types\/post"}],"author":[{"embeddable":true,"href":"https:\/\/www.europesays.com\/fr\/wp-json\/wp\/v2\/users\/2"}],"replies":[{"embeddable":true,"href":"https:\/\/www.europesays.com\/fr\/wp-json\/wp\/v2\/comments?post=147839"}],"version-history":[{"count":0,"href":"https:\/\/www.europesays.com\/fr\/wp-json\/wp\/v2\/posts\/147839\/revisions"}],"wp:featuredmedia":[{"embeddable":true,"href":"https:\/\/www.europesays.com\/fr\/wp-json\/wp\/v2\/media\/147840"}],"wp:attachment":[{"href":"https:\/\/www.europesays.com\/fr\/wp-json\/wp\/v2\/media?parent=147839"}],"wp:term":[{"taxonomy":"category","embeddable":true,"href":"https:\/\/www.europesays.com\/fr\/wp-json\/wp\/v2\/categories?post=147839"},{"taxonomy":"post_tag","embeddable":true,"href":"https:\/\/www.europesays.com\/fr\/wp-json\/wp\/v2\/tags?post=147839"}],"curies":[{"name":"wp","href":"https:\/\/api.w.org\/{rel}","templated":true}]}}