{"id":147845,"date":"2025-06-03T02:28:14","date_gmt":"2025-06-03T02:28:14","guid":{"rendered":"https:\/\/www.europesays.com\/fr\/147845\/"},"modified":"2025-06-03T02:28:14","modified_gmt":"2025-06-03T02:28:14","slug":"usa-nouveau-repli-de-lactivite-manufacturiere-en-mai-les-droits-de-douane-comme-trouble-fete-02-06-2025-a-1813","status":"publish","type":"post","link":"https:\/\/www.europesays.com\/fr\/147845\/","title":{"rendered":"USA: nouveau repli de l&rsquo;activit\u00e9 manufacturi\u00e8re en mai, les droits de douane comme trouble-f\u00eate &#8211; 02\/06\/2025 \u00e0 18:13"},"content":{"rendered":"<p>        <img fetchpriority=\"high\" decoding=\"async\" src=\"https:\/\/www.europesays.com\/fr\/wp-content\/uploads\/2025\/06\/8e3aa5b7085795b8da53d28fecad3af2-760x507.jpg\" alt=\"( GETTY IMAGES NORTH AMERICA \/ GEORGE FREY )\" loading=\"eager\" width=\"760\" height=\"507\" style=\"max-width: 100%!important; height: auto;\"\/><\/p>\n<p class=\"c-image-news__legend\">( GETTY IMAGES NORTH AMERICA \/ GEORGE FREY )<\/p>\n<p>\n L&rsquo;activit\u00e9 manufacturi\u00e8re a continu\u00e9 de se contracter en mai aux \u00c9tats-Unis, selon un indicateur publi\u00e9 lundi montrant que les industriels passent beaucoup de temps \u00e0 jongler avec les nouveaux droits de douane.\n<\/p>\n<p>\n Un barom\u00e8tre mensuel de la f\u00e9d\u00e9ration professionnelle ISM, bas\u00e9 sur les r\u00e9ponses d&rsquo;un panel d&rsquo;entreprises, \u00e9value la sant\u00e9 de l&rsquo;industrie am\u00e9ricaine.\n<\/p>\n<p>\n Il montre que l&rsquo;activit\u00e9 manufacturi\u00e8re a recul\u00e9 pour le troisi\u00e8me mois d&rsquo;affil\u00e9e en mai \u00e0 48,5% (contre 48,7% pr\u00e9c\u00e9demment).\n<\/p>\n<p>\n La publication est conforme aux attentes des analystes, selon le consensus publi\u00e9 par MarketWatch.\n<\/p>\n<p>\n \u00ab\u00a0En mai, l&rsquo;activit\u00e9 manufacturi\u00e8re am\u00e9ricaine s&rsquo;est un peu plus enfonc\u00e9e apr\u00e8s avoir augment\u00e9 seulement marginalement en f\u00e9vrier\u00a0\u00bb, rel\u00e8ve la responsable de l&rsquo;enqu\u00eate Susan Spence, cit\u00e9e dans un communiqu\u00e9.\n<\/p>\n<p>\n \u00ab\u00a0Les entreprises sond\u00e9es revoient toujours leurs programmes de production \u00e0 la baisse en raison de l&rsquo;incertitude \u00e9conomique\u00a0\u00bb, ajoute-t-elle.\n<\/p>\n<p>\n Droits de douane sur certains secteurs (acier, aluminium, automobile), certains pays (Chine, Canada, Mexique) ou encore universels&#8230; Depuis son retour \u00e0 la Maison-Blanche en janvier, Donald Trump a \u00e9lev\u00e9 un mur de nouvelles taxes sur les produits entrant dans son pays, avant de faire en partie marche arri\u00e8re.\n<\/p>\n<p>\n Vendredi, il a annonc\u00e9 qu&rsquo;il voulait doubler la surtaxe sur l&rsquo;acier et l&rsquo;aluminium import\u00e9s, pour la passer \u00e0 50%. Ces m\u00e9taux sont incontournables dans l&rsquo;industrie.\n<\/p>\n<p>\n Les entreprises sond\u00e9es pour l&rsquo;enqu\u00eate ISM citent massivement les droits de douane comme \u00e9l\u00e9ments perturbateurs.\n<\/p>\n<p>\n \u00ab\u00a0Les sous-traitants peinent \u00e0 s&rsquo;adapter et \u00e0 rester profitables face aux r\u00e9percussions de la politique douani\u00e8re changeante du gouvernement\u00a0\u00bb, t\u00e9moigne un cadre du secteur du transport, qui inclut l&rsquo;industrie automobile, cit\u00e9 anonymement dans le communiqu\u00e9.\n<\/p>\n<p>\n \u00ab\u00a0Si les constructeurs ont d\u00e9j\u00e0 fait passer des hausses de prix (aux consommateurs) pour pr\u00e9server leurs marges, ils ne sont pas coop\u00e9ratifs avec leurs fournisseurs\u00a0\u00bb quand ceux-ci essaient de r\u00e9percuter leurs surco\u00fbts, poursuit ce sond\u00e9, notant que cela plonge ces derniers dans les \u00ab\u00a0difficult\u00e9s financi\u00e8res\u00a0\u00bb.\n<\/p>\n<p>\n \u00ab\u00a0La plupart de nos fournisseurs nous r\u00e9percutent (sur leur facture) la totalit\u00e9 des droits de douane\u00a0\u00bb, rapporte \u00e0 l&rsquo;inverse un autre sond\u00e9, du secteur des produits chimiques.\n<\/p>\n<p>\n \u00ab\u00a0Les droits de douane du gouvernement ont \u00e0 eux seuls g\u00e9n\u00e9r\u00e9 des perturbations dans les cha\u00eenes de production comparables avec l&rsquo;\u00e9poque du Covid-19\u00a0\u00bb, s&rsquo;agace un cadre secteur des \u00e9quipements \u00e9lectriques.<\/p>\n","protected":false},"excerpt":{"rendered":"( GETTY IMAGES NORTH AMERICA \/ GEORGE FREY ) L&rsquo;activit\u00e9 manufacturi\u00e8re a continu\u00e9 de se contracter en mai&hellip;\n","protected":false},"author":2,"featured_media":147846,"comment_status":"","ping_status":"","sticky":false,"template":"","format":"standard","meta":{"footnotes":""},"categories":[1589],"tags":[400,11,398,408,405,73,1866,403,402,399,404,12,401,406,1864,1865,1863,308,407],"class_list":{"0":"post-147845","1":"post","2":"type-post","3":"status-publish","4":"format-standard","5":"has-post-thumbnail","7":"category-etats-unis","8":"tag-action-cac-40","9":"tag-actualites","10":"tag-bourse-de-paris","11":"tag-boursorama","12":"tag-cotations","13":"tag-etats-unis","14":"tag-etats-unis-damerique","15":"tag-indices-devises","16":"tag-investir","17":"tag-investissement","18":"tag-marche-boursier","19":"tag-news","20":"tag-sicav","21":"tag-trackers","22":"tag-united-states","23":"tag-united-states-of-america","24":"tag-us","25":"tag-usa","26":"tag-warrants"},"share_on_mastodon":{"url":"https:\/\/pubeurope.com\/@fr\/114617077203216151","error":""},"_links":{"self":[{"href":"https:\/\/www.europesays.com\/fr\/wp-json\/wp\/v2\/posts\/147845","targetHints":{"allow":["GET"]}}],"collection":[{"href":"https:\/\/www.europesays.com\/fr\/wp-json\/wp\/v2\/posts"}],"about":[{"href":"https:\/\/www.europesays.com\/fr\/wp-json\/wp\/v2\/types\/post"}],"author":[{"embeddable":true,"href":"https:\/\/www.europesays.com\/fr\/wp-json\/wp\/v2\/users\/2"}],"replies":[{"embeddable":true,"href":"https:\/\/www.europesays.com\/fr\/wp-json\/wp\/v2\/comments?post=147845"}],"version-history":[{"count":0,"href":"https:\/\/www.europesays.com\/fr\/wp-json\/wp\/v2\/posts\/147845\/revisions"}],"wp:featuredmedia":[{"embeddable":true,"href":"https:\/\/www.europesays.com\/fr\/wp-json\/wp\/v2\/media\/147846"}],"wp:attachment":[{"href":"https:\/\/www.europesays.com\/fr\/wp-json\/wp\/v2\/media?parent=147845"}],"wp:term":[{"taxonomy":"category","embeddable":true,"href":"https:\/\/www.europesays.com\/fr\/wp-json\/wp\/v2\/categories?post=147845"},{"taxonomy":"post_tag","embeddable":true,"href":"https:\/\/www.europesays.com\/fr\/wp-json\/wp\/v2\/tags?post=147845"}],"curies":[{"name":"wp","href":"https:\/\/api.w.org\/{rel}","templated":true}]}}