{"id":147855,"date":"2025-06-03T02:33:09","date_gmt":"2025-06-03T02:33:09","guid":{"rendered":"https:\/\/www.europesays.com\/fr\/147855\/"},"modified":"2025-06-03T02:33:09","modified_gmt":"2025-06-03T02:33:09","slug":"stage-de-citoyennete-sursis-les-premiers-emeutiers-juges-apres-les-violences-a-paris-ressortent-libres-du-tribunal","status":"publish","type":"post","link":"https:\/\/www.europesays.com\/fr\/147855\/","title":{"rendered":"Stage de citoyennet\u00e9, sursis&#8230; Les premiers \u00e9meutiers jug\u00e9s apr\u00e8s les violences \u00e0 Paris ressortent libres du tribunal"},"content":{"rendered":"<p><strong>COMPTE-RENDU D\u2019AUDIENCE<\/strong> &#8211; Ce lundi, quatre jeunes hommes comparaissaient \u00e0 Paris pour des violences contre les policiers et gendarmes commises en marge des c\u00e9l\u00e9brations de samedi. Ils ont \u00e9cop\u00e9 de peines allant de 2 \u00e0 8 mois de prison avec sursis, parfois d\u2019un stage de citoyennet\u00e9 ou d\u2019une amende.<\/p>\n<p class=\"fig-paragraph\">C\u2019est l\u2019affluence m\u00e9diatique des grands jours, ce lundi 2 juin \u00e0 la 23e chambre correctionnelle du tribunal de Paris. Et pour cause\u00a0:\u00a0<a href=\"http:\/\/www.lefigaro.fr\/faits-divers\/debordements-en-marge-de-la-victoire-du-psg-apres-les-violences-de-premieres-comparutions-attendues-a-paris-ce-lundi-20250602\" data-fig-type=\"NewsFlash\" data-gtm-custom-categorie=\"navigation\" data-gtm-custom-action=\"crossclick\" data-gtm-custom-label=\"Contextuel\" data-gtm-event=\"customEventSPE\" data-fig-domain=\"LEFIGARO\" rel=\"nofollow noopener\" target=\"_blank\">au lendemain des sc\u00e8nes de pillages et d\u2019\u00e9meutes<\/a>\u00a0qui ont terni la belle victoire parisienne en Ligue des Champions, le deuxi\u00e8me acte doit se jouer dans les pr\u00e9toires. Cette violence que les forces de l\u2019ordre, pourtant pr\u00e9sentes en nombre dans la capitale, n\u2019ont pas pu contenir, la justice devait la r\u00e9primer avec une s\u00e9v\u00e9rit\u00e9 exemplaire\u00a0: \u00abNous poursuivrons, nous punirons, on sera implacables\u00bb a promis dimanche\u00a0<a href=\"http:\/\/www.lefigaro.fr\/vox\/societe\/goldnadel-champion-mon-frere-l-enthousiasme-deplace-d-emmanuel-macron-20250602\" data-fig-type=\"Article\" data-gtm-custom-categorie=\"navigation\" data-gtm-custom-action=\"crossclick\" data-gtm-custom-label=\"Contextuel\" data-gtm-event=\"customEventSPE\" data-fig-domain=\"LEFIGARO\" rel=\"nofollow noopener\" target=\"_blank\">le pr\u00e9sident de la R\u00e9publique<\/a>\u00a0apr\u00e8s avoir condamn\u00e9 en des termes forts les violences de la nuit.<\/p>\n<p class=\"fig-paragraph\">Mais s\u00e9paration des pouvoirs oblige, c\u2019est \u00e0 deux autres pr\u00e9sidents, en l\u2019occurrence deux pr\u00e9sidentes, qu\u2019il appartenait lundi d\u2019en juger\u00a0: celles des deux salles d\u2019audience en comparution imm\u00e9diate du tribunal judiciaire de Paris, devant lesquelles ont comparu quatre jeunes hommes accus\u00e9s de violences envers les forces de l\u2019ordre. Tous les\u2026<\/p>\n<p class=\"fig-premium-paywall__infos\">\n        Cet article est r\u00e9serv\u00e9 aux abonn\u00e9s.        Il vous reste 86% \u00e0 d\u00e9couvrir.\n    <\/p>\n<p>                <img  data- alt=\"Le Figaro\" class=\"fig-img--complete fig-img\"\/><\/p>\n<p class=\"fig-premium-paywall__title\">Vente Flash<\/p>\n<p class=\"fig-premium-paywall__subtitle\">4,99\u20ac par mois pendant 12 mois. Sans engagement.<\/p>\n<p class=\"fig-premium-paywall__connect\">\n                D\u00e9j\u00e0 abonn\u00e9\u00a0?                <a class=\"fig-premium-paywall__connect-link\" href=\"https:\/\/connect.lefigaro.fr\/login?client=horizon_web&amp;type=main&amp;redirect_uri=https%3A%2F%2Fwww.lefigaro.fr%2Factualite-france%2Fstage-de-citoyennete-sursis-les-premiers-emeutiers-juges-apres-les-violences-a-paris-ressortent-libres-du-tribunal-20250603\" data-js-gtm=\"{&quot;customCategorie&quot;: &quot;conversion&quot;, &quot;customAction&quot;: &quot;before_Landing_Connexion_paywall_auto&quot;, &quot;customLabel&quot;: &quot;bGVmaWdhcm8uZnJfXzFmMDNmZjU1LTgwNTAtNjY4NC05YTRjLTU1MmFiZDFhYzA5MF9fQXJ0aWNsZQ==_Stage de citoyennet\u00e9, sursis... Les premiers \u00e9meutiers jug\u00e9s apr\u00e8s les violences \u00e0 Paris ressortent libres du tribunal_346&quot;, &quot;customIDSPE&quot;: &quot;bGVmaWdhcm8uZnJfXzFmMDNmZjU1LTgwNTAtNjY4NC05YTRjLTU1MmFiZDFhYzA5MF9fQXJ0aWNsZQ==&quot;, &quot;event&quot;: &quot;customEventSPE&quot;}\" rel=\"nofollow noopener\" target=\"_blank\"><br \/>\n                    Connectez-vous<br \/>\n                <\/a>\n            <\/p>\n","protected":false},"excerpt":{"rendered":"COMPTE-RENDU D\u2019AUDIENCE &#8211; Ce lundi, quatre jeunes hommes comparaissaient \u00e0 Paris pour des violences contre les policiers et&hellip;\n","protected":false},"author":2,"featured_media":147856,"comment_status":"","ping_status":"","sticky":false,"template":"","format":"standard","meta":{"footnotes":""},"categories":[2],"tags":[47,1058,1054,1059,1060,1055,11,1057,10643,118,1011,27,1061,303,12,1062,93,25,656,104,1056,809],"class_list":{"0":"post-147855","1":"post","2":"type-post","3":"status-publish","4":"format-standard","5":"has-post-thumbnail","7":"category-actualites","8":"tag-actualite","9":"tag-actualite-education","10":"tag-actualite-france","11":"tag-actualite-justice","12":"tag-actualite-securite","13":"tag-actualite-societe","14":"tag-actualites","15":"tag-education","16":"tag-emeutes","17":"tag-faits-divers","18":"tag-fr","19":"tag-france","20":"tag-immigration","21":"tag-justice","22":"tag-news","23":"tag-polemique","24":"tag-psg","25":"tag-republique-francaise","26":"tag-securite","27":"tag-societe","28":"tag-societe-francaise","29":"tag-violence"},"share_on_mastodon":{"url":"https:\/\/pubeurope.com\/@fr\/114617096862503906","error":""},"_links":{"self":[{"href":"https:\/\/www.europesays.com\/fr\/wp-json\/wp\/v2\/posts\/147855","targetHints":{"allow":["GET"]}}],"collection":[{"href":"https:\/\/www.europesays.com\/fr\/wp-json\/wp\/v2\/posts"}],"about":[{"href":"https:\/\/www.europesays.com\/fr\/wp-json\/wp\/v2\/types\/post"}],"author":[{"embeddable":true,"href":"https:\/\/www.europesays.com\/fr\/wp-json\/wp\/v2\/users\/2"}],"replies":[{"embeddable":true,"href":"https:\/\/www.europesays.com\/fr\/wp-json\/wp\/v2\/comments?post=147855"}],"version-history":[{"count":0,"href":"https:\/\/www.europesays.com\/fr\/wp-json\/wp\/v2\/posts\/147855\/revisions"}],"wp:featuredmedia":[{"embeddable":true,"href":"https:\/\/www.europesays.com\/fr\/wp-json\/wp\/v2\/media\/147856"}],"wp:attachment":[{"href":"https:\/\/www.europesays.com\/fr\/wp-json\/wp\/v2\/media?parent=147855"}],"wp:term":[{"taxonomy":"category","embeddable":true,"href":"https:\/\/www.europesays.com\/fr\/wp-json\/wp\/v2\/categories?post=147855"},{"taxonomy":"post_tag","embeddable":true,"href":"https:\/\/www.europesays.com\/fr\/wp-json\/wp\/v2\/tags?post=147855"}],"curies":[{"name":"wp","href":"https:\/\/api.w.org\/{rel}","templated":true}]}}