{"id":147857,"date":"2025-06-03T02:34:14","date_gmt":"2025-06-03T02:34:14","guid":{"rendered":"https:\/\/www.europesays.com\/fr\/147857\/"},"modified":"2025-06-03T02:34:14","modified_gmt":"2025-06-03T02:34:14","slug":"bruno-retailleau-fait-des-jeunes-racises-des-quartiers-populaires-des-ennemis-de-linterieur-mediapart","status":"publish","type":"post","link":"https:\/\/www.europesays.com\/fr\/147857\/","title":{"rendered":"\u00ab Bruno Retailleau fait des jeunes racis\u00e9s des quartiers populaires des ennemis de l\u2019int\u00e9rieur \u00bb &#8211; Mediapart"},"content":{"rendered":"<ol>\n<li><a href=\"https:\/\/news.google.com\/rss\/articles\/CBMi2gFBVV95cUxOSnNSbHZQX2xnWlFNYmhra2xlNFpSY2RIVzFNa0c5cnBPSmYtWmI4MFRBcTE2UWdwbWxfMlVCU2FqSm1BRnZfWDN2a21SOGFOVC12NDI3Ul9ldlV5MWJxRUJWMmJwQ2Fsc0xGSmlDRE5YUTFnQmlmdmNtQ3RnTEw3cXRMc2RVNW8zSEw3dE0tbkRpZXZ2c2hQZFpsZ1lQWU44TFE0ZVZuMkdnUVRORExGVkdRNUZSeS1Xdk5Ua3lsN3lBaWM5NkxHVXp1WG82X3F3SEVNQ1VqNEJxUQ?oc=5\" target=\"_blank\" rel=\"noopener\">\u00ab Bruno Retailleau fait des jeunes racis\u00e9s des quartiers populaires des ennemis de l\u2019int\u00e9rieur \u00bb<\/a>&nbsp;&nbsp;Mediapart<\/li>\n<li><a href=\"https:\/\/news.google.com\/rss\/articles\/CBMi2wFBVV95cUxQd0NZVzd6QzRUUld3OFVGVm9EeXItRWcxekdWOVE3NDR5VU1ab2RaTy0xbWRFdnozV2dUTGt2X0xPNVZNek1jQXlHMTdJd1ZmTkU1bURkZ2kzQ3NpQWFrSXFfYl9VMHRDUWtNZDUyWW81QVg1NEVfNklmSDVhaVEzS2x5RmtUZUVYWldmMkVtMVhUMzZGMHQxdU5aYUE5dFlLNElUQXZTc1BuTnU1aVR0UXdDUGNMWmZDX3FwVWFZQk44LUJzSk0ycjV6cmlBWUowUlpyRHE5eEFHU2c?oc=5\" target=\"_blank\" rel=\"noopener\">Apr\u00e8s la victoire du PSG, Retailleau cible les \u00ab barbares \u00bb : escalade verbale, arri\u00e8re-go\u00fbt colonial<\/a>&nbsp;&nbsp;Mediapart<\/li>\n<li><a href=\"https:\/\/news.google.com\/rss\/articles\/CBMi7gFBVV95cUxPTTA4bFpuN1RFX002bmFHTS1DM0ZSOHQwTXM1eHBzSXdvV0ZiUXRjT3UtbmEwNkdkcTlITVR2akQ4dF9EQXc5OE1FZ0tUY2k2dEhVV0twTzVEVE1yMHN4Zy1QM2ttV2Vxd0tadUpIRnJzU2hFMnJWQ0JxTEJjSGs2N18xajNBZjdSNXQ3b3QzZktQc0NkeXNfOGxmTExrNXNwUmd0dEo5WEVTbXh5Z0Fkb0o4LTRnbFprRUpCakpxWjNkSjlXcU92bllDYkdnTlNZOE9rVWNuNGN4V2ZDTVA1b1ZzWERzNTFQMVNKLTh3?oc=5\" target=\"_blank\" rel=\"noopener\">Face \u00e0 Duhamel : S\u00e9bastien Chenu &#8211; Violences d&rsquo;apr\u00e8s-match : le RN ferait-il mieux ? &#8211; 02\/06<\/a>&nbsp;&nbsp;BFMTV<\/li>\n<li><a href=\"https:\/\/news.google.com\/rss\/articles\/CBMijgFBVV95cUxNbzk3aURiWW1DRGlOYi1pM0JnQkVPbWtrWmZwTFZYWWxSZE1adGhZLUI0Skg0V3U5NVdPS3R0dEJXNHNKdnl5NnBfbmpoSmVIaFVnaUdGNmtpbFdNOGd4MUFEeWloa2ZtUmtuUXk5dS1uYXl1a3N6Y3BlZ2NGOVlaS2RlRUdSM2pWdl9QU0t3?oc=5\" target=\"_blank\" rel=\"noopener\">L&rsquo;int\u00e9grale du lundi 2 juin<\/a>&nbsp;&nbsp;Public S\u00e9nat<\/li>\n<li><a href=\"https:\/\/news.google.com\/rss\/articles\/CBMitwFBVV95cUxQaDQ3Q2pDT19fUG5nTmxaSmVvRTdJWUFzUGVoY19VcDZicDY1TE5jS0lvclFvLTVSUjFvckl4Qjc0UVV3TWp5TkxBUjVRQlZNT1MxVHllYkg3ZGxkZE1MT1RhcEdEdWNTaUNmSHlNMG5rVG1mN1dHaTJOUmxrNFFnZE5uZm1rUUhSdU5kTEVUUmJ2dWtrR0ZOX2VjTmpiamZuLTByeVM1bVZmaGU2ek5FcngyMFMzV28?oc=5\" target=\"_blank\" rel=\"noopener\">Le \u00ab\u00a0barbare\u00a0\u00bb : une fiction de l&rsquo;ethnocentrisme<\/a>&nbsp;&nbsp;Radio France<\/li>\n<\/ol>\n","protected":false},"excerpt":{"rendered":"\u00ab Bruno Retailleau fait des jeunes racis\u00e9s des quartiers populaires des ennemis de l\u2019int\u00e9rieur \u00bb&nbsp;&nbsp;Mediapart Apr\u00e8s la victoire&hellip;\n","protected":false},"author":2,"featured_media":147858,"comment_status":"","ping_status":"","sticky":false,"template":"","format":"standard","meta":{"footnotes":""},"categories":[2],"tags":[11,1013,5894,1076,1011,27,6319,12,10162,25,1022],"class_list":{"0":"post-147857","1":"post","2":"type-post","3":"status-publish","4":"format-standard","5":"has-post-thumbnail","7":"category-actualites","8":"tag-actualites","9":"tag-bruno-retailleau","10":"tag-discriminations","11":"tag-extreme-droite","12":"tag-fr","13":"tag-france","14":"tag-les-republicains","15":"tag-news","16":"tag-racisme","17":"tag-republique-francaise","18":"tag-vincent-bollore"},"share_on_mastodon":{"url":"https:\/\/pubeurope.com\/@fr\/114617100978988974","error":""},"_links":{"self":[{"href":"https:\/\/www.europesays.com\/fr\/wp-json\/wp\/v2\/posts\/147857","targetHints":{"allow":["GET"]}}],"collection":[{"href":"https:\/\/www.europesays.com\/fr\/wp-json\/wp\/v2\/posts"}],"about":[{"href":"https:\/\/www.europesays.com\/fr\/wp-json\/wp\/v2\/types\/post"}],"author":[{"embeddable":true,"href":"https:\/\/www.europesays.com\/fr\/wp-json\/wp\/v2\/users\/2"}],"replies":[{"embeddable":true,"href":"https:\/\/www.europesays.com\/fr\/wp-json\/wp\/v2\/comments?post=147857"}],"version-history":[{"count":0,"href":"https:\/\/www.europesays.com\/fr\/wp-json\/wp\/v2\/posts\/147857\/revisions"}],"wp:featuredmedia":[{"embeddable":true,"href":"https:\/\/www.europesays.com\/fr\/wp-json\/wp\/v2\/media\/147858"}],"wp:attachment":[{"href":"https:\/\/www.europesays.com\/fr\/wp-json\/wp\/v2\/media?parent=147857"}],"wp:term":[{"taxonomy":"category","embeddable":true,"href":"https:\/\/www.europesays.com\/fr\/wp-json\/wp\/v2\/categories?post=147857"},{"taxonomy":"post_tag","embeddable":true,"href":"https:\/\/www.europesays.com\/fr\/wp-json\/wp\/v2\/tags?post=147857"}],"curies":[{"name":"wp","href":"https:\/\/api.w.org\/{rel}","templated":true}]}}