{"id":147859,"date":"2025-06-03T02:35:09","date_gmt":"2025-06-03T02:35:09","guid":{"rendered":"https:\/\/www.europesays.com\/fr\/147859\/"},"modified":"2025-06-03T02:35:09","modified_gmt":"2025-06-03T02:35:09","slug":"islande-france-a-quelle-heure-et-sur-quelle-chaine-tv-suivre-le-match-de-ligue-des-nations-feminine","status":"publish","type":"post","link":"https:\/\/www.europesays.com\/fr\/147859\/","title":{"rendered":"Islande &#8211; France\u00a0: \u00e0 quelle heure et sur quelle cha\u00eene TV suivre le match de Ligue des nations f\u00e9minine\u00a0?"},"content":{"rendered":"<p class=\"paragraph text_align_left\">La France n\u2019est plus qu\u2019\u00e0 un match de la phase de groupes parfaite. Apr\u00e8s avoir gagn\u00e9 leurs cinq premi\u00e8res rencontres dans le groupe 2 de la Ligue A, <a href=\"https:\/\/www.leparisien.fr\/sports\/football\/equipe-de-france-feminine\/\" target=\"_blank\" rel=\"noreferrer nofollow noopener\">les Bleues<\/a> se d\u00e9placent en Islande \u00e0 l\u2019occasion de la derni\u00e8re journ\u00e9e de Ligue des nations.<\/p>\n<p class=\"paragraph text_align_left\">Lors du match aller entre les deux \u00e9quipes, <a href=\"https:\/\/www.leparisien.fr\/sports\/football\/equipe-de-france-feminine\/france-islande-3-2-les-bleues-enchainent-en-ligue-des-nations-le-sommer-bat-le-record-de-selections-25-02-2025-QGDXBXM7UZEILKVJYLSN25EP6I.php#:~:text=L&#039;%C3%A9quipe%20de%20France%20f%C3%A9minine,d%C3%A9tentrice%20du%20record%20de%20s%C3%A9lections.\" target=\"_blank\" rel=\"noreferrer nofollow noopener\">les joueuses de Laurent Bonadei avaient gagn\u00e9 d\u2019une courte marge (3-2)<\/a>. L\u2019\u00e9quipe de France avait alors pu compter sur des buts de Kadidiatou Diani, Marie-Antoinette Katoto et Sandy Baltimore.<\/p>\n<p class=\"paragraph text_align_left\">Lors de ce rassemblement, les Fran\u00e7aises ont d\u00e9j\u00e0 disput\u00e9 une rencontre, face \u00e0 la Suisse, toujours en Ligue des nations. Et elles ont fait le plein de confiance <a href=\"https:\/\/www.leparisien.fr\/sports\/football\/equipe-de-france-feminine\/france-suisse-4-0-le-resume-du-beau-succes-des-bleues-qui-poursuivent-leur-sans-faute-en-ligue-des-nations-30-05-2025-ILUM3WYQ6FGTPOFMU3PJOYESEY.php\" target=\"_blank\" rel=\"noreferrer nofollow noopener\">en s\u2019imposant largement (4-0)<\/a>.<\/p>\n<p class=\"paragraph text_align_left\"><b>Le coup d\u2019envoi du match de Ligue des nations entre l\u2019Islande et la France sera donn\u00e9 \u00e0 20h ce mardi 3 juin. La rencontre sera \u00e0 suivre sur 6ter.<\/b><\/p>\n","protected":false},"excerpt":{"rendered":"La France n\u2019est plus qu\u2019\u00e0 un match de la phase de groupes parfaite. Apr\u00e8s avoir gagn\u00e9 leurs cinq&hellip;\n","protected":false},"author":2,"featured_media":147860,"comment_status":"","ping_status":"","sticky":false,"template":"","format":"standard","meta":{"footnotes":""},"categories":[4],"tags":[11,2067,63,1011,27,12,25,60],"class_list":{"0":"post-147859","1":"post","2":"type-post","3":"status-publish","4":"format-standard","5":"has-post-thumbnail","7":"category-france","8":"tag-actualites","9":"tag-equipe-de-france-feminine","10":"tag-football","11":"tag-fr","12":"tag-france","13":"tag-news","14":"tag-republique-francaise","15":"tag-sports"},"share_on_mastodon":{"url":"https:\/\/pubeurope.com\/@fr\/114617104679961686","error":""},"_links":{"self":[{"href":"https:\/\/www.europesays.com\/fr\/wp-json\/wp\/v2\/posts\/147859","targetHints":{"allow":["GET"]}}],"collection":[{"href":"https:\/\/www.europesays.com\/fr\/wp-json\/wp\/v2\/posts"}],"about":[{"href":"https:\/\/www.europesays.com\/fr\/wp-json\/wp\/v2\/types\/post"}],"author":[{"embeddable":true,"href":"https:\/\/www.europesays.com\/fr\/wp-json\/wp\/v2\/users\/2"}],"replies":[{"embeddable":true,"href":"https:\/\/www.europesays.com\/fr\/wp-json\/wp\/v2\/comments?post=147859"}],"version-history":[{"count":0,"href":"https:\/\/www.europesays.com\/fr\/wp-json\/wp\/v2\/posts\/147859\/revisions"}],"wp:featuredmedia":[{"embeddable":true,"href":"https:\/\/www.europesays.com\/fr\/wp-json\/wp\/v2\/media\/147860"}],"wp:attachment":[{"href":"https:\/\/www.europesays.com\/fr\/wp-json\/wp\/v2\/media?parent=147859"}],"wp:term":[{"taxonomy":"category","embeddable":true,"href":"https:\/\/www.europesays.com\/fr\/wp-json\/wp\/v2\/categories?post=147859"},{"taxonomy":"post_tag","embeddable":true,"href":"https:\/\/www.europesays.com\/fr\/wp-json\/wp\/v2\/tags?post=147859"}],"curies":[{"name":"wp","href":"https:\/\/api.w.org\/{rel}","templated":true}]}}