{"id":147861,"date":"2025-06-03T02:38:14","date_gmt":"2025-06-03T02:38:14","guid":{"rendered":"https:\/\/www.europesays.com\/fr\/147861\/"},"modified":"2025-06-03T02:38:14","modified_gmt":"2025-06-03T02:38:14","slug":"caucaunibuca-bientot-de-retour-sur-les-terrains-de-top-14","status":"publish","type":"post","link":"https:\/\/www.europesays.com\/fr\/147861\/","title":{"rendered":"Caucaunibuca bient\u00f4t de retour sur les terrains de Top 14"},"content":{"rendered":"<p>L\u2019iconique Rupeni Caucaunibuca, pass\u00e9 par Agen et Toulouse, avait laiss\u00e9 un souvenir imp\u00e9rissable en France. Montpellier vient de recruter&#8230; son fils, Rupeni Junior.<\/p>\n<p class=\"fig-paragraph\">Caucaunibuca de retour en France\u00a0! Pas la l\u00e9gende fidjienne, qui faisait se lever le public \u00e0 chacun de ses essais (65 en 108 apparitions en France) lorsqu\u2019il portait, de 2004 \u00e0 2014, les couleurs du SU Agen\u00a0<a href=\"https:\/\/www.lefigaro.fr\/blogs\/rugby\/2011\/05\/un-drole-de-caucau.html\" data-fig-type=\"Article\" data-gtm-custom-categorie=\"navigation\" data-gtm-custom-action=\"crossclick\" data-gtm-custom-label=\"Contextuel\" data-gtm-event=\"customEventSPE\" data-fig-domain=\"LEFIGARO\" target=\"_blank\" rel=\"noopener\">puis du Stade Toulousain<\/a>.<\/p>\n<p class=\"fig-paragraph\">D\u00e9sormais \u00e2g\u00e9 de 44 ans, \u00abCaucau\u00bb, champion de France de Pro D2 en 2010 puis vainqueur du Top 14 en 2011 et 2012, a termin\u00e9 sa carri\u00e8re il y a quelques ann\u00e9es en rugby \u00e0 7 au\u2026 Sri Lanka.<\/p>\n<p class=\"fig-paragraph\">Selon Midi Olympique, Montpellier a recrut\u00e9 son fils, Rupeni Junior Caucaunibuca, pas encore 18 ans. Et des aptitudes qui laissent esp\u00e9rer des prestations aussi iconiques que celle de son g\u00e9niteur.<\/p>\n<p>\u00abJe ferai de mon mieux pour revenir l\u00e0 o\u00f9 mon p\u00e8re s\u2019est arr\u00eat\u00e9, voire mieux\u00bb<\/p>\n<p class=\"fig-paragraph\">Le jeune homme, qui \u00e9volue actuellement \u00e0 la Naitasiri Secondary School aux Fidji, pratique le rugby \u00e0 XIII mais aussi l\u2019athl\u00e9tisme. Avec un record de 11,02 secondes sur 100 m\u00e8tres selon le site FijiSun.<\/p>\n<p class=\"fig-paragraph\">Dot\u00e9 d\u2019appuis foudroyants, Rupeni Junior ne fait pas myst\u00e8re de ses (grandes) ambitions. Fin avril, alors convoit\u00e9 par les Auckland Blues, mais aussi le Stade Toulousain, l\u2019ASM Clermont et le MHR donc, il s\u2019\u00e9tait confi\u00e9 au FijiSun. \u00abJe ferai de mon mieux pour revenir l\u00e0 o\u00f9 mon p\u00e8re s\u2019est arr\u00eat\u00e9, voire mieux. Je veux \u00e0 nouveau \u00e9voquer le nom de mon p\u00e8re sur le terrain de rugby.\u00bb<\/p>\n","protected":false},"excerpt":{"rendered":"L\u2019iconique Rupeni Caucaunibuca, pass\u00e9 par Agen et Toulouse, avait laiss\u00e9 un souvenir imp\u00e9rissable en France. Montpellier vient de&hellip;\n","protected":false},"author":2,"featured_media":147862,"comment_status":"","ping_status":"","sticky":false,"template":"","format":"standard","meta":{"footnotes":""},"categories":[1416],"tags":[2306,525,2309,1981,2313,1089,451,814,1011,27,955,14987,2308,2311,1980,479,1468,2259,2307,60,478,2310,2312,513],"class_list":{"0":"post-147861","1":"post","2":"type-post","3":"status-publish","4":"format-standard","5":"has-post-thumbnail","7":"category-rugby","8":"tag-6-nations","9":"tag-calendrier","10":"tag-challenge-europeen","11":"tag-classement","12":"tag-clermont","13":"tag-coupe-deurope","14":"tag-coupe-du-monde","15":"tag-direct","16":"tag-fr","17":"tag-france","18":"tag-match","19":"tag-mhr","20":"tag-pro-d2","21":"tag-racing","22":"tag-resultats","23":"tag-rugby","24":"tag-rugby-football","25":"tag-score","26":"tag-six-nations","27":"tag-sports","28":"tag-top-14","29":"tag-toulon","30":"tag-toulouse","31":"tag-xv-de-france"},"share_on_mastodon":{"url":"https:\/\/pubeurope.com\/@fr\/114617116467701279","error":""},"_links":{"self":[{"href":"https:\/\/www.europesays.com\/fr\/wp-json\/wp\/v2\/posts\/147861","targetHints":{"allow":["GET"]}}],"collection":[{"href":"https:\/\/www.europesays.com\/fr\/wp-json\/wp\/v2\/posts"}],"about":[{"href":"https:\/\/www.europesays.com\/fr\/wp-json\/wp\/v2\/types\/post"}],"author":[{"embeddable":true,"href":"https:\/\/www.europesays.com\/fr\/wp-json\/wp\/v2\/users\/2"}],"replies":[{"embeddable":true,"href":"https:\/\/www.europesays.com\/fr\/wp-json\/wp\/v2\/comments?post=147861"}],"version-history":[{"count":0,"href":"https:\/\/www.europesays.com\/fr\/wp-json\/wp\/v2\/posts\/147861\/revisions"}],"wp:featuredmedia":[{"embeddable":true,"href":"https:\/\/www.europesays.com\/fr\/wp-json\/wp\/v2\/media\/147862"}],"wp:attachment":[{"href":"https:\/\/www.europesays.com\/fr\/wp-json\/wp\/v2\/media?parent=147861"}],"wp:term":[{"taxonomy":"category","embeddable":true,"href":"https:\/\/www.europesays.com\/fr\/wp-json\/wp\/v2\/categories?post=147861"},{"taxonomy":"post_tag","embeddable":true,"href":"https:\/\/www.europesays.com\/fr\/wp-json\/wp\/v2\/tags?post=147861"}],"curies":[{"name":"wp","href":"https:\/\/api.w.org\/{rel}","templated":true}]}}