{"id":147869,"date":"2025-06-03T02:43:10","date_gmt":"2025-06-03T02:43:10","guid":{"rendered":"https:\/\/www.europesays.com\/fr\/147869\/"},"modified":"2025-06-03T02:43:10","modified_gmt":"2025-06-03T02:43:10","slug":"tour-de-lain-2025-les-equipes-engagees-actualite","status":"publish","type":"post","link":"https:\/\/www.europesays.com\/fr\/147869\/","title":{"rendered":"Tour de l&rsquo;Ain 2025 : Les \u00e9quipes engag\u00e9es &#8211; Actualit\u00e9"},"content":{"rendered":"<p style=\"text-align: justify;\">La 37e \u00e9dition du Tour de l\u2019Ain aura lieu du 6 au 8 ao\u00fbt prochains. L&rsquo;organisation de l&rsquo;\u00e9preuve 2.1 a d\u00e9voil\u00e9 les \u00e9quipes au d\u00e9part. Elles seront seize, dont cinq\u00a0WorldTeams. Le vainqueur succ\u00e9dera au palmar\u00e8s \u00e0 l&rsquo;Equatorien Jefferson Cepeda (<strong><a href=\"https:\/\/www.directvelo.com\/epreuve\/41274\/tour-de-lain-2024\" target=\"_blank\" rel=\"noopener\">voir classement<\/a><\/strong>).<\/p>\n<p><strong>Les \u00e9quipes\u00a0du Tour de l&rsquo;Ain 2025 :<\/strong><br \/><strong>WorldTeams<\/strong><br \/>Ark\u00e9a-B&amp;B H\u00f4tels<br \/>Cofidis<br \/>Decathlon AG2R La Mondiale<br \/>Groupama-FDJ<br \/>Visma-Lease a Bike<\/p>\n<p><strong>ProTeams<\/strong><br \/>TotalEnergies<br \/>Unibet Tietema Rockets<br \/>Q36.5 Pro Cycling<\/p>\n<p><strong>Continentales<\/strong><br \/>CIC U Nantes<br \/>Nice M\u00e9tropole C\u00f4te d&rsquo;Azur<br \/>St-Michel-Preference Home-Auber 93<br \/>Van Rysel-Roubaix<br \/>Bike Aid<br \/>Tudor Pro Cycling U23<br \/>XDS Astana DT<\/p>\n<p><strong>S\u00e9lection nationale<\/strong><br \/>Allemagne<\/p>\n","protected":false},"excerpt":{"rendered":"La 37e \u00e9dition du Tour de l\u2019Ain aura lieu du 6 au 8 ao\u00fbt prochains. L&rsquo;organisation de l&rsquo;\u00e9preuve&hellip;\n","protected":false},"author":2,"featured_media":147870,"comment_status":"","ping_status":"","sticky":false,"template":"","format":"standard","meta":{"footnotes":""},"categories":[1411],"tags":[834,828,836,829,837,827,83,826,824,823,1154,207,814,817,815,816,822,821,832,211,839,1011,27,820,818,819,835,831,830,833,838,60,212,208,825],"class_list":{"0":"post-147869","1":"post","2":"type-post","3":"status-publish","4":"format-standard","5":"has-post-thumbnail","7":"category-cyclisme","8":"tag-attaque","9":"tag-belgique","10":"tag-braquet","11":"tag-bretagne","12":"tag-chute","13":"tag-competition","14":"tag-coupe-de-france","15":"tag-coureur","16":"tag-course-cyclisme","17":"tag-course-cycliste","18":"tag-cycling","19":"tag-cyclisme","20":"tag-direct","21":"tag-direct-velo","22":"tag-directvelo","23":"tag-directvelo-com","24":"tag-epreuve","25":"tag-epreuve-cycliste","26":"tag-federation-francaise-de-cyclisme","27":"tag-ffc","28":"tag-flandres","29":"tag-fr","30":"tag-france","31":"tag-live","32":"tag-live-course","33":"tag-live-epreuve","34":"tag-peloton","35":"tag-radio-peloton","36":"tag-radio-tour","37":"tag-ravitaillement","38":"tag-relance","39":"tag-sports","40":"tag-uci","41":"tag-velo","42":"tag-velos"},"share_on_mastodon":{"url":"https:\/\/pubeurope.com\/@fr\/114617136114339888","error":""},"_links":{"self":[{"href":"https:\/\/www.europesays.com\/fr\/wp-json\/wp\/v2\/posts\/147869","targetHints":{"allow":["GET"]}}],"collection":[{"href":"https:\/\/www.europesays.com\/fr\/wp-json\/wp\/v2\/posts"}],"about":[{"href":"https:\/\/www.europesays.com\/fr\/wp-json\/wp\/v2\/types\/post"}],"author":[{"embeddable":true,"href":"https:\/\/www.europesays.com\/fr\/wp-json\/wp\/v2\/users\/2"}],"replies":[{"embeddable":true,"href":"https:\/\/www.europesays.com\/fr\/wp-json\/wp\/v2\/comments?post=147869"}],"version-history":[{"count":0,"href":"https:\/\/www.europesays.com\/fr\/wp-json\/wp\/v2\/posts\/147869\/revisions"}],"wp:featuredmedia":[{"embeddable":true,"href":"https:\/\/www.europesays.com\/fr\/wp-json\/wp\/v2\/media\/147870"}],"wp:attachment":[{"href":"https:\/\/www.europesays.com\/fr\/wp-json\/wp\/v2\/media?parent=147869"}],"wp:term":[{"taxonomy":"category","embeddable":true,"href":"https:\/\/www.europesays.com\/fr\/wp-json\/wp\/v2\/categories?post=147869"},{"taxonomy":"post_tag","embeddable":true,"href":"https:\/\/www.europesays.com\/fr\/wp-json\/wp\/v2\/tags?post=147869"}],"curies":[{"name":"wp","href":"https:\/\/api.w.org\/{rel}","templated":true}]}}