{"id":147881,"date":"2025-06-03T02:49:09","date_gmt":"2025-06-03T02:49:09","guid":{"rendered":"https:\/\/www.europesays.com\/fr\/147881\/"},"modified":"2025-06-03T02:49:09","modified_gmt":"2025-06-03T02:49:09","slug":"retour-vers-les-annees-70-dans-les-rues-de-new-york","status":"publish","type":"post","link":"https:\/\/www.europesays.com\/fr\/147881\/","title":{"rendered":"retour vers les ann\u00e9es 70 dans les rues de New York"},"content":{"rendered":"<p>Le 30 mai dernier, le fils de la l\u00e9gende du rock a \u00e9t\u00e9 photographi\u00e9 dans un look vintage. Non sans rappeler la silhouette de son p\u00e8re au summum de sa gloire.<\/p>\n<p class=\"fig-paragraph\">Un h\u00e9ritage rock\u2019n\u2019roll se perp\u00e9tue de g\u00e9n\u00e9ration en g\u00e9n\u00e9ration. C\u2019est tout ce qu\u2019a \u00e9voqu\u00e9 Lucas Jagger, le fils de la star du rock\u00a0<a href=\"http:\/\/madame.lefigaro.fr\/celebrites\/actu-people\/un-frisson-me-parcourt-quand-je-pense-a-ses-mains-melanie-hamrick-la-compagne-de-mick-jagger-publie-son-premier-roman-erotique-en-francais-20250409\" target=\"_blank\" data-fig-type=\"Article\" rel=\"noopener nofollow\" data-gtm-custom-categorie=\"navigation\" data-gtm-custom-action=\"crossclick\" data-gtm-custom-label=\"Contextuel\" data-gtm-event=\"customEventSPE\" data-fig-domain=\"MADAME\">Mick Jagger<\/a>\u00a0et du mannequin br\u00e9silien Luciana Gimenez Morad, lorsqu\u2019il a \u00e9t\u00e9 rep\u00e9r\u00e9 dans une rue de New York le 30 mai dernier. Sur les clich\u00e9s captur\u00e9s par des paparazzis, le jeune homme de 26 ans a mis\u00e9 sur un style vestimentaire \u00e0 la fois nonchalant et excentrique. Tout pile dans la\u00a0<a href=\"http:\/\/madame.lefigaro.fr\/style\/news\/trashcore-voici-pourquoi-vos-adolescents-adorent-s-habiller-n-importe-comment-20250416\" target=\"_blank\" data-fig-type=\"Article\" rel=\"noopener nofollow\" data-gtm-custom-categorie=\"navigation\" data-gtm-custom-action=\"crossclick\" data-gtm-custom-label=\"Contextuel\" data-gtm-event=\"customEventSPE\" data-fig-domain=\"MADAME\">tendance \u00abtrashcore\u00bb<\/a>, ce ph\u00e9nom\u00e8ne vestimentaire ador\u00e9 par la g\u00e9n\u00e9ration Z qui privil\u00e9gie les coupes ultralarges et les associations de couleurs douteuses.<\/p>\n<p>    Lucas Jagger dans une rue de New York. (Le 30 mai 2025.)<br \/>\n                Dylan Travis\/ABACA<\/p>\n<p class=\"fig-paragraph\">Ce jour-l\u00e0, Lucas Jagger a jet\u00e9 son d\u00e9volu sur un large tee-shirt violet imprim\u00e9 du logo de la Bass Pro Shops, une entreprise am\u00e9ricaine de distribution de mat\u00e9riel de p\u00eache, de chasse et d\u2019activit\u00e9 en plein air. En guise de pantalon, le\u00a0<a href=\"http:\/\/madame.lefigaro.fr\/celebrites\/actu-people\/je-ne-suis-pas-une-nepo-baby-lucia-hawley-la-niece-de-nicole-kidman-part-a-la-conquete-des-tapis-rouges-20230220\" target=\"_blank\" data-fig-type=\"Article\" rel=\"noopener nofollow\" data-gtm-custom-categorie=\"navigation\" data-gtm-custom-action=\"crossclick\" data-gtm-custom-label=\"Contextuel\" data-gtm-event=\"customEventSPE\" data-fig-domain=\"MADAME\">\u00abnepo baby\u00bb<\/a>\u00a0suivi par 385.000 personnes sur Instagram a mis\u00e9 sur un jean flare d\u00e9lav\u00e9, ou la coupe \u00e9vas\u00e9e largement arbor\u00e9e par les artistes de la sc\u00e8ne alternative au cours des ann\u00e9es 1970. Sneakers blanches us\u00e9es, microsac multipoches d\u00e9lav\u00e9 Acne Studios port\u00e9 en bandouli\u00e8re &#8211; avec porte-cl\u00e9 peluche mis en \u00e9vidence &#8211; ont ajout\u00e9 une touche suppl\u00e9mentaire de d\u00e9sinvolture. La note finale\u00a0? Quelques patchs anti-acn\u00e9 en forme d\u2019\u00e9toiles sur le visage, ou l\u2019une des tendances devenue virale ces derniers mois sur\u00a0<a href=\"http:\/\/madame.lefigaro.fr\/style\/news\/quelle-est-cette-improbable-theorie-du-chapeau-de-zendaya-qui-affole-tiktok-20250512\" target=\"_blank\" data-fig-type=\"Article\" rel=\"noopener nofollow\" data-gtm-custom-categorie=\"navigation\" data-gtm-custom-action=\"crossclick\" data-gtm-custom-label=\"Contextuel\" data-gtm-event=\"customEventSPE\" data-fig-domain=\"MADAME\">TikTok<\/a>.<\/p>\n<p>    Mick Jagger lors d\u2019un concert en 2003 \u00e0 Sydney<br \/>\n                AAP\/ABACA<\/p>\n<p>Comme un air de famille<\/p>\n<p class=\"fig-paragraph\">Ici, entre les coupes \u00e9vas\u00e9es, la d\u00e9gaine faussement n\u00e9glig\u00e9e et les couleurs chatoyantes, difficile de ne pas penser aux silhouettes de Mick Jagger dans les ann\u00e9es 1970. Le leader des Rolling Stones s\u2019est longtemps impos\u00e9 comme une ic\u00f4ne du glam rock, ne se faisant jamais prier pour m\u00e9langer cuir, soie, paillettes et tee-shirts \u00e0 messages dans le but de cultiver un\u00a0<a href=\"http:\/\/madame.lefigaro.fr\/style\/news\/aurelien-enthoven-le-fils-de-carla-bruni-pose-en-col-victorien-androgyne-sur-sa-premiere-couverture-de-magazine-20220603\" target=\"_blank\" data-fig-type=\"Article\" rel=\"noopener nofollow\" data-gtm-custom-categorie=\"navigation\" data-gtm-custom-action=\"crossclick\" data-gtm-custom-label=\"Contextuel\" data-gtm-event=\"customEventSPE\" data-fig-domain=\"MADAME\">style androgyne<\/a>\u00a0et rebelle unique en son genre. Des codes visiblement pass\u00e9s \u00e0 son fils, comme un h\u00e9ritage, qui, de son c\u00f4t\u00e9, les r\u00e9interpr\u00e8te \u00e0 la sauce Gen Z. Sur Instagram d\u2019ailleurs, celui qui a \u00e9t\u00e9 dipl\u00f4m\u00e9 de l\u2019universit\u00e9 de New York fin 2024 arbore fi\u00e8rement des ongles manucur\u00e9s ainsi qu\u2019une multitude de v\u00eatements color\u00e9s. Comme l\u2019aurait s\u00fbrement fait son p\u00e8re s\u2019il avait eu 20 ans en 2025.<\/p>\n","protected":false},"excerpt":{"rendered":"Le 30 mai dernier, le fils de la l\u00e9gende du rock a \u00e9t\u00e9 photographi\u00e9 dans un look vintage.&hellip;\n","protected":false},"author":2,"featured_media":147882,"comment_status":"","ping_status":"","sticky":false,"template":"","format":"standard","meta":{"footnotes":""},"categories":[1355],"tags":[998,988,991,1000,993,58,994,59,992,638,1011,27,997,977,6804,985,999,989,1361,873,995,973,990,996,16831],"class_list":{"0":"post-147881","1":"post","2":"type-post","3":"status-publish","4":"format-standard","5":"has-post-thumbnail","7":"category-musique","8":"tag-accessoire","9":"tag-actu-mode","10":"tag-actualite-mode","11":"tag-celebrites","12":"tag-defiles","13":"tag-divertissement","14":"tag-egerie-mode","15":"tag-entertainment","16":"tag-fashion-week","17":"tag-figaro","18":"tag-fr","19":"tag-france","20":"tag-lingerie","21":"tag-madame","22":"tag-mick-jagger","23":"tag-mode","24":"tag-mode-fashion-femme","25":"tag-mode-femme","26":"tag-music","27":"tag-musique","28":"tag-nouvelle-tendance","29":"tag-people","30":"tag-tendance-mode","31":"tag-vetement","32":"tag-vintage"},"share_on_mastodon":{"url":"https:\/\/pubeurope.com\/@fr\/114617159777577641","error":""},"_links":{"self":[{"href":"https:\/\/www.europesays.com\/fr\/wp-json\/wp\/v2\/posts\/147881","targetHints":{"allow":["GET"]}}],"collection":[{"href":"https:\/\/www.europesays.com\/fr\/wp-json\/wp\/v2\/posts"}],"about":[{"href":"https:\/\/www.europesays.com\/fr\/wp-json\/wp\/v2\/types\/post"}],"author":[{"embeddable":true,"href":"https:\/\/www.europesays.com\/fr\/wp-json\/wp\/v2\/users\/2"}],"replies":[{"embeddable":true,"href":"https:\/\/www.europesays.com\/fr\/wp-json\/wp\/v2\/comments?post=147881"}],"version-history":[{"count":0,"href":"https:\/\/www.europesays.com\/fr\/wp-json\/wp\/v2\/posts\/147881\/revisions"}],"wp:featuredmedia":[{"embeddable":true,"href":"https:\/\/www.europesays.com\/fr\/wp-json\/wp\/v2\/media\/147882"}],"wp:attachment":[{"href":"https:\/\/www.europesays.com\/fr\/wp-json\/wp\/v2\/media?parent=147881"}],"wp:term":[{"taxonomy":"category","embeddable":true,"href":"https:\/\/www.europesays.com\/fr\/wp-json\/wp\/v2\/categories?post=147881"},{"taxonomy":"post_tag","embeddable":true,"href":"https:\/\/www.europesays.com\/fr\/wp-json\/wp\/v2\/tags?post=147881"}],"curies":[{"name":"wp","href":"https:\/\/api.w.org\/{rel}","templated":true}]}}