{"id":147887,"date":"2025-06-03T02:52:13","date_gmt":"2025-06-03T02:52:13","guid":{"rendered":"https:\/\/www.europesays.com\/fr\/147887\/"},"modified":"2025-06-03T02:52:13","modified_gmt":"2025-06-03T02:52:13","slug":"lens-fait-le-choix-pierre-sage","status":"publish","type":"post","link":"https:\/\/www.europesays.com\/fr\/147887\/","title":{"rendered":"Lens fait le choix Pierre Sage"},"content":{"rendered":"<p>Le club nordiste a officialis\u00e9 ce lundi soir l\u2019arriv\u00e9e de l\u2019ancien technicien lyonnais, qui succ\u00e8de ainsi \u00e0 Will Still.<\/p>\n<p class=\"fig-paragraph\">Pierre Sage est le nouvel entra\u00eeneur de Lens, son deuxi\u00e8me club de Ligue 1 quelques mois apr\u00e8s avoir \u00e9t\u00e9 limog\u00e9 de Lyon, a annonc\u00e9 lundi l&rsquo;\u00e9quipe nordiste, officialisant une nomination attendue depuis plusieurs jours. L&rsquo;entra\u00eeneur de 46 ans s&rsquo;est engag\u00e9 sur le banc des Sang et Or jusqu&rsquo;en 2028, a ajout\u00e9 le club dans un communiqu\u00e9. Il prend la succession de Will Still, parti au bout d&rsquo;une seule saison pour Southampton en Angleterre.<\/p>\n<p class=\"fig-paragraph\">\u00abCette nomination marque une \u00e9tape importante pour le club et nous permet de nous projeter avec ambition et humilit\u00e9 dans la mise en \u0153uvre de notre projet\u00bb, a affirm\u00e9 Benjamin Parrot, directeur g\u00e9n\u00e9ral du RC Lens, cit\u00e9 dans le communiqu\u00e9. \u00c9voquant son nouvel entra\u00eeneur, il a salu\u00e9 \u00abson exigence, sa capacit\u00e9 \u00e0 f\u00e9d\u00e9rer, son sens du collectif et sa vision de la formation\u00bb.<\/p>\n<p class=\"fig-paragraph\">L&rsquo;arriv\u00e9e de Sage, relativement inexp\u00e9riment\u00e9 \u00e0 ce niveau, t\u00e9moigne de la cote de l&rsquo;ancien directeur du centre de formation de l&rsquo;OL, devenu entra\u00eeneur en novembre 2023, alors que le club rhodanien occupait le dernier rang de Ligue 1. Il avait redress\u00e9 Lyon, l&rsquo;amenant \u00e0 la sixi\u00e8me place, avant d&rsquo;\u00eatre \u00e9cart\u00e9 au bout de quatorze mois, malgr\u00e9 57,1% de victoires. Soit le troisi\u00e8me meilleur bilan parmi les entra\u00eeneurs lyonnais ayant dirig\u00e9 au moins cinquante rencontres.<\/p>\n<p class=\"fig-paragraph\">Avec Sage, Lens cherchera \u00e0 retrouver de la stabilit\u00e9 apr\u00e8s avoir \u00e9norm\u00e9ment chang\u00e9 depuis un an, tant au niveau de l&rsquo;effectif que de l&rsquo;encadrement. \u00c0 ce poste en particulier, la succession de l&#8217;embl\u00e9matique Franck Haise n&rsquo;a pas \u00e9t\u00e9 totalement faite, avec le d\u00e9part de Will Still \u00e0 la surprise g\u00e9n\u00e9rale. Le Normand a laiss\u00e9 une empreinte ind\u00e9l\u00e9bile au RC Lens, qu&rsquo;il a ramen\u00e9 en Ligue 1, puis en Ligue des champions \u00e0 l&rsquo;issue d&rsquo;une saison 2023 de r\u00eave conclue \u00e0 la deuxi\u00e8me place. L&rsquo;ann\u00e9e de Still a co\u00efncid\u00e9 avec une r\u00e9duction de la voilure financi\u00e8re, et moins d&rsquo;ambition sportive.<\/p>\n<p>Organigramme chamboul\u00e9<\/p>\n<p class=\"fig-paragraph\">Outre l&rsquo;entra\u00eeneur Anglo-Belge, l&rsquo;ancien directeur g\u00e9n\u00e9ral Pierre Dr\u00e9ossi a quitt\u00e9 son poste, et Diego Lopez, qui \u00e9tait directeur sportif, le club. Toute la colonne vert\u00e9brale du club a donc d\u00fb \u00eatre repens\u00e9e: Benjamin Parrot est devenu directeur g\u00e9n\u00e9ral tandis que l&rsquo;ancien gardien lensois Jean-Louis Leca a pris la direction sportive. Dans le vestiaire, l&rsquo;effectif lensois a \u00e9galement \u00e9t\u00e9 remodel\u00e9 au cours d&rsquo;une saison mouvement\u00e9e\u00a0: le capitaine Brice Samba, les tauliers Kevin Danso et Przemyslaw Frankowski, l&rsquo;enfant du club David Pereira da Costa et la p\u00e9pite Abdukodir Khusanov sont tous partis lors du mercato hivernal, principalement pour renflouer les caisses du club.<\/p>\n<p class=\"fig-paragraph\">\u00c9conomiquement, l&rsquo;op\u00e9ration fut juteuse, mais a forc\u00e9ment affaibli l&rsquo;effectif, qui n&rsquo;est pas parvenu \u00e0 se qualifier pour une comp\u00e9tition europ\u00e9enne, terminant au huiti\u00e8me rang de la Ligue 1. Difficile, \u00e0 ce stade, d&rsquo;estimer les ambitions des Lensois pour la saison prochaine, alors que le mercato estival vient de se lancer. Mais Sage devra en tout cas accompagner les jeunes sur lequel le club a mis\u00e9 l&rsquo;hiver dernier\u00a0: Jeremy Agbonifo (19 ans), Nidal Celik (18 ans) et Andrija Bulatovic (18 ans).<\/p>\n<p class=\"fig-paragraph\">De Lyon \u00e0 Lens, Sage va conna\u00eetre un autre club de Ligue 1 propri\u00e9taire de son enceinte. Le Racing a rachet\u00e9 son embl\u00e9matique Stade Bollaert \u00e0 la municipalit\u00e9 il y a deux semaines pour diversifier ses revenus, dans un contexte d&rsquo;incertitude financi\u00e8re concernant les droits TV. Sage et ses joueurs profiteront quand m\u00eame de l&rsquo;ambiance de ce chaudron la saison prochaine, en d\u00e9pit d&rsquo;\u00e9ventuels travaux voulus par le pr\u00e9sident Joseph Oughourlian.<\/p>\n","protected":false},"excerpt":{"rendered":"Le club nordiste a officialis\u00e9 ce lundi soir l\u2019arriv\u00e9e de l\u2019ancien technicien lyonnais, qui succ\u00e8de ainsi \u00e0 Will&hellip;\n","protected":false},"author":2,"featured_media":147888,"comment_status":"","ping_status":"","sticky":false,"template":"","format":"standard","meta":{"footnotes":""},"categories":[9],"tags":[525,1981,814,2257,63,1011,27,3309,66,1307,955,1176,978,93,1980,60],"class_list":{"0":"post-147887","1":"post","2":"type-post","3":"status-publish","4":"format-standard","5":"has-post-thumbnail","7":"category-sports","8":"tag-calendrier","9":"tag-classement","10":"tag-direct","11":"tag-foot","12":"tag-football","13":"tag-fr","14":"tag-france","15":"tag-l1","16":"tag-ligue-1","17":"tag-lille","18":"tag-match","19":"tag-olympique-de-marseille","20":"tag-olympique-lyonnais","21":"tag-psg","22":"tag-resultats","23":"tag-sports"},"share_on_mastodon":{"url":"https:\/\/pubeurope.com\/@fr\/114617171557268647","error":""},"_links":{"self":[{"href":"https:\/\/www.europesays.com\/fr\/wp-json\/wp\/v2\/posts\/147887","targetHints":{"allow":["GET"]}}],"collection":[{"href":"https:\/\/www.europesays.com\/fr\/wp-json\/wp\/v2\/posts"}],"about":[{"href":"https:\/\/www.europesays.com\/fr\/wp-json\/wp\/v2\/types\/post"}],"author":[{"embeddable":true,"href":"https:\/\/www.europesays.com\/fr\/wp-json\/wp\/v2\/users\/2"}],"replies":[{"embeddable":true,"href":"https:\/\/www.europesays.com\/fr\/wp-json\/wp\/v2\/comments?post=147887"}],"version-history":[{"count":0,"href":"https:\/\/www.europesays.com\/fr\/wp-json\/wp\/v2\/posts\/147887\/revisions"}],"wp:featuredmedia":[{"embeddable":true,"href":"https:\/\/www.europesays.com\/fr\/wp-json\/wp\/v2\/media\/147888"}],"wp:attachment":[{"href":"https:\/\/www.europesays.com\/fr\/wp-json\/wp\/v2\/media?parent=147887"}],"wp:term":[{"taxonomy":"category","embeddable":true,"href":"https:\/\/www.europesays.com\/fr\/wp-json\/wp\/v2\/categories?post=147887"},{"taxonomy":"post_tag","embeddable":true,"href":"https:\/\/www.europesays.com\/fr\/wp-json\/wp\/v2\/tags?post=147887"}],"curies":[{"name":"wp","href":"https:\/\/api.w.org\/{rel}","templated":true}]}}