{"id":147893,"date":"2025-06-03T02:55:11","date_gmt":"2025-06-03T02:55:11","guid":{"rendered":"https:\/\/www.europesays.com\/fr\/147893\/"},"modified":"2025-06-03T02:55:11","modified_gmt":"2025-06-03T02:55:11","slug":"cachee-dans-la-grande-loi-budgetaire-de-donald-trump-la-revenge-tax-inquiete-les-marches","status":"publish","type":"post","link":"https:\/\/www.europesays.com\/fr\/147893\/","title":{"rendered":"Cach\u00e9e dans la grande loi budg\u00e9taire de Donald Trump, la \u00abrevenge tax\u00bb inqui\u00e8te les march\u00e9s"},"content":{"rendered":"<p>            <a href=\"https:\/\/www.lefigaro.fr\/conjoncture\/donald-trump-accuse-la-chine-d-avoir-viole-l-accord-sur-les-droits-de-douane-20250530\" class=\"fig-ranking-profile-link\" data-fig-domain=\"LEFIGARO\" target=\"_blank\" rel=\"noopener\"><\/p>\n<p>        Donald Trump accuse la Chine d\u2019avoir viol\u00e9 l\u2019accord sur les droits de douane<\/p>\n<p>                                                                        <\/a><\/p>\n<p>        <img   class=\"fig-img fig-ranking-profile-media-small-picture__photo\" alt=\"Donald Trump accuse la Chine d\u2019avoir viol\u00e9 l\u2019accord sur les droits de douane\" height=\"1603\" width=\"2850\"\/><\/p>\n<p class=\"fig-ranking-profile-standfirst\">\n    \u00abSans grande surprise, la Chine a totalement viol\u00e9 son accord avec nous\u00bb, a d\u00e9nonc\u00e9 Donald Trump dans un message, sans pr\u00e9ciser quelles actions men\u00e9es par P\u00e9kin seraient vis\u00e9es.\n<\/p>\n<p>            <a href=\"https:\/\/www.lefigaro.fr\/conjoncture\/philippe-dessertine-c-est-la-fin-de-la-domination-occidentale-20250529\" class=\"fig-ranking-profile-link\" aria-label=\"Philippe Dessertine: \u00abC\u2019est la fin de la domination occidentale\u00bb (article Premium)\" title=\"Philippe Dessertine: \u00abC\u2019est la fin de la domination occidentale\u00bb (article Premium)\" data-fig-domain=\"LEFIGARO\" target=\"_blank\" rel=\"noopener\"><\/p>\n<p>        Philippe Dessertine: \u00abC\u2019est la fin de la domination occidentale\u00bb<\/p>\n<p>                                                                        <\/a><\/p>\n<p>        <img   class=\"fig-img fig-ranking-profile-media-small-picture__photo\" alt=\"Philippe Dessertine: \u00abC\u2019est la fin de la domination occidentale\u00bb\" height=\"1687\" width=\"2999\"\/><\/p>\n<p class=\"fig-ranking-profile-standfirst\">\n    <strong>GRAND ENTRETIEN &#8211; <\/strong>Dans son dernier livre L\u2019Horizon des possibles, l\u2019\u00e9conomiste analyse dans le d\u00e9tail les raisons pour lesquelles le rayonnement de l\u2019Occident sur le monde arrive, selon lui, en bout de cycle.\n<\/p>\n<p>            <a href=\"https:\/\/www.lefigaro.fr\/conjoncture\/etats-democrates-importateur-de-vin-fabricant-de-tuyaux-cette-etrange-coalition-qui-a-fait-bloquer-les-droits-de-douane-de-trump-20250529\" class=\"fig-ranking-profile-link\" aria-label=\"\u00c9tats d\u00e9mocrates, importateur de vin, fabricant de tuyaux... Cette \u00e9trange coalition qui a fait bloquer les droits de douane de Trump (article Premium)\" title=\"\u00c9tats d\u00e9mocrates, importateur de vin, fabricant de tuyaux... Cette \u00e9trange coalition qui a fait bloquer les droits de douane de Trump (article Premium)\" data-fig-domain=\"LEFIGARO\" target=\"_blank\" rel=\"noopener\"><\/p>\n<p>        \u00c9tats d\u00e9mocrates, importateur de vin, fabricant de tuyaux&#8230; Cette \u00e9trange coalition qui a fait bloquer les droits de douane de Trump<\/p>\n<p>                                                                        <\/a><\/p>\n<p>        <img   class=\"fig-img fig-ranking-profile-media-small-picture__photo\" alt=\"\u00c9tats d\u00e9mocrates, importateur de vin, fabricant de tuyaux... Cette \u00e9trange coalition qui a fait bloquer les droits de douane de Trump\" height=\"1603\" width=\"2850\"\/><\/p>\n<p class=\"fig-ranking-profile-standfirst\">\n    <strong>D\u00c9CRYPTAGE<\/strong> &#8211; Douze \u00c9tats gouvern\u00e9s par des d\u00e9mocrates et cinq petites entreprises l\u00e9s\u00e9es par l\u2019explosion de leurs co\u00fbts sont \u00e0 l\u2019origine de la d\u00e9cision d\u2019un tribunal am\u00e9ricain mercredi de suspendre les taxes douani\u00e8res de la Maison-Blanche. Jeudi, la Cour d\u2019appel a maintenu temporairement les droits de douane, le temps pour elle de se prononcer sur le fond.<\/p>\n","protected":false},"excerpt":{"rendered":"Donald Trump accuse la Chine d\u2019avoir viol\u00e9 l\u2019accord sur les droits de douane \u00abSans grande surprise, la Chine&hellip;\n","protected":false},"author":2,"featured_media":147894,"comment_status":"","ping_status":"","sticky":false,"template":"","format":"standard","meta":{"footnotes":""},"categories":[6],"tags":[339,340,1003,35,343,345,350,130,344,352,349,75,33,34,341,313,1011,27,346,342,353,351,347,348,354],"class_list":{"0":"post-147893","1":"post","2":"type-post","3":"status-publish","4":"format-standard","5":"has-post-thumbnail","7":"category-economie","8":"tag-actualite-economique","9":"tag-bourse","10":"tag-budget","11":"tag-business","12":"tag-cac-40","13":"tag-chef-dentreprise","14":"tag-concurrence","15":"tag-consommation","16":"tag-creation-dentreprise","17":"tag-crise","18":"tag-delocalisations","19":"tag-donald-trump","20":"tag-economie","21":"tag-economy","22":"tag-emploi","23":"tag-entreprises","24":"tag-fr","25":"tag-france","26":"tag-grands-patrons","27":"tag-impots","28":"tag-licenciements","29":"tag-monopole","30":"tag-multinationales","31":"tag-privatisation","32":"tag-unio"},"share_on_mastodon":{"url":"https:\/\/pubeurope.com\/@fr\/114617183323867019","error":""},"_links":{"self":[{"href":"https:\/\/www.europesays.com\/fr\/wp-json\/wp\/v2\/posts\/147893","targetHints":{"allow":["GET"]}}],"collection":[{"href":"https:\/\/www.europesays.com\/fr\/wp-json\/wp\/v2\/posts"}],"about":[{"href":"https:\/\/www.europesays.com\/fr\/wp-json\/wp\/v2\/types\/post"}],"author":[{"embeddable":true,"href":"https:\/\/www.europesays.com\/fr\/wp-json\/wp\/v2\/users\/2"}],"replies":[{"embeddable":true,"href":"https:\/\/www.europesays.com\/fr\/wp-json\/wp\/v2\/comments?post=147893"}],"version-history":[{"count":0,"href":"https:\/\/www.europesays.com\/fr\/wp-json\/wp\/v2\/posts\/147893\/revisions"}],"wp:featuredmedia":[{"embeddable":true,"href":"https:\/\/www.europesays.com\/fr\/wp-json\/wp\/v2\/media\/147894"}],"wp:attachment":[{"href":"https:\/\/www.europesays.com\/fr\/wp-json\/wp\/v2\/media?parent=147893"}],"wp:term":[{"taxonomy":"category","embeddable":true,"href":"https:\/\/www.europesays.com\/fr\/wp-json\/wp\/v2\/categories?post=147893"},{"taxonomy":"post_tag","embeddable":true,"href":"https:\/\/www.europesays.com\/fr\/wp-json\/wp\/v2\/tags?post=147893"}],"curies":[{"name":"wp","href":"https:\/\/api.w.org\/{rel}","templated":true}]}}