{"id":147897,"date":"2025-06-03T02:57:10","date_gmt":"2025-06-03T02:57:10","guid":{"rendered":"https:\/\/www.europesays.com\/fr\/147897\/"},"modified":"2025-06-03T02:57:10","modified_gmt":"2025-06-03T02:57:10","slug":"mort-de-lhistorien-pierre-nora-aussi-createur-de-la-revue-le-debat-a-93-ans","status":"publish","type":"post","link":"https:\/\/www.europesays.com\/fr\/147897\/","title":{"rendered":"Mort de l\u2019historien Pierre Nora, aussi cr\u00e9ateur de la revue \u00ab\u00a0Le D\u00e9bat\u00a0\u00bb, \u00e0 93 ans"},"content":{"rendered":"<p>        <img decoding=\"async\" loading=\"lazy\" src=\"https:\/\/www.europesays.com\/fr\/wp-content\/uploads\/2025\/06\/db585de_sirius-fs-upload-1-z3b6ys8yk29p-1748890800440-000-par7737948.jpg\"  width=\"728\" height=\"409\" alt=\"Membre de l\u2019Acad\u00e9mie fran\u00e7aise, l\u2019historien Pierre Nora est mort ce lundi 2\u00a0juin \u00e0 93\u00a0ans.\"\/>  <\/p>\n<p>MICHEL EULER \/ AFP<\/p>\n<p>Membre de l\u2019Acad\u00e9mie fran\u00e7aise, l\u2019historien Pierre Nora est mort ce lundi 2\u00a0juin \u00e0 93\u00a0ans.<\/p>\n<p class=\"asset asset-text\">CULTURE &#8211; Il aimait dire qu\u2019il avait \u00e9dit\u00e9 plus de mille livres. Membre de l\u2019Acad\u00e9mie fran\u00e7aise, l\u2019historien Pierre Nora est mort, ce lundi 2\u00a0juin, \u00e0 93\u00a0ans. Celui qui a \u00e9t\u00e9 le ma\u00eetre d\u2019\u0153uvre du monumental ouvrage Lieux de m\u00e9moire a \u00e9dit\u00e9 des grands noms, comme <a href=\"https:\/\/www.huffingtonpost.fr\/life\/article\/un-livre-inedit-de-michel-foucault-sur-la-sexualite-et-le-consentement-publie-34-ans-apres-sa-mort_117198.html\" target=\"_blank\" rel=\"noopener nofollow\" title=\"Nouvelle fen\u00eatre\">Michel Foucault <\/a>ou Hannah Arendt, souligne <a href=\"https:\/\/www.nouvelobs.com\/histoire\/20250602.OBS104543\/mort-de-l-historien-pierre-nora-agitateur-majeur-des-sciences-humaines.html\" target=\"_blank\" rel=\"noopener nofollow\" title=\"Nouvelle fen\u00eatre\">Le Nouvel Obs<\/a>.<\/p>\n<p class=\"asset asset-text\">\u00ab\u00a0<a href=\"https:\/\/www.huffingtonpost.fr\/justice\/article\/anne-sinclair-revient-sur-l-affaire-dsk-pour-la-premiere-fois-10-ans-apres_181473.html\" rel=\"nofollow noopener\" target=\"_blank\">Anne Sinclair<\/a> Nora a la douleur d\u2019annoncer le d\u00e9c\u00e8s de son \u00e9poux Pierre Nora survenu le 2 juin 2025\u00a0\u00bb, a indiqu\u00e9 cette famille dans un communiqu\u00e9 transmis par le neveu de l\u2019historien, Olivier Nora.<\/p>\n<p class=\"asset asset-text\">Pilier de Gallimard et directeur d\u2019\u00e9tudes \u00e0 l\u2019\u00c9cole des hautes \u00e9tudes en sciences sociales (Ehess), ce laur\u00e9at du Grand prix national d\u2019histoire 1993 a \u00e9t\u00e9 \u00e9lu \u00e0 l\u2019Acad\u00e9mie fran\u00e7aise en 2001.<\/p>\n<p class=\"asset asset-text\">Le pr\u00e9sident Emmanuel Macron a rendu hommage sur son compte X (ex-Twitter) \u00e0 un \u00ab\u00a0\u00e9diteur des voix du courage, historien de notre imaginaire\u00a0\u00bb. Tandis que la ministre de Culture, Rachida Dati, a soulign\u00e9 \u00ab\u00a0son oeuvre immense\u00a0\u00bb qui \u00ab\u00a0continuera longtemps d\u2019irriguer notre mani\u00e8re de penser l\u2019Histoire\u00a0\u00bb. <\/p>\n<p>                     Historien de la \u00ab\u00a0m\u00e9moire\u00a0nationale\u00a0\u00bb    <\/p>\n<p class=\"asset asset-text\">Pierre Nora, qui partagea sur le tard la vie de la journaliste Anne Sinclair, a aussi \u00e9t\u00e9 fondateur et directeur de la revue Le D\u00e9bat et membre fondateur de l\u2019influente fondation Saint-Simon, groupe dissous en 1999 visant \u00e0 r\u00e9concilier le monde \u00e9conomique et social et les milieux politiques.<\/p>\n<p class=\"asset asset-text\">En 1984, parait La R\u00e9publique, premiers des trois tomes des Lieux de m\u00e9moire, expression entr\u00e9e, depuis, dans le langage courant. Suivront La nation en 1986 et Les France, qu\u2019elles soient politiques, sociales ou religieuses, en 1992. Au total, 4\u00a0760 pages r\u00e9dig\u00e9es par une centaine d\u2019historiens, les meilleurs dans leur domaine, dont Georges Duby, Emmanuel Le Roy Ladurie ou Marc Fumaroli, qui ont profond\u00e9ment transform\u00e9 le paysage intellectuel fran\u00e7ais.<\/p>\n<p class=\"asset asset-text\">\u00ab\u00a0J\u2019ai voulu \u00e9tudier la m\u00e9moire nationale et, plut\u00f4t que de faire des g\u00e9n\u00e9ralit\u00e9s, il m\u2019a paru plus excitant d\u2019\u00e9tudier les lieux (embl\u00e8mes, symboles, mus\u00e9es, archives, institutions\u00a0etc.) o\u00f9 elle s\u2019est condens\u00e9e et exprim\u00e9e\u00a0\u00bb, expliquait-il en 1984.<\/p>\n<p class=\"asset asset-text\">\u00ab\u00a0Cela n\u2019avait pas \u00e9t\u00e9 fait ou \u00e9tait \u00e9pars. Rien, ou pas grand-chose, sur la Marseillaise, sur les mairies, sur les monuments aux morts&#8230; Il y avait un manque, une sorte de point aveugle d\u2019une histoire qui ne s\u2019\u00e9tait pas regard\u00e9e elle-m\u00eame\u00a0\u00bb, ajoutait-il.<\/p>\n<p class=\"asset asset-text\">Pierre Nora a fait surgir \u00ab\u00a0un nouvel objet d\u2019histoire\u00a0\u00bb, a r\u00e9sum\u00e9 l\u2019historien Ren\u00e9 R\u00e9mond, \u00e0 propos de cette somme qui traite du Panth\u00e9on, du Tour de France, du Code civil, de l\u2019encyclop\u00e9die Larousse, des fun\u00e9railles de Victor Hugo, de Kh\u00e2gne, de la for\u00eat ou encore de la vigne. Pour la premi\u00e8re fois, le ph\u00e9nom\u00e8ne comm\u00e9moratif \u00e9tait trait\u00e9 en profondeur.<\/p>\n<p>    \u00ab\u00a0Penser la nation sans nationalisme\u00a0\u00bb    <\/p>\n<p class=\"asset asset-text\">N\u00e9 le 17 novembre 1931 \u00e0 Paris, Pierre Nora est issu d\u2019une famille de la grande bourgeoisie juive parisienne. Agr\u00e9g\u00e9 d\u2019histoire en 1958, il part en pleine guerre d\u2019Alg\u00e9rie enseigner \u00e0 Oran d\u2019o\u00f9 il ram\u00e8ne en 1960 un essai de psychologie collective \u00ab\u00a0Les Fran\u00e7ais d\u2019Alg\u00e9rie\u00a0\u00bb.<\/p>\n<p class=\"asset asset-text\">D\u00e8s 1966, il dirige chez Gallimard le d\u00e9partement d\u2019histoire et de sciences humaines o\u00f9 il cr\u00e9e successivement les collections \u00ab\u00a0Biblioth\u00e8que des sciences humaines\u00a0\u00bb, \u00ab\u00a0T\u00e9moins\u00a0\u00bb et \u00ab\u00a0Biblioth\u00e8que des histoires\u00a0\u00bb.\u00a0Il y restera 57 ans dont il a voulu laisser trace dans \u00ab\u00a0Une \u00e9trange obstination\u00a0\u00bb (2022).<\/p>\n<p class=\"asset asset-text\">En 1971, il dirige avec Jacques Le Goff la publication de Faire l\u2019histoire, une enqu\u00eate en trois volumes sur la civilisation dans ses manifestations les plus quotidiennes (la cuisine), les plus intimes (le corps), individuelles ou collectives (la f\u00eate), fa\u00e7onn\u00e9es par l\u2019\u00e9volution des techniques, des m\u0153urs ou de l\u2019environnement.<\/p>\n<p class=\"asset asset-text\">De 1974 \u00e0 1980, il publie en sept volumes, co-dirig\u00e9s avec Jacques Ozouf, l\u2019\u00e9rudite \u00e9dition critique du journal de Vincent Auriol (Journal d\u2019un septennat). Par la suite, il se consacre \u00e0 l\u2019\u00e9laboration des\u00a0Lieux de m\u00e9moire.<\/p>\n<p>                     Pr\u00e9sident de l\u2019association \u00ab\u00a0Libert\u00e9 pour l\u2019histoire\u00a0\u00bb    <\/p>\n<p class=\"asset asset-text\">Cet intellectuel que L\u2019Express qualifia de \u00ab\u00a0d\u00e9chiffreur de l\u2019identit\u00e9 fran\u00e7aise\u00a0\u00bb, qui affirmait qu\u2019il fallait \u00ab\u00a0penser la nation sans nationalisme\u00a0\u00bb et qui passait pour d\u00e9daigner le pouvoir, intervenait fr\u00e9quemment sur les sujets les plus sensibles de l\u2019Histoire de la France contemporaine, depuis la guerre d\u2019Alg\u00e9rie.<\/p>\n<p class=\"asset asset-text\">Il devint en 2007 pr\u00e9sident de l\u2019association \u00ab\u00a0Libert\u00e9 pour l\u2019histoire\u00a0\u00bb, qui d\u00e9fend la libert\u00e9 d\u2019expression des historiens contre les interventions politiques. \u00ab\u00a0Ce n\u2019est pas au juge ni au l\u00e9gislateur de dire l\u2019Histoire\u00a0\u00bb, affirmait-il.<\/p>\n<p class=\"asset asset-text\">Pierre Nora, qui a \u00e9t\u00e9 mari\u00e9 \u00e0 l\u2019historienne de l\u2019art et conservatrice de mus\u00e9e Fran\u00e7oise Cachin, d\u00e9c\u00e9d\u00e9e en 2011, \u00e9tait le fr\u00e8re de Simon Nora, mort en 2006, haut-fonctionnaire et ancien directeur de l\u2019ENA.<\/p>\n<p class=\"asset asset-text\">Dans\u00a0Jeunesse\u00a0, une autobiographie publi\u00e9e en 2021, l\u2019acad\u00e9micien dressait un catalogue de ses\u00a0\u00ab\u00a0\u00e9checs\u00a0\u00bb qu\u2019il jugeait providentiels, \u00e0 l\u2019intention d\u2019Elph\u00e8ge, son fils unique, biologiste, qu\u2019il n\u2019a pas \u00e9lev\u00e9.<\/p>\n","protected":false},"excerpt":{"rendered":"MICHEL EULER \/ AFP Membre de l\u2019Acad\u00e9mie fran\u00e7aise, l\u2019historien Pierre Nora est mort ce lundi 2\u00a0juin \u00e0 93\u00a0ans.&hellip;\n","protected":false},"author":2,"featured_media":147898,"comment_status":"","ping_status":"","sticky":false,"template":"","format":"standard","meta":{"footnotes":""},"categories":[4],"tags":[11,251,1011,27,27708,4849,12,25],"class_list":{"0":"post-147897","1":"post","2":"type-post","3":"status-publish","4":"format-standard","5":"has-post-thumbnail","7":"category-france","8":"tag-actualites","9":"tag-culture","10":"tag-fr","11":"tag-france","12":"tag-historiens","13":"tag-morts-en-2025","14":"tag-news","15":"tag-republique-francaise"},"share_on_mastodon":{"url":"https:\/\/pubeurope.com\/@fr\/114617191198614690","error":""},"_links":{"self":[{"href":"https:\/\/www.europesays.com\/fr\/wp-json\/wp\/v2\/posts\/147897","targetHints":{"allow":["GET"]}}],"collection":[{"href":"https:\/\/www.europesays.com\/fr\/wp-json\/wp\/v2\/posts"}],"about":[{"href":"https:\/\/www.europesays.com\/fr\/wp-json\/wp\/v2\/types\/post"}],"author":[{"embeddable":true,"href":"https:\/\/www.europesays.com\/fr\/wp-json\/wp\/v2\/users\/2"}],"replies":[{"embeddable":true,"href":"https:\/\/www.europesays.com\/fr\/wp-json\/wp\/v2\/comments?post=147897"}],"version-history":[{"count":0,"href":"https:\/\/www.europesays.com\/fr\/wp-json\/wp\/v2\/posts\/147897\/revisions"}],"wp:featuredmedia":[{"embeddable":true,"href":"https:\/\/www.europesays.com\/fr\/wp-json\/wp\/v2\/media\/147898"}],"wp:attachment":[{"href":"https:\/\/www.europesays.com\/fr\/wp-json\/wp\/v2\/media?parent=147897"}],"wp:term":[{"taxonomy":"category","embeddable":true,"href":"https:\/\/www.europesays.com\/fr\/wp-json\/wp\/v2\/categories?post=147897"},{"taxonomy":"post_tag","embeddable":true,"href":"https:\/\/www.europesays.com\/fr\/wp-json\/wp\/v2\/tags?post=147897"}],"curies":[{"name":"wp","href":"https:\/\/api.w.org\/{rel}","templated":true}]}}