{"id":147899,"date":"2025-06-03T02:58:08","date_gmt":"2025-06-03T02:58:08","guid":{"rendered":"https:\/\/www.europesays.com\/fr\/147899\/"},"modified":"2025-06-03T02:58:08","modified_gmt":"2025-06-03T02:58:08","slug":"lens-a-trouve-son-nouveau-coach-france-lens","status":"publish","type":"post","link":"https:\/\/www.europesays.com\/fr\/147899\/","title":{"rendered":"Lens a trouv\u00e9 son nouveau coach ! &#8211; France &#8211; Lens"},"content":{"rendered":"<p>Habemus coacham !<\/p>\n<p><a target=\"_blank\" href=\"https:\/\/www.sofoot.com\/breves\/will-still-quitte-officiellement-lens-et-rejoint-southampton-descendu-en-championship\" rel=\"nofollow noopener\">En qu\u00eate du successeur de Will Still<\/a>, Lens a officialis\u00e9<strong> l\u2019arriv\u00e9e de Pierre Sage<\/strong> lundi soir. Le technicien, r\u00e9v\u00e9l\u00e9 sur le banc de l\u2019Olympique lyonnais, a <strong>sign\u00e9 jusqu\u2019en 2028<\/strong>. Une belle preuve de confiance.\u00a0\u00ab\u00a0Cette nomination nous permet de nous projeter avec ambition et humilit\u00e9 dans la mise en \u0153uvre de notre projet, commente Benjamin Parrot, Directeur g\u00e9n\u00e9ral du Racing. Le choix de Pierre s\u2019est naturellement impos\u00e9. Tant sur le plan sportif qu\u2019humain, il incarne pleinement l\u2019ADN du Racing Club de Lens. Son exigence, sa capacit\u00e9 \u00e0 f\u00e9d\u00e9rer, son sens du collectif et sa vision de la formation sont en parfaite ad\u00e9quation avec les valeurs qui nous animent \u00e0 savoir le travail, l\u2019engagement, l\u2019humilit\u00e9 et la transmission.\u00a0\u00bb<\/p>\n<p><strong>Vir\u00e9 par l\u2019Olympique lyonnais fin janvier<\/strong>, Pierre Sage n\u2019aura donc pas tard\u00e9 \u00e0 rebondir. Il prend en main une \u00e9quipe qui vient de terminer <strong>huiti\u00e8me du championnat, \u00e0 cinq points de l\u2019Europe<\/strong>. \u00ab\u00a0D\u00e8s le d\u00e9part, nous avons \u00e9t\u00e9 convaincus par sa vision du jeu, sa m\u00e9thodologie de travail et sa capacit\u00e9 \u00e0 f\u00e9d\u00e9rer autour d\u2019un projet clair et ambitieux, abonde Jean-Louis Leca, le directeur sportif. Pierre incarne une approche du football fond\u00e9e sur un management centr\u00e9 sur l\u2019humain, une volont\u00e9 de proposer un jeu offensif et pragmatique, la ma\u00eetrise collective du ballon et une vraie capacit\u00e9 \u00e0 transmettre son savoir.\u00a0\u00bb<\/p>\n<p>Lens est entre de bonnes mains.<\/p>\n<p>\t\t\t\t\t\t\t\t\t\t<a class=\"lien-connexe\" href=\"https:\/\/www.sofoot.com\/breves\/ligue-1-apres-avoir-ete-vire-de-lol-pierre-sage-devrait-rebondir-a-lens\" rel=\"nofollow noopener\" target=\"_blank\">Pierre Sage devrait rebondir \u00e0 Lens<\/a>\t\t\t\t\t<\/p>\n","protected":false},"excerpt":{"rendered":"Habemus coacham ! En qu\u00eate du successeur de Will Still, Lens a officialis\u00e9 l\u2019arriv\u00e9e de Pierre Sage lundi&hellip;\n","protected":false},"author":2,"featured_media":147900,"comment_status":"","ping_status":"","sticky":false,"template":"","format":"standard","meta":{"footnotes":""},"categories":[2],"tags":[47,11,61,69,65,64,63,1011,27,68,66,12,62,70,67],"class_list":{"0":"post-147899","1":"post","2":"type-post","3":"status-publish","4":"format-standard","5":"has-post-thumbnail","7":"category-actualites","8":"tag-actualite","9":"tag-actualites","10":"tag-actus-football","11":"tag-bundesliga","12":"tag-championnats-europeens","13":"tag-equipe-de-france","14":"tag-football","15":"tag-fr","16":"tag-france","17":"tag-ligua","18":"tag-ligue-1","19":"tag-news","20":"tag-news-foot","21":"tag-premier-league","22":"tag-serie-a"},"share_on_mastodon":{"url":"https:\/\/pubeurope.com\/@fr\/114617195054467936","error":""},"_links":{"self":[{"href":"https:\/\/www.europesays.com\/fr\/wp-json\/wp\/v2\/posts\/147899","targetHints":{"allow":["GET"]}}],"collection":[{"href":"https:\/\/www.europesays.com\/fr\/wp-json\/wp\/v2\/posts"}],"about":[{"href":"https:\/\/www.europesays.com\/fr\/wp-json\/wp\/v2\/types\/post"}],"author":[{"embeddable":true,"href":"https:\/\/www.europesays.com\/fr\/wp-json\/wp\/v2\/users\/2"}],"replies":[{"embeddable":true,"href":"https:\/\/www.europesays.com\/fr\/wp-json\/wp\/v2\/comments?post=147899"}],"version-history":[{"count":0,"href":"https:\/\/www.europesays.com\/fr\/wp-json\/wp\/v2\/posts\/147899\/revisions"}],"wp:featuredmedia":[{"embeddable":true,"href":"https:\/\/www.europesays.com\/fr\/wp-json\/wp\/v2\/media\/147900"}],"wp:attachment":[{"href":"https:\/\/www.europesays.com\/fr\/wp-json\/wp\/v2\/media?parent=147899"}],"wp:term":[{"taxonomy":"category","embeddable":true,"href":"https:\/\/www.europesays.com\/fr\/wp-json\/wp\/v2\/categories?post=147899"},{"taxonomy":"post_tag","embeddable":true,"href":"https:\/\/www.europesays.com\/fr\/wp-json\/wp\/v2\/tags?post=147899"}],"curies":[{"name":"wp","href":"https:\/\/api.w.org\/{rel}","templated":true}]}}