{"id":147901,"date":"2025-06-03T03:00:19","date_gmt":"2025-06-03T03:00:19","guid":{"rendered":"https:\/\/www.europesays.com\/fr\/147901\/"},"modified":"2025-06-03T03:00:19","modified_gmt":"2025-06-03T03:00:19","slug":"loire-operation-xxl-des-gendarmes-sur-les-routes-a-lascension-les-pv-pleuvent","status":"publish","type":"post","link":"https:\/\/www.europesays.com\/fr\/147901\/","title":{"rendered":"Loire. Op\u00e9ration XXL des gendarmes sur les routes \u00e0 l&rsquo;Ascension, les PV pleuvent"},"content":{"rendered":"<p>            Par<br \/>\n        <strong><br \/>\n            <a href=\"https:\/\/actu.fr\/auteur\/julien-sournies\" title=\"Consulter tous les articles de Julien Sournies\" target=\"_blank\" rel=\"noopener\">Julien Sournies<\/a><br \/>\n        <\/strong><\/p>\n<p>        Publi\u00e9 le<\/p>\n<p>            2 juin 2025 \u00e0 16h40        <\/p>\n<p>Les forces de l\u2019ordre de la <a href=\"https:\/\/actu.fr\/auvergne-rhone-alpes\/loire_42\" target=\"_blank\" rel=\"noopener\">Loire<\/a> ont eu du pain sur la planche durant le long week-end de l\u2019Ascension. Alors que de nombreux automobilistes ont pris la route des vacances, les gendarmes lig\u00e9riens ont quadrill\u00e9 les principaux axes du d\u00e9partement afin de proc\u00e9der \u00e0 plusieurs contr\u00f4les routiers d\u2019ampleur.<\/p>\n<p class=\" wall-content\">Et \u00e0 l\u2019image des week-ends pr\u00e9c\u00e9dents, les militaires ont encore fait <strong>pleuvoir les contraventions<\/strong>.<\/p>\n<p>183 contraventions, dont 109 exc\u00e8s de vitesse<\/p>\n<p class=\" wall-content\">Au total, les gendarmes de l\u2019Escadron d\u00e9partemental de s\u00e9curit\u00e9 routi\u00e8re (EDSR) ont dress\u00e9 pas moins de 183 PV. Dans le d\u00e9tail, <strong>109 exc\u00e8s de vitesse<\/strong> ont \u00e9t\u00e9 enregistr\u00e9s tout au long du week-end.<\/p>\n<p class=\" wall-content\">Parmi les fous du volant recens\u00e9s, six ont \u00e9t\u00e9 flash\u00e9s \u00e0 40\u00a0km\/h au-dessus de la limite autoris\u00e9e et quatre \u00e0 50\u00a0km\/h au-dessus.<\/p>\n<p>Alcool, drogue, t\u00e9l\u00e9phone au volant\u2026<\/p>\n<p class=\" wall-content\">Les forces de l\u2019ordre indiquent que 14 automobilistes ont \u00e9t\u00e9 contr\u00f4l\u00e9s sous l\u2019empire de l\u2019\u00e9tat alcoolique et six sous l\u2019emprise de produits stup\u00e9fiants.<\/p>\n<p>Vid\u00e9os : en ce moment sur Actu<\/p>\n<p class=\" wall-content\">De surcro\u00eet, 30 conducteurs ont \u00e9t\u00e9 pris en flagrant d\u00e9lit en train de faire usage de leur t\u00e9l\u00e9phone portable, tandis que 24 ont commis diverses infractions au code de la route, relatent les militaires lig\u00e9riens.<\/p>\n<p class=\" wall-content\">Suivez toute l\u2019actualit\u00e9 de vos villes et m\u00e9dias favoris en vous inscrivant \u00e0 <a href=\"https:\/\/moncompte.actu.fr\" title=\"D\u00e9couvez Mon Actu\" rel=\"nofollow noopener\" data-trk=\"{&quot;cta&quot;:{&quot;action&quot;:&quot;https:\\\/\\\/moncompte.actu.fr&quot;,&quot;category&quot;:&quot;mon compte&quot;,&quot;from&quot;:&quot;article footer&quot;,&quot;name&quot;:&quot;Mon actu&quot;,&quot;type&quot;:&quot;cta&quot;}}\" target=\"_blank\">Mon Actu<\/a>.<\/p>\n","protected":false},"excerpt":{"rendered":"Par Julien Sournies Publi\u00e9 le 2 juin 2025 \u00e0 16h40 Les forces de l\u2019ordre de la Loire ont&hellip;\n","protected":false},"author":2,"featured_media":147902,"comment_status":"","ping_status":"","sticky":false,"template":"","format":"standard","meta":{"footnotes":""},"categories":[9653],"tags":[1111,11,2430,3542,1777,674,5915,118,1011,27,3381,12,25,4001],"class_list":{"0":"post-147901","1":"post","2":"type-post","3":"status-publish","4":"format-standard","5":"has-post-thumbnail","7":"category-saint-etienne","8":"tag-actu","9":"tag-actualites","10":"tag-auvergne-rhone-alpes","11":"tag-circulation","12":"tag-eu","13":"tag-europe","14":"tag-exces-de-vitesse","15":"tag-faits-divers","16":"tag-fr","17":"tag-france","18":"tag-gendarmerie","19":"tag-news","20":"tag-republique-francaise","21":"tag-saint-etienne"},"share_on_mastodon":{"url":"https:\/\/pubeurope.com\/@fr\/114617202927517866","error":""},"_links":{"self":[{"href":"https:\/\/www.europesays.com\/fr\/wp-json\/wp\/v2\/posts\/147901","targetHints":{"allow":["GET"]}}],"collection":[{"href":"https:\/\/www.europesays.com\/fr\/wp-json\/wp\/v2\/posts"}],"about":[{"href":"https:\/\/www.europesays.com\/fr\/wp-json\/wp\/v2\/types\/post"}],"author":[{"embeddable":true,"href":"https:\/\/www.europesays.com\/fr\/wp-json\/wp\/v2\/users\/2"}],"replies":[{"embeddable":true,"href":"https:\/\/www.europesays.com\/fr\/wp-json\/wp\/v2\/comments?post=147901"}],"version-history":[{"count":0,"href":"https:\/\/www.europesays.com\/fr\/wp-json\/wp\/v2\/posts\/147901\/revisions"}],"wp:featuredmedia":[{"embeddable":true,"href":"https:\/\/www.europesays.com\/fr\/wp-json\/wp\/v2\/media\/147902"}],"wp:attachment":[{"href":"https:\/\/www.europesays.com\/fr\/wp-json\/wp\/v2\/media?parent=147901"}],"wp:term":[{"taxonomy":"category","embeddable":true,"href":"https:\/\/www.europesays.com\/fr\/wp-json\/wp\/v2\/categories?post=147901"},{"taxonomy":"post_tag","embeddable":true,"href":"https:\/\/www.europesays.com\/fr\/wp-json\/wp\/v2\/tags?post=147901"}],"curies":[{"name":"wp","href":"https:\/\/api.w.org\/{rel}","templated":true}]}}