{"id":147908,"date":"2025-06-03T03:05:12","date_gmt":"2025-06-03T03:05:12","guid":{"rendered":"https:\/\/www.europesays.com\/fr\/147908\/"},"modified":"2025-06-03T03:05:12","modified_gmt":"2025-06-03T03:05:12","slug":"municipales-2026-celine-privat-sera-la-candidate-du-rassemblement-revestois","status":"publish","type":"post","link":"https:\/\/www.europesays.com\/fr\/147908\/","title":{"rendered":"Municipales 2026: C\u00e9line Privat sera la candidate du Rassemblement revestois"},"content":{"rendered":"<p>C\u00e9line Privat va pr\u00e9senter une liste au nom du Rassemblement revestois pour les municipales de mars 2026. \u00ab\u00a0Je veux \u00eatre une candidate multi-\u00e9tiquettes car je ne juge pas les gens en fonction de leurs \u00e9tiquettes politiques mais par rapport \u00e0 ce qu\u2019ils peuvent apporter. Cette candidature est historique car c\u2019est la premi\u00e8re fois en 24 ans qu\u2019il y a une nouvelle opposition au Revest (1)\u00a0\u00bb, explique-t-elle.<\/p>\n<p>\u00c0 49 ans, C\u00e9line Privat a d\u00e9j\u00e0 une carri\u00e8re professionnelle riche: \u00a0\u00bb Je suis n\u00e9e au Revest et j\u2019ai poursuivi des \u00e9tudes sup\u00e9rieures \u00e0 Toulon. J\u2019ai un DEA en \u00e9valuation des politiques publiques et j\u2019ai ensuite travaill\u00e9 douze ans dans le secteur de l\u2019innovation et l\u2019accompagnement des entreprises. J\u2019ai aussi travaill\u00e9 un an \u00e0 la Croix-Rouge \u00e0 Marseille puis au grand conseil de la Mutualit\u00e9. Enfin, j\u2019ai cr\u00e9\u00e9 une maison d\u2019\u00e9dition dans mon village, au Revest. Je reste sp\u00e9cialis\u00e9e dans le conseil et la cr\u00e9ation d\u2019entreprises.\u00a0\u00bb<\/p>\n<p><strong>\u00ab\u00a0Retrouver la tradition de village d\u2019artiste\u00a0\u00bb<\/strong><\/p>\n<p>Pourquoi se d\u00e9clarer si t\u00f4t aux municipales, alors? \u00ab\u00a0Parce que je veux lancer, d\u00e8s maintenant, un appel aux Revestois afin de constituer une belle liste. Je souhaite rassembler des personnes investies pour la ville et amoureuses de ce territoire. Des gens ind\u00e9pendants, de la soci\u00e9t\u00e9 civile, et motiv\u00e9s par l\u2019envie de servir l\u2019int\u00e9r\u00eat commun.\u00a0\u00bb<\/p>\n<p>C\u00e9line Privat a d\u00e9j\u00e0 travaill\u00e9 les dossiers d\u2019actualit\u00e9 du Revest et a fix\u00e9 des grandes priorit\u00e9s pour sa campagne: l\u2019art et la culture \u00ab\u00a0car Le Revest est, \u00e0 l\u2019origine, un village d\u2019artistes. Il faut retrouver cette tradition.\u00a0\u00bb<\/p>\n<p>La candidate mise \u00e9galement sur l\u2019innovation locale: \u00ab\u00a0Je souhaite cr\u00e9er des endroits au Revest pour d\u00e9velopper des projets \u00e9conomiques cibl\u00e9s\u00a0\u00bb. Enfin, l\u2019environnement tient une place importante, selon elle: \u00ab\u00a0Je ne suis pas \u00e0 proprement parler \u00e9cologiste. Mais, quand je regarde toutes les constructions au Revest depuis vingt ans, j\u2019ai envie de dire: arr\u00eatez le carnage! Halte \u00e0 cette multiplication des constructions. Au contraire: il faut encourager des constructions avec des mat\u00e9riaux nouveaux, moins \u00e9nergivores. Et privil\u00e9gier les projets qui tendent vers l\u2019autonomie en \u00e9nergie. Pour moi, c\u2019est clair: je ne veux pas de ferme solaire ni d\u2019\u00e9oliennes au Revest! Et je souhaite faire baisser de 20%, d\u00e8s la premi\u00e8re ann\u00e9e, le montant de la taxe fonci\u00e8re pour les Revestois.\u00a0\u00bb<\/p>\n<p>1. En 2020, la liste Pour Le Revest une alternative de d\u00e9mocratie avait obtenu 33,31%.<\/p>\n","protected":false},"excerpt":{"rendered":"C\u00e9line Privat va pr\u00e9senter une liste au nom du Rassemblement revestois pour les municipales de mars 2026. \u00ab\u00a0Je&hellip;\n","protected":false},"author":2,"featured_media":147909,"comment_status":"","ping_status":"","sticky":false,"template":"","format":"standard","meta":{"footnotes":""},"categories":[9619],"tags":[1111,11,1777,674,1011,27,12,882,25,2310,3366],"class_list":{"0":"post-147908","1":"post","2":"type-post","3":"status-publish","4":"format-standard","5":"has-post-thumbnail","7":"category-toulon","8":"tag-actu","9":"tag-actualites","10":"tag-eu","11":"tag-europe","12":"tag-fr","13":"tag-france","14":"tag-news","15":"tag-provence-alpes-cote-dazur","16":"tag-republique-francaise","17":"tag-toulon","18":"tag-vie-locale"},"share_on_mastodon":{"url":"https:\/\/pubeurope.com\/@fr\/114617222635724975","error":""},"_links":{"self":[{"href":"https:\/\/www.europesays.com\/fr\/wp-json\/wp\/v2\/posts\/147908","targetHints":{"allow":["GET"]}}],"collection":[{"href":"https:\/\/www.europesays.com\/fr\/wp-json\/wp\/v2\/posts"}],"about":[{"href":"https:\/\/www.europesays.com\/fr\/wp-json\/wp\/v2\/types\/post"}],"author":[{"embeddable":true,"href":"https:\/\/www.europesays.com\/fr\/wp-json\/wp\/v2\/users\/2"}],"replies":[{"embeddable":true,"href":"https:\/\/www.europesays.com\/fr\/wp-json\/wp\/v2\/comments?post=147908"}],"version-history":[{"count":0,"href":"https:\/\/www.europesays.com\/fr\/wp-json\/wp\/v2\/posts\/147908\/revisions"}],"wp:featuredmedia":[{"embeddable":true,"href":"https:\/\/www.europesays.com\/fr\/wp-json\/wp\/v2\/media\/147909"}],"wp:attachment":[{"href":"https:\/\/www.europesays.com\/fr\/wp-json\/wp\/v2\/media?parent=147908"}],"wp:term":[{"taxonomy":"category","embeddable":true,"href":"https:\/\/www.europesays.com\/fr\/wp-json\/wp\/v2\/categories?post=147908"},{"taxonomy":"post_tag","embeddable":true,"href":"https:\/\/www.europesays.com\/fr\/wp-json\/wp\/v2\/tags?post=147908"}],"curies":[{"name":"wp","href":"https:\/\/api.w.org\/{rel}","templated":true}]}}