{"id":14791,"date":"2025-04-10T11:06:14","date_gmt":"2025-04-10T11:06:14","guid":{"rendered":"https:\/\/www.europesays.com\/fr\/14791\/"},"modified":"2025-04-10T11:06:14","modified_gmt":"2025-04-10T11:06:14","slug":"cest-quoi-ce-chantier-en-cours-devant-la-mairie","status":"publish","type":"post","link":"https:\/\/www.europesays.com\/fr\/14791\/","title":{"rendered":"c&rsquo;est quoi ce chantier en cours devant la mairie\u00a0?"},"content":{"rendered":"<p>            Par<br \/>\n        <strong><br \/>\n            <a href=\"https:\/\/actu.fr\/auteur\/laure-gentil\" title=\"Consulter tous les articles de Laure Gentil\" target=\"_blank\" rel=\"noopener\">Laure Gentil<\/a><br \/>\n        <\/strong><\/p>\n<p>        Publi\u00e9 le<\/p>\n<p>            10 avr. 2025 \u00e0 7h32        <\/p>\n<p>Impossible de rater le chantier en cours devant la<strong> mairie de Nantes<\/strong>, sur le square de l\u2019Amiral-Halgan. Depuis plusieurs jours, des <strong>arch\u00e9ologues<\/strong> s\u2019activent avant le r\u00e9am\u00e9nagement des lieux. Des murs ont \u00e9t\u00e9 d\u00e9terr\u00e9s.<\/p>\n<p>Des b\u00e2timents d\u00e9truits durant la Seconde Guerre mondiale<\/p>\n<p class=\" wall-content\">Selon la mairie de Nantes, les restes de murs qui ont \u00e9t\u00e9 retrouv\u00e9s par les arch\u00e9ologues dateraient du XVIIIe\u00a0si\u00e8cle.<\/p>\n<p class=\" wall-content\">Un ouvrier a expliqu\u00e9 \u00e0\u00a0actu Nantes que ces b\u00e2timents ont sans aucun doute \u00e9t\u00e9 d\u00e9truits durant les bombardements de la Seconde Guerre mondiale.<\/p>\n<p class=\" wall-content\">Les <strong>r\u00e9sultats officiels<\/strong> de ces fouilles, r\u00e9alis\u00e9es par les arch\u00e9ologues du service m\u00e9tropolitain seront donn\u00e9s \u00e0 l\u2019occasion des<strong> Journ\u00e9es europ\u00e9ennes de l\u2019arch\u00e9ologie<\/strong> les 13, 14 et 15\u00a0juin.<\/p>\n<p>Vid\u00e9os : en ce moment sur ActuDes plantations en mai<\/p>\n<p class=\" wall-content\">La <a href=\"https:\/\/actu.fr\/pays-de-la-loire\/nantes_44109\/a-nantes-ce-parking-va-disparaitre-et-laisser-sa-place-a-un-jardin_61929910.html\" target=\"_blank\" rel=\"noopener\">rue de la Commune et le parking<\/a> vont \u00eatre am\u00e9nag\u00e9s pour devenir \u00ab\u2009un salon v\u00e9g\u00e9talis\u00e9 et fleuri\u2009\u00bb. Cette rue, o\u00f9 attendent g\u00e9n\u00e9ralement les jeunes mari\u00e9s va donc \u00eatre pourvue de massifs fleuris et d\u2019une all\u00e9e ensabl\u00e9e pour cr\u00e9er des \u00ab\u2009zones de d\u00e9tente\u2009\u00bb.<\/p>\n<p class=\" wall-content\">Les abords de l\u2019H\u00f4tel de Ville vont aussi \u00eatre pi\u00e9tonnis\u00e9s \u00ab\u2009pour lib\u00e9rer les rues de la circulation\u2009\u00bb et redonner un espace \u00ab\u2009apais\u00e9\u2009\u00bb pour les pi\u00e9tons. Les rues du Cheval Blanc, Armand-Brossard et Saint-L\u00e9onard, situ\u00e9es \u00e0 l\u2019ouest de la mairie, sont\u2009en cours de pi\u00e9tonnisation d\u00e9finitive.<\/p>\n<p class=\" wall-content\">Les premi\u00e8res plantations seront r\u00e9alis\u00e9es en mai et les Nantais pourront commencer \u00e0 profiter de ces espaces d\u00e8s juillet. Les travaux devraient enti\u00e8rement finalis\u00e9s en 2027.<\/p>\n<p class=\" wall-content\">Suivez toute l\u2019actualit\u00e9 de vos villes et m\u00e9dias favoris en vous inscrivant \u00e0 <a href=\"https:\/\/moncompte.actu.fr\" title=\"D\u00e9couvez Mon Actu\" rel=\"nofollow noopener\" data-trk=\"{&quot;cta&quot;:{&quot;action&quot;:&quot;https:\\\/\\\/moncompte.actu.fr&quot;,&quot;category&quot;:&quot;mon compte&quot;,&quot;from&quot;:&quot;article footer&quot;,&quot;name&quot;:&quot;Mon actu&quot;,&quot;type&quot;:&quot;cta&quot;}}\" target=\"_blank\">Mon Actu<\/a>.<\/p>\n","protected":false},"excerpt":{"rendered":"Par Laure Gentil Publi\u00e9 le 10 avr. 2025 \u00e0 7h32 Impossible de rater le chantier en cours devant&hellip;\n","protected":false},"author":2,"featured_media":14792,"comment_status":"","ping_status":"","sticky":false,"template":"","format":"standard","meta":{"footnotes":""},"categories":[2818],"tags":[1111,11,730,1777,674,1011,27,1757,766,12,2636,25,2086],"class_list":{"0":"post-14791","1":"post","2":"type-post","3":"status-publish","4":"format-standard","5":"has-post-thumbnail","7":"category-nantes","8":"tag-actu","9":"tag-actualites","10":"tag-archeologie","11":"tag-eu","12":"tag-europe","13":"tag-fr","14":"tag-france","15":"tag-insolite","16":"tag-nantes","17":"tag-news","18":"tag-pays-de-la-loire","19":"tag-republique-francaise","20":"tag-travaux"},"share_on_mastodon":{"url":"https:\/\/pubeurope.com\/@fr\/114313349624618598","error":""},"_links":{"self":[{"href":"https:\/\/www.europesays.com\/fr\/wp-json\/wp\/v2\/posts\/14791","targetHints":{"allow":["GET"]}}],"collection":[{"href":"https:\/\/www.europesays.com\/fr\/wp-json\/wp\/v2\/posts"}],"about":[{"href":"https:\/\/www.europesays.com\/fr\/wp-json\/wp\/v2\/types\/post"}],"author":[{"embeddable":true,"href":"https:\/\/www.europesays.com\/fr\/wp-json\/wp\/v2\/users\/2"}],"replies":[{"embeddable":true,"href":"https:\/\/www.europesays.com\/fr\/wp-json\/wp\/v2\/comments?post=14791"}],"version-history":[{"count":0,"href":"https:\/\/www.europesays.com\/fr\/wp-json\/wp\/v2\/posts\/14791\/revisions"}],"wp:featuredmedia":[{"embeddable":true,"href":"https:\/\/www.europesays.com\/fr\/wp-json\/wp\/v2\/media\/14792"}],"wp:attachment":[{"href":"https:\/\/www.europesays.com\/fr\/wp-json\/wp\/v2\/media?parent=14791"}],"wp:term":[{"taxonomy":"category","embeddable":true,"href":"https:\/\/www.europesays.com\/fr\/wp-json\/wp\/v2\/categories?post=14791"},{"taxonomy":"post_tag","embeddable":true,"href":"https:\/\/www.europesays.com\/fr\/wp-json\/wp\/v2\/tags?post=14791"}],"curies":[{"name":"wp","href":"https:\/\/api.w.org\/{rel}","templated":true}]}}