{"id":147924,"date":"2025-06-03T03:15:14","date_gmt":"2025-06-03T03:15:14","guid":{"rendered":"https:\/\/www.europesays.com\/fr\/147924\/"},"modified":"2025-06-03T03:15:14","modified_gmt":"2025-06-03T03:15:14","slug":"ce-week-end-un-festival-gratuit-sinstalle-a-strasbourg","status":"publish","type":"post","link":"https:\/\/www.europesays.com\/fr\/147924\/","title":{"rendered":"ce week-end, un festival gratuit s\u2019installe \u00e0 Strasbourg !"},"content":{"rendered":"<p><b>\u00c9v\u00e9nement phare (et gratuit) du Contre-temps festival \u2013 qui signe cette ann\u00e9e sa 20e \u00e9dition \u2013, les Pelouses Sonores et \u00c9lectroniques font leur GRAND retour \u00e0 Strasbourg les 7 et 8 juin ! Apr\u00e8s une absence subie l\u2019an pass\u00e9, elles reviennent \u00e9lectriser ce week-end le Jardin des Deux Rives. Au programme ? DJ sets, concerts en live et grosse d\u00e9tente : \u00e7a m\u00e9ritait bien cette attente.<\/b><\/p>\n<p>L\u2019an pass\u00e9, le ciel s\u2019\u00e9tait d\u00e9cha\u00een\u00e9 sur notre printemps strasbourgeois. <strong>Sous les gouttes, de nombreux \u00e9v\u00e9nements en ont fait les frais\u2026<\/strong> Parmi les victimes\u00a0: les Pelouses \u00c9lectroniques et Sonores qui ont d\u00fb annuler, pour ne pas finir en Boues \u00c9lectroniques. Mais apr\u00e8s ce \u00ab\u00a0contretemps\u00a0\u00bb\u00a0: cette ann\u00e9e, on y croit\u00a0!<\/p>\n<p>    <img width=\"800\" height=\"533\" src=\"https:\/\/www.europesays.com\/fr\/wp-content\/uploads\/2025\/06\/pelouses-sonores-2-jardin-des-2-rives-e1685461706564-800x533.jpg\" class=\"attachment-image-size-L size-image-size-L\" alt=\"Pelouses-sonores + contre-temps\" decoding=\"async\" loading=\"lazy\"  \/>         Pelouses \u00c9lectroniques. \u00a9 Contre-temps Festival \/ Document remis <\/p>\n<p><b>Samedi 7 et dimanche 8 juin<\/b>, le Jardin des Deux Rives va donc pr\u00eater une nouvelle fois son gazon au Contre-temps festival. Avec<b> les Pelouses \u00c9lectroniques, le samedi, et Sonores, le dimanche<\/b> (et de<b> 15h \u00e0 22h<\/b> chaque jour).<\/p>\n<p>Le concept\u00a0? <b>Des DJ sets<\/b> pour les premi\u00e8res, et <b>des concerts <\/b><b>en live<\/b><b> <\/b>pour les secondes ; mais aussi un <b>acc\u00e8s gratuit<\/b>, <b>une ambiance festive et familiale,<\/b> un espace <b>bar <\/b>et de la <b>street-food<\/b> pour pique-niquer toute la journ\u00e9e.<\/p>\n<p>Les Pelouses \u00c9lectroniques\u00a0: un samedi \u00e0 124 bpm<\/p>\n<p>Le samedi, Contre-temps nous concocte <b>\u00ab\u00a0une apr\u00e8s-midi \u00e0 124 bpm\u00a0\u00bb<\/b><b> <\/b>avec une affiche de<b> DJ de la sc\u00e8ne locale.<\/b><\/p>\n<p>Pour commencer\u00a0: <b>Pattison<\/b> (Dodekazz), jeune \u00ab\u00a0ovni\u00a0\u00bb qui \u00ab\u00a0ma\u00eetrise l\u2019art des croches et captive le floor avec sa s\u00e9lection irr\u00e9prochable <b>entre house et UK garage<\/b>\u00a0\u00bb, puis <b>\u00d8DASS<\/b> qui nous fera \u00ab\u00a0voyage[r] entre \u00e9poques et \u00e9motions\u00a0\u00bb avec une \u00ab\u00a0s\u00e9lection pointue\u00a0\u00bb naviguant entre \u00ab\u00a0<b>house groovy, techno hypnotique <\/b>ou breakbeats percutants\u00a0\u00bb.<\/p>\n<p>Pour prendre le relais\u00a0: <b>Makar<\/b> (Clubbin\u2019House) \u2013 qu\u2019on ne pr\u00e9sente plus \u2013 \u00ab\u00a0inspir\u00e9e par la sc\u00e8ne house et ses satellites, <b>de la minimale roumaine, \u00e0 la house soulfull de Chicago <\/b>avec une correspondance pour le <b>break anglais ou la ghetto house<\/b>\u00a0\u00bb. Et <b>E-Tronik <\/b>(Motion Sequence, Type\/5,2).<\/p>\n<p>    <img width=\"800\" height=\"533\" src=\"https:\/\/www.europesays.com\/fr\/wp-content\/uploads\/2025\/06\/pelouses-electroniques-bubbles-800x533.jpg\" class=\"attachment-image-size-L size-image-size-L\" alt=\"Pelouses electroniques + Contre-temps Festival\" decoding=\"async\" loading=\"lazy\"  \/>         Pelouses \u00c9lectroniques. \u00a9 Contre-temps Festival \/ Document remis <\/p>\n<p><b>La team Subtronic sera bien repr\u00e9sent\u00e9e avec Steeven, son pr\u00e9sident<\/b> depuis plus de 15 ans, <b>et Taktik<\/b>, \u00ab\u00a0alchimiste des beats [\u2026] parfois groovy et funky, parfois violent et dark\u00a0\u00bb.<\/p>\n<p>Tout comme <b>le collectif Flashball <\/b>qui nous proposera un \u00ab\u00a0versus\u00a0\u00bb entre deux de ses membres\u00a0: <b>SunpR<\/b> connu \u00e0 Paris comme \u00ab\u00a0activiste\/organisateur de raves (CDLM) mais aussi en tant qu\u2019agitateur d\u2019afters\u00a0\u00bb avant de rejoindre Strasbourg, et<b> 1Client<\/b>, friand de \u00ab\u00a0techno sombre, trippante ou mentale avec un feeling dub, tribal, acid ou trancy\u00a0\u00bb.<\/p>\n<p>De quoi pi\u00e9tiner les Pelouses comme jamais.<\/p>\n<p>    <img width=\"800\" height=\"533\" src=\"https:\/\/www.europesays.com\/fr\/wp-content\/uploads\/2025\/06\/pelouses-electroniques-dj-lisa-lehman-e1685460069476-800x533.jpg\" class=\"attachment-image-size-L size-image-size-L\" alt=\"Pelouses electroniques + contre-temps\" decoding=\"async\" loading=\"lazy\"  \/>         \u00a9 Lisa Lehman \/ Document remis <\/p>\n<p>Les Pelouses Sonores\u00a0: dimanche chill et en famille<\/p>\n<p>Le lendemain, place aux Pelouses Sonores\u00a0: l\u2019alternative \u00ab\u00a0live\u00a0\u00bb du week-end, plus familiale encore. Au programme\u00a0? <b>Des <\/b><b>\u00ab\u00a0concerts groovy\u00a0\u00bb<\/b> avec du local, mais pas que, et des \u00ab\u00a0interludes\u00a0\u00bb assur\u00e9s par des DJ sets, ainsi que <b>Mr E (aka Eli) comme MC<\/b>.<\/p>\n<p>Pour la partie concert\u00a0: <b>le Midva Lofi Ensemble<\/b> \u2013 d\u00e9j\u00e0 pr\u00e9vu l\u2019an pass\u00e9 \u2013 foulera enfin la sc\u00e8ne des Pelouses. Ce projet est celui du pianiste et producteur strasbourgeois <b>Nils Boyny<\/b>, actif au sein du collectif Omezis (avec entre autres Emile Londonien, Cheap House, Acousmatics), et de la sc\u00e8ne crossover jazz \/ \u00e9lectronique.<\/p>\n<p>Il viendra nous d\u00e9livrer dans une version live \u2013 accompagn\u00e9 ici du batteur <b>Jo\u00ebl \u00ab\u00a0Kwame\u00a0\u00bb Brown<\/b> et du bassiste <b>Nicolas Daguet aka Natsu <\/b>\u2013 ses prods \u00ab\u00a0teint\u00e9es de m\u00e9lodies simples, de beats laidback et d\u2019harmonies riches et soulful, le tout dans <b>une esth\u00e9tique lofi assum\u00e9e\u00a0<\/b>\u00bb.<\/p>\n<p>                <img width=\"753\" height=\"500\" src=\"https:\/\/www.europesays.com\/fr\/wp-content\/uploads\/2025\/06\/pelouses-sonores-strasbourg-7.jpg\" class=\"attachment-gallery size-gallery\" alt=\"Pelouses-sonores-strasbourg-7 contre temps\" data-full-url=\"https:\/\/www.europesays.com\/fr\/wp-content\/uploads\/2025\/06\/pelouses-sonores-strasbourg-7.jpg\" decoding=\"async\" loading=\"lazy\"  \/>            <\/p>\n<p>                <img width=\"753\" height=\"500\" src=\"https:\/\/www.europesays.com\/fr\/wp-content\/uploads\/2025\/06\/pelouses-sonores-strasbourg-5.jpg\" class=\"attachment-gallery size-gallery\" alt=\"Pelouses-sonores-strasbourg-5 contre temps\" data-full-url=\"https:\/\/www.europesays.com\/fr\/wp-content\/uploads\/2025\/06\/pelouses-sonores-strasbourg-5.jpg\" decoding=\"async\" loading=\"lazy\"  \/>            <\/p>\n<p>                    Pelouses Sonores. \u00a9 Bastien Pietronave \/ Pokaa<\/p>\n<p>Pour lui faire suite\u00a0: <b>Shrizz N Maze <\/b>(Paris),<b> <\/b><b>\u00ab\u00a0un gros heavy funk live band\u00a0\u00bb<\/b><b> barr\u00e9<\/b>, compos\u00e9 de \u00ab\u00a0Maze Kuenzler guitar hero de l\u2019espace et Eric Shrizz Rohner au fort sax appeal\u00a0\u00bb et du tromboniste Greg Boyer (Parliament, Maceo Parker et NPG de Prince).<\/p>\n<p>Et enfin\u00a0:<b> La Nefera, rappeuse suisse et originaire de R\u00e9publique dominicaine<\/b> qui \u00ab\u00a0entrelace ses influences culturelles dans sa musique\u00a0\u00bb qui m\u00eale des<b> rythmes latino<\/b> (cumbia, reggaeton, baile funk) <b>\u00e0 des sonorit\u00e9s hip-hop, trap, rock, jazz et afrobeats<\/b>. Pour la sc\u00e8ne, elle est rejointe par \u00ab\u00a0un fran\u00e7ais joueur de sousaphone, un guitariste venu d\u2019Argentine et un batteur suisse\u00a0\u00bb, dans <b>\u00ab\u00a0l\u2019esprit multikulti\u00a0\u00bb<\/b>.<\/p>\n<\/p>\n<p>Quant \u00e0 pousser la d\u00e9tente, allons-y franchement. Le dimanche, Contre-temps met \u00e0 dispo <b>un espace bien-\u00eatre toute l\u2019apr\u00e8s-midi<\/b>, avec des <b>s\u00e9ances de massage japonais<\/b> (anma et shiatsu), <b>sans r\u00e9sa\u2019 et \u00e0 prix libre et conscient<\/b>.<\/p>\n<p>Allez, pour une fois qu\u2019on peut marcher sur les Pelouses\u00a0: allons carr\u00e9ment y danser. Et pendant que t\u2019es l\u00e0, note-toi d\u00e9j\u00e0 <b>les dates du Contre-temps Festival <\/b>qui arrive \u00e0 grands pas\u00a0: <b>du 18 au 28 juin<\/b>\u00a0!<\/p>\n<p>            Pelouses \u00c9lectroniques et Sonores &#8211; Contre-temps festival 20e \u00e9dition<\/p>\n<p>            Quoi ? <\/p>\n<p>Open-air avec DJ sets et concerts<\/p>\n<p>                Quand ?<\/p>\n<p>Samedi 7 et dimanche 8 juin de 15h \u00e0 22h<\/p>\n<p>            o\u00f9 ?<\/p>\n<p>Au Jardin des Deux Rives, \u00e0 Strasbourg<\/p>\n<p>                Plus d&rsquo;infos ?<\/p>\n<p>Programmes du <a href=\"https:\/\/www.contre-temps.net\/evenement\/pelouses-electroniques-2025\/\" target=\"_blank\" rel=\"noopener\">samedi (Pelouses \u00c9lectroniques)<\/a> et du <a href=\"https:\/\/www.contre-temps.net\/evenement\/pelouses-sonores-2025\/\" target=\"_blank\" rel=\"noopener\">dimanche (Pelouses Sonores)<\/a><br \/>Les \u00e9v\u00e9nements Facebook du <a href=\"https:\/\/fb.me\/e\/4VzXrtBie\" target=\"_blank\" rel=\"noopener\">samedi <\/a>et du <a href=\"https:\/\/fb.me\/e\/inwk2DzNq\" target=\"_blank\" rel=\"noopener\">dimanche<\/a><\/p>\n<p>Entr\u00e9e libre<br \/>Espace bar et street-food sur place<\/p>\n","protected":false},"excerpt":{"rendered":"\u00c9v\u00e9nement phare (et gratuit) du Contre-temps festival \u2013 qui signe cette ann\u00e9e sa 20e \u00e9dition \u2013, les Pelouses&hellip;\n","protected":false},"author":2,"featured_media":147925,"comment_status":"","ping_status":"","sticky":false,"template":"","format":"standard","meta":{"footnotes":""},"categories":[2820],"tags":[1111,11,1697,27710,12084,1777,674,652,849,1011,27,775,326,19096,12,25,640,4064],"class_list":{"0":"post-147924","1":"post","2":"type-post","3":"status-publish","4":"format-standard","5":"has-post-thumbnail","7":"category-strasbourg","8":"tag-actu","9":"tag-actualites","10":"tag-concert","11":"tag-contre-temps","12":"tag-dj-set","13":"tag-eu","14":"tag-europe","15":"tag-famille","16":"tag-festival","17":"tag-fr","18":"tag-france","19":"tag-grand-est","20":"tag-gratuit","21":"tag-jardin-des-deux-rives","22":"tag-news","23":"tag-republique-francaise","24":"tag-strasbourg","25":"tag-week-end"},"share_on_mastodon":{"url":"https:\/\/pubeurope.com\/@fr\/114617262152707535","error":""},"_links":{"self":[{"href":"https:\/\/www.europesays.com\/fr\/wp-json\/wp\/v2\/posts\/147924","targetHints":{"allow":["GET"]}}],"collection":[{"href":"https:\/\/www.europesays.com\/fr\/wp-json\/wp\/v2\/posts"}],"about":[{"href":"https:\/\/www.europesays.com\/fr\/wp-json\/wp\/v2\/types\/post"}],"author":[{"embeddable":true,"href":"https:\/\/www.europesays.com\/fr\/wp-json\/wp\/v2\/users\/2"}],"replies":[{"embeddable":true,"href":"https:\/\/www.europesays.com\/fr\/wp-json\/wp\/v2\/comments?post=147924"}],"version-history":[{"count":0,"href":"https:\/\/www.europesays.com\/fr\/wp-json\/wp\/v2\/posts\/147924\/revisions"}],"wp:featuredmedia":[{"embeddable":true,"href":"https:\/\/www.europesays.com\/fr\/wp-json\/wp\/v2\/media\/147925"}],"wp:attachment":[{"href":"https:\/\/www.europesays.com\/fr\/wp-json\/wp\/v2\/media?parent=147924"}],"wp:term":[{"taxonomy":"category","embeddable":true,"href":"https:\/\/www.europesays.com\/fr\/wp-json\/wp\/v2\/categories?post=147924"},{"taxonomy":"post_tag","embeddable":true,"href":"https:\/\/www.europesays.com\/fr\/wp-json\/wp\/v2\/tags?post=147924"}],"curies":[{"name":"wp","href":"https:\/\/api.w.org\/{rel}","templated":true}]}}