{"id":147926,"date":"2025-06-03T03:16:11","date_gmt":"2025-06-03T03:16:11","guid":{"rendered":"https:\/\/www.europesays.com\/fr\/147926\/"},"modified":"2025-06-03T03:16:11","modified_gmt":"2025-06-03T03:16:11","slug":"matthieu-zmijewski-nomme-directeur-du-centre-daffaires-caisse-depargne","status":"publish","type":"post","link":"https:\/\/www.europesays.com\/fr\/147926\/","title":{"rendered":"Matthieu Zmijewski nomm\u00e9 Directeur du Centre d\u2019Affaires Caisse d\u2019Epargne (\u2026)"},"content":{"rendered":"<p>                    <img loading=\"lazy\" decoding=\"async\" src=\"https:\/\/www.europesays.com\/fr\/wp-content\/uploads\/2025\/06\/3ed27fc1ca75b9ffab0b1a9ae778c1.png\" class=\"img-responsive post-image\" width=\"680\" height=\"510\" alt=\"Matthieu Zmijewski nomm\u00e9\" title=\"Matthieu Zmijewski nomm\u00e9 Directeur du Centre d'Affaires Caisse d'Epargne Nice Ar\u00e9nas\"\/><\/p>\n<p class=\"chapo\">Matthieu Zmijewski nomm\u00e9 Directeur du Centre d\u2019Affaires Nice Ar\u00e9nas. Avec ses 20 ans d\u2019exp\u00e9rience dans le secteur bancaire, Matthieu Zmijewski rejoint l\u2019\u00e9quipe pour apporter une nouvelle perspective et une expertise pr\u00e9cieuse.<\/p>\n<p>Son parcours a commenc\u00e9 en r\u00e9gion parisienne en tant que conseiller de client\u00e8le professionnelle, avant qu\u2019il ne progresse \u00e0 des postes cl\u00e9s, tels que Directeur de groupe d\u2019agences et, plus r\u00e9cemment, Responsable Espace Pro \u00e0 Nice.<br class=\"texte\"\/><br \/>\nCette \u00e9volution refl\u00e8te sa capacit\u00e9 \u00e0 conjuguer expertise commerciale et leadership collaboratif. Dans son nouveau r\u00f4le, Matthieu Zmijewski insufflera une dynamique innovante, renfor\u00e7ant les relations avec les entreprises locales tout en pla\u00e7ant l\u2019humain au centre de la strat\u00e9gie.<\/p>\n<p>Photo de Une\u00a0: (d\u00e9tail) \u00a9CECAZ<\/p>\n","protected":false},"excerpt":{"rendered":"Matthieu Zmijewski nomm\u00e9 Directeur du Centre d\u2019Affaires Nice Ar\u00e9nas. Avec ses 20 ans d\u2019exp\u00e9rience dans le secteur bancaire,&hellip;\n","protected":false},"author":2,"featured_media":147927,"comment_status":"","ping_status":"","sticky":false,"template":"","format":"standard","meta":{"footnotes":""},"categories":[2819],"tags":[1111,11,2408,1777,674,1011,27,12,2401,882,25],"class_list":{"0":"post-147926","1":"post","2":"type-post","3":"status-publish","4":"format-standard","5":"has-post-thumbnail","7":"category-nice","8":"tag-actu","9":"tag-actualites","10":"tag-appels-d","11":"tag-eu","12":"tag-europe","13":"tag-fr","14":"tag-france","15":"tag-news","16":"tag-nice","17":"tag-provence-alpes-cote-dazur","18":"tag-republique-francaise"},"share_on_mastodon":{"url":"https:\/\/pubeurope.com\/@fr\/114617265983600690","error":""},"_links":{"self":[{"href":"https:\/\/www.europesays.com\/fr\/wp-json\/wp\/v2\/posts\/147926","targetHints":{"allow":["GET"]}}],"collection":[{"href":"https:\/\/www.europesays.com\/fr\/wp-json\/wp\/v2\/posts"}],"about":[{"href":"https:\/\/www.europesays.com\/fr\/wp-json\/wp\/v2\/types\/post"}],"author":[{"embeddable":true,"href":"https:\/\/www.europesays.com\/fr\/wp-json\/wp\/v2\/users\/2"}],"replies":[{"embeddable":true,"href":"https:\/\/www.europesays.com\/fr\/wp-json\/wp\/v2\/comments?post=147926"}],"version-history":[{"count":0,"href":"https:\/\/www.europesays.com\/fr\/wp-json\/wp\/v2\/posts\/147926\/revisions"}],"wp:featuredmedia":[{"embeddable":true,"href":"https:\/\/www.europesays.com\/fr\/wp-json\/wp\/v2\/media\/147927"}],"wp:attachment":[{"href":"https:\/\/www.europesays.com\/fr\/wp-json\/wp\/v2\/media?parent=147926"}],"wp:term":[{"taxonomy":"category","embeddable":true,"href":"https:\/\/www.europesays.com\/fr\/wp-json\/wp\/v2\/categories?post=147926"},{"taxonomy":"post_tag","embeddable":true,"href":"https:\/\/www.europesays.com\/fr\/wp-json\/wp\/v2\/tags?post=147926"}],"curies":[{"name":"wp","href":"https:\/\/api.w.org\/{rel}","templated":true}]}}