{"id":147936,"date":"2025-06-03T03:22:22","date_gmt":"2025-06-03T03:22:22","guid":{"rendered":"https:\/\/www.europesays.com\/fr\/147936\/"},"modified":"2025-06-03T03:22:22","modified_gmt":"2025-06-03T03:22:22","slug":"oliver-kahn-renonce-a-reprendre-le-club","status":"publish","type":"post","link":"https:\/\/www.europesays.com\/fr\/147936\/","title":{"rendered":"Oliver Kahn renonce \u00e0 reprendre le club"},"content":{"rendered":"<p>Ce lundi, Oliver Kahn a renonc\u00e9 \u00e0 la reprise des Girondins de Bordeaux, \u00e9voluant d\u00e9sormais en National 2.<\/p>\n<p class=\"fig-paragraph\">Changement de programme. L&rsquo;Allemand Oliver Kahn, ex-gardien et pr\u00e9sident du Bayern Munich, a renonc\u00e9 lundi \u00e0 la reprise du club de foot des Girondins de Bordeaux (4e division fran\u00e7aise)\u00a0<a href=\"http:\/\/www.lefigaro.fr\/sports\/football\/foot-le-plan-de-continuation-des-girondins-se-poursuit-l-offre-d-oliver-kahn-consideree-20250527\" data-fig-type=\"NewsFlash\" data-gtm-custom-categorie=\"navigation\" data-gtm-custom-action=\"crossclick\" data-gtm-custom-label=\"Contextuel\" data-gtm-event=\"customEventSPE\" data-fig-domain=\"LEFIGARO\" target=\"_blank\" rel=\"noopener\">apr\u00e8s avoir transmis la semaine derni\u00e8re une lettre d&rsquo;intention au tribunal de commerce de la ville<\/a>.<\/p>\n<p class=\"fig-paragraph\">Dans une lettre ouverte adress\u00e9e aux supporters, relay\u00e9e par Sud Ouest et dont l&rsquo;AFP a eu copie, Kahn explique qu&rsquo;il ne souhaite plus \u00abengager les quelque 50 millions d&rsquo;euros pr\u00e9vus dans notre plan\u00bb apr\u00e8s examen \u00abdes informations financi\u00e8res, op\u00e9rationnelles et juridiques\u00bb, qui lui ont \u00e9t\u00e9 transmises en fin de semaine derni\u00e8re. \u00abC&rsquo;est donc avec une grande d\u00e9ception, malgr\u00e9 un travail de pr\u00e9paration approfondi et une analyse rigoureuse, que nous avons pris la d\u00e9cision m\u00fbrement r\u00e9fl\u00e9chie de ne pas poursuivre notre projet de reprise\u00bb, a-t-il ajout\u00e9.<\/p>\n<p>Une dette de 94 millions d\u2019euros<\/p>\n<p class=\"fig-paragraph\">L&rsquo;int\u00e9r\u00eat de Kahn, 55 ans, pour une reprise des Girondins, date de janvier, avec une visite en compagnie de son partenaire d&rsquo;affaires, l&rsquo;ex-pr\u00e9sident de l&rsquo;Olympique de Marseille Jacques-Henri Eyraud le mois suivant \u00e0 Bordeaux o\u00f9 il avait rencontr\u00e9 le maire de la ville Pierre Hurmic et la pr\u00e9sidente de la M\u00e9tropole Christine Bost. Mardi dernier, le tribunal de commerce de Bordeaux avait examin\u00e9 le plan de continuation port\u00e9 par le pr\u00e9sident des Girondins, Gerard Lopez, avec remboursement des cr\u00e9anciers, regroup\u00e9s par classes de parties affect\u00e9es (regroupement par statut, prioritaire ou pas, et par int\u00e9r\u00eat \u00e9conomique commun), qui doivent voter pour accepter ou refuser les sommes propos\u00e9es. La prochaine audience devant l&rsquo;instance est fix\u00e9e au 13 juin.<\/p>\n<p class=\"fig-paragraph\">Ce plan, sur dix ans, pr\u00e9voit de r\u00e9duire la dette de 94 millions \u00e0 26 millions d&rsquo;euros, avec diff\u00e9rents sc\u00e9narios envisag\u00e9s en fonction des \u00e9ventuelles remont\u00e9es dans les divisions sup\u00e9rieures. Sous la direction de M. Lopez depuis 2021, les Girondins ont \u00e9t\u00e9 rel\u00e9gu\u00e9s en Ligue 2, puis se sont plac\u00e9s l&rsquo;\u00e9t\u00e9 dernier sous la protection du tribunal de commerce, abandonnant statut professionnel et centre de formation, plongeant en National 2. Cette saison, Bordeaux a fini quatri\u00e8me de sa poule.<\/p>\n","protected":false},"excerpt":{"rendered":"Ce lundi, Oliver Kahn a renonc\u00e9 \u00e0 la reprise des Girondins de Bordeaux, \u00e9voluant d\u00e9sormais en National 2.&hellip;\n","protected":false},"author":2,"featured_media":147937,"comment_status":"","ping_status":"","sticky":false,"template":"","format":"standard","meta":{"footnotes":""},"categories":[2817],"tags":[1111,11,454,1997,69,448,83,451,64,1777,450,449,674,1011,27,2908,452,453,66,446,447,12,2219,70,25,455],"class_list":{"0":"post-147936","1":"post","2":"type-post","3":"status-publish","4":"format-standard","5":"has-post-thumbnail","7":"category-bordeaux","8":"tag-actu","9":"tag-actualites","10":"tag-ballon-dor","11":"tag-bordeaux","12":"tag-bundesliga","13":"tag-champions-league","14":"tag-coupe-de-france","15":"tag-coupe-du-monde","16":"tag-equipe-de-france","17":"tag-eu","18":"tag-euro","19":"tag-europa-league","20":"tag-europe","21":"tag-fr","22":"tag-france","23":"tag-girondins-de-bordeaux","24":"tag-italie","25":"tag-liga","26":"tag-ligue-1","27":"tag-ligue-2","28":"tag-ligue-des-champions","29":"tag-news","30":"tag-nouvelle-aquitaine","31":"tag-premier-league","32":"tag-republique-francaise","33":"tag-uefa"},"share_on_mastodon":{"url":"https:\/\/pubeurope.com\/@fr\/114617289499487659","error":""},"_links":{"self":[{"href":"https:\/\/www.europesays.com\/fr\/wp-json\/wp\/v2\/posts\/147936","targetHints":{"allow":["GET"]}}],"collection":[{"href":"https:\/\/www.europesays.com\/fr\/wp-json\/wp\/v2\/posts"}],"about":[{"href":"https:\/\/www.europesays.com\/fr\/wp-json\/wp\/v2\/types\/post"}],"author":[{"embeddable":true,"href":"https:\/\/www.europesays.com\/fr\/wp-json\/wp\/v2\/users\/2"}],"replies":[{"embeddable":true,"href":"https:\/\/www.europesays.com\/fr\/wp-json\/wp\/v2\/comments?post=147936"}],"version-history":[{"count":0,"href":"https:\/\/www.europesays.com\/fr\/wp-json\/wp\/v2\/posts\/147936\/revisions"}],"wp:featuredmedia":[{"embeddable":true,"href":"https:\/\/www.europesays.com\/fr\/wp-json\/wp\/v2\/media\/147937"}],"wp:attachment":[{"href":"https:\/\/www.europesays.com\/fr\/wp-json\/wp\/v2\/media?parent=147936"}],"wp:term":[{"taxonomy":"category","embeddable":true,"href":"https:\/\/www.europesays.com\/fr\/wp-json\/wp\/v2\/categories?post=147936"},{"taxonomy":"post_tag","embeddable":true,"href":"https:\/\/www.europesays.com\/fr\/wp-json\/wp\/v2\/tags?post=147936"}],"curies":[{"name":"wp","href":"https:\/\/api.w.org\/{rel}","templated":true}]}}