{"id":147944,"date":"2025-06-03T03:27:11","date_gmt":"2025-06-03T03:27:11","guid":{"rendered":"https:\/\/www.europesays.com\/fr\/147944\/"},"modified":"2025-06-03T03:27:11","modified_gmt":"2025-06-03T03:27:11","slug":"le-chef-valentin-raffali-signe-une-pizza-paris-marseille-a-deguster-bientot-a-la-gare-saint-charles","status":"publish","type":"post","link":"https:\/\/www.europesays.com\/fr\/147944\/","title":{"rendered":"Le chef Valentin Raffali signe une pizza \u00ab\u00a0Paris-Marseille\u00a0\u00bb \u00e0 d\u00e9guster bient\u00f4t \u00e0 la gare Saint-Charles"},"content":{"rendered":"<p>\u00ab\u00a0Et si une pizza pouvait r\u00e9concilier Paris et Marseille\u00a0?\u00a0\u00bb La premi\u00e8re phrase du communiqu\u00e9 dat\u00e9 du 2\u00a0juin de Trainline semble pour le moins ambitieuse, pour ne pas dire hors-sol, trois jours seulement apr\u00e8s la <a href=\"https:\/\/www.laprovence.com\/article\/sports\/1323901011534214\/jaurais-prefere-mourir-avant-de-voir-ca-les-supporters-marseillais-degoutes-apres-la-victoire-de-paris-en-ligue-des-champions\" target=\"_blank\" rel=\"noopener\">finale de la Ligue des champions remport\u00e9e par le PSG<\/a>.<\/p>\n<p>Casse-gueule moit\u2019-moit&rsquo;<\/p>\n<p>Plateforme europ\u00e9enne de r\u00e9servation en ligne de billets de train et de bus, Trainline s\u2019est donc offert les services du tr\u00e8s demand\u00e9 <a href=\"https:\/\/www.laprovence.com\/article\/region\/7168028917025314\/marseille-valentin-raffali-de-retour-aux-commandes-de-son-livingston-le-6-mars\" target=\"_blank\" rel=\"noopener\">chef marseillais du Livingston, Valentin Raffali<\/a>. Entre deux d\u00eeners de gala \u00e0 travers l\u2019Europe, il a imagin\u00e9 une pizza moit\u2019-moit&rsquo;qui se veut un trait d\u2019union culinaire entre Paname et Marseille. Sur un c\u00f4t\u00e9, des champignons de Paris, sur l\u2019autre le classico marseillais anchois-tomate.<\/p>\n<p>Il s\u2019agirait, selon les promoteurs de l\u2019op\u00e9ration, de \u00ab\u00a0revisiter la pizza moiti\u00e9-moiti\u00e9, embl\u00e8me marseillais du compromis, en une recette exclusive qui r\u00e9unit les deux villes\u00a0\u00bb\u2026<\/p>\n<p>D\u00e9gustations gratuites<\/p>\n<p>Pour f\u00eater l\u2019ouverture \u00e0 la concurrence de la ligne ferroviaire Paris-Marseille (les cheminots de la SNCF n\u2019appr\u00e9cieront pas forc\u00e9ment plus la recette que les fans de l\u2019OM\u2026), <a href=\"https:\/\/www.thetrainline.com\/fr\" target=\"_blank\" rel=\"noopener\">Trainline<\/a> fera d\u00e9guster gratuitement sa pizza Raffali aux voyageurs\u00a0: les 13 et 14\u00a0juin de 11\u00a0h \u00e0 20 h sur le parvis de la gare de Lyon \u00e0 Paris\u00a0; le 22\u00a0juin sur celui de la gare Saint-Charles \u00e0 Marseille.<\/p>\n<p>Pas s\u00fbr qu\u2019il y ait besoin de pili-pili pour faire monter la temp\u00e9rature\u2026<\/p>\n","protected":false},"excerpt":{"rendered":"\u00ab\u00a0Et si une pizza pouvait r\u00e9concilier Paris et Marseille\u00a0?\u00a0\u00bb La premi\u00e8re phrase du communiqu\u00e9 dat\u00e9 du 2\u00a0juin de&hellip;\n","protected":false},"author":2,"featured_media":147945,"comment_status":"","ping_status":"","sticky":false,"template":"","format":"standard","meta":{"footnotes":""},"categories":[2814],"tags":[17,1111,11,7818,1777,674,1011,27,884,12,27718,7401,882,27717,16,25,3789,96,9064],"class_list":{"0":"post-147944","1":"post","2":"type-post","3":"status-publish","4":"format-standard","5":"has-post-thumbnail","7":"category-marseille","8":"tag-17","9":"tag-actu","10":"tag-actualites","11":"tag-chef","12":"tag-eu","13":"tag-europe","14":"tag-fr","15":"tag-france","16":"tag-marseille","17":"tag-news","18":"tag-paris-marseille","19":"tag-pizza","20":"tag-provence-alpes-cote-dazur","21":"tag-raffali","22":"tag-region","23":"tag-republique-francaise","24":"tag-signe","25":"tag-une","26":"tag-valentin"},"share_on_mastodon":{"url":"https:\/\/pubeurope.com\/@fr\/114617309160701623","error":""},"_links":{"self":[{"href":"https:\/\/www.europesays.com\/fr\/wp-json\/wp\/v2\/posts\/147944","targetHints":{"allow":["GET"]}}],"collection":[{"href":"https:\/\/www.europesays.com\/fr\/wp-json\/wp\/v2\/posts"}],"about":[{"href":"https:\/\/www.europesays.com\/fr\/wp-json\/wp\/v2\/types\/post"}],"author":[{"embeddable":true,"href":"https:\/\/www.europesays.com\/fr\/wp-json\/wp\/v2\/users\/2"}],"replies":[{"embeddable":true,"href":"https:\/\/www.europesays.com\/fr\/wp-json\/wp\/v2\/comments?post=147944"}],"version-history":[{"count":0,"href":"https:\/\/www.europesays.com\/fr\/wp-json\/wp\/v2\/posts\/147944\/revisions"}],"wp:featuredmedia":[{"embeddable":true,"href":"https:\/\/www.europesays.com\/fr\/wp-json\/wp\/v2\/media\/147945"}],"wp:attachment":[{"href":"https:\/\/www.europesays.com\/fr\/wp-json\/wp\/v2\/media?parent=147944"}],"wp:term":[{"taxonomy":"category","embeddable":true,"href":"https:\/\/www.europesays.com\/fr\/wp-json\/wp\/v2\/categories?post=147944"},{"taxonomy":"post_tag","embeddable":true,"href":"https:\/\/www.europesays.com\/fr\/wp-json\/wp\/v2\/tags?post=147944"}],"curies":[{"name":"wp","href":"https:\/\/api.w.org\/{rel}","templated":true}]}}