{"id":147950,"date":"2025-06-03T03:30:24","date_gmt":"2025-06-03T03:30:24","guid":{"rendered":"https:\/\/www.europesays.com\/fr\/147950\/"},"modified":"2025-06-03T03:30:24","modified_gmt":"2025-06-03T03:30:24","slug":"cest-quoi-ce-phenomene-meteo-observe-dans-le-ciel","status":"publish","type":"post","link":"https:\/\/www.europesays.com\/fr\/147950\/","title":{"rendered":"c&rsquo;est quoi ce ph\u00e9nom\u00e8ne m\u00e9t\u00e9o observ\u00e9 dans le ciel"},"content":{"rendered":"<p>            Par<br \/>\n        <strong><br \/>\n            <a href=\"https:\/\/actu.fr\/auteur\/theo-zuili\" title=\"Consulter tous les articles de Th\u00e9o Zuili\" target=\"_blank\" rel=\"noopener\">Th\u00e9o Zuili<\/a><br \/>\n        <\/strong><\/p>\n<p>        Publi\u00e9 le<\/p>\n<p>            2 juin 2025 \u00e0 17h57        <\/p>\n<p>Le ciel de <a href=\"https:\/\/actu.fr\/auvergne-rhone-alpes\/lyon_69123\" target=\"_blank\" rel=\"noopener\">Lyon<\/a> ne finit plus d\u2019\u00e9tonner en ce d\u00e9but de mois de juin 2025. Apr\u00e8s une soir\u00e9e de dimanche sous un <a href=\"https:\/\/actu.fr\/societe\/foudre-intense-eclairs-en-cascade-gros-grelons-des-orages-s-abattent-sur-des-communes-du-rhone_62714250.html\" target=\"_blank\" rel=\"noopener\">spectacle de foudre<\/a> lors de laquelle des observateurs du ciel ont pu admirer <a href=\"https:\/\/actu.fr\/auvergne-rhone-alpes\/lyon_69123\/lyon-des-ovnis-filmes-durant-les-orages-les-habitants-surpris-par-des-boules-de-feu_62716824.html\" target=\"_blank\" rel=\"noopener\">d\u2019\u00e9tranges ovnis<\/a>, le ciel offre ce lundi 2 juin <strong>un joli ph\u00e9nom\u00e8ne<\/strong>.<br \/>\u00ab\u00a0Un <strong>tuba<\/strong> a \u00e9t\u00e9 observ\u00e9 sous l\u2019orage pr\u00e9sent actuellement au nord de Lyon\u00a0\u00bb, note Lyon M\u00e9t\u00e9o. Voici de quoi il s\u2019agit.<\/p>\n<p>Un ph\u00e9nom\u00e8ne inoffensif<\/p>\n<p class=\" wall-content\">Des t\u00e9moins avertis ont pu voir un nuage <strong>en forme d\u2019entonnoir<\/strong> ce lundi apr\u00e8s-midi, alors qu\u2019un orage touche l\u2019agglom\u00e9ration lyonnaise. C\u2019est plus pr\u00e9cis\u00e9ment au nord de Lyon, vers Caluire et Rillieux, que ce ph\u00e9nom\u00e8ne m\u00e9t\u00e9o appel\u00e9 \u00ab\u00a0tuba\u00a0\u00bb s\u2019est produit.<\/p>\n<p>    <a href=\"https:\/\/www.facebook.com\/plugins\/post.php?href=https%3A%2F%2Fwww.facebook.com%2Flyonmeteo%2Fposts%2Fpfbid0RFKqVv3ZrEdBVrXoeYPBoh68jSrDaXjErcDSjVqbPGBGCDD94ozqMTE1M6hmVhzQl&amp;show_text=true&amp;width=350\" title=\"Ouvrie le lien\" target=\"_blank\" rel=\"noopener\">Cliquez ici pour visualiser le contenu<\/a><\/p>\n<p class=\" wall-content\">Romain Weber, fondateur de Lyon M\u00e9t\u00e9o, explique en deux mots : \u00ab\u00a0Pour faire simple, c\u2019est <strong>une tornade qui ne touche pas le sol<\/strong>.\u00a0\u00bb La formation de tubas est fr\u00e9quente en France, mais cela reste un beau spectacle que d\u2019en observer.<\/p>\n<blockquote class=\"ac-article-quote wall-content\">\n<p>Pour \u00e9viter de rentrer dans des explications trop complexes, disons qu&rsquo;un tuba se forme sous un nuage ou une averse lorsqu&rsquo;un gros contraste de temp\u00e9rature entre l&rsquo;air froid d&rsquo;altitude et l&rsquo;air doux au sol se marie \u00e0 un cisaillement des vents suffisant.\u00a0<\/p>\n<p>    <strong>Romain Weber<\/strong>\n            <\/p><\/blockquote>\n<p class=\" wall-content\"><strong>Inoffensifs<\/strong> pour leur quasi-majorit\u00e9, les tubas peuvent toutefois se transformer en tornade, dont ils sont les pr\u00e9mices. \u00ab\u00a0En France, c\u2019est<strong> tr\u00e8s rare<\/strong>. \u00c7a n\u2019arrive que cinquante \u00e0 soixante fois par an\u00a0\u00bb, d\u00e9veloppe le m\u00e9t\u00e9orologue.<\/p>\n<p class=\" wall-content\">Suivez toute l\u2019actualit\u00e9 de vos villes et m\u00e9dias favoris en vous inscrivant \u00e0 <a href=\"https:\/\/moncompte.actu.fr\" title=\"D\u00e9couvez Mon Actu\" rel=\"nofollow noopener\" data-trk=\"{&quot;cta&quot;:{&quot;action&quot;:&quot;https:\\\/\\\/moncompte.actu.fr&quot;,&quot;category&quot;:&quot;mon compte&quot;,&quot;from&quot;:&quot;article footer&quot;,&quot;name&quot;:&quot;Mon actu&quot;,&quot;type&quot;:&quot;cta&quot;}}\" target=\"_blank\">Mon Actu<\/a>.<\/p>\n","protected":false},"excerpt":{"rendered":"Par Th\u00e9o Zuili Publi\u00e9 le 2 juin 2025 \u00e0 17h57 Le ciel de Lyon ne finit plus d\u2019\u00e9tonner&hellip;\n","protected":false},"author":2,"featured_media":147951,"comment_status":"","ping_status":"","sticky":false,"template":"","format":"standard","meta":{"footnotes":""},"categories":[1889],"tags":[1111,11,2430,1777,674,1011,27,1757,2428,2487,12,4594,25],"class_list":{"0":"post-147950","1":"post","2":"type-post","3":"status-publish","4":"format-standard","5":"has-post-thumbnail","7":"category-lyon","8":"tag-actu","9":"tag-actualites","10":"tag-auvergne-rhone-alpes","11":"tag-eu","12":"tag-europe","13":"tag-fr","14":"tag-france","15":"tag-insolite","16":"tag-lyon","17":"tag-meteo","18":"tag-news","19":"tag-orages","20":"tag-republique-francaise"},"share_on_mastodon":{"url":"https:\/\/pubeurope.com\/@fr\/114617321004405840","error":""},"_links":{"self":[{"href":"https:\/\/www.europesays.com\/fr\/wp-json\/wp\/v2\/posts\/147950","targetHints":{"allow":["GET"]}}],"collection":[{"href":"https:\/\/www.europesays.com\/fr\/wp-json\/wp\/v2\/posts"}],"about":[{"href":"https:\/\/www.europesays.com\/fr\/wp-json\/wp\/v2\/types\/post"}],"author":[{"embeddable":true,"href":"https:\/\/www.europesays.com\/fr\/wp-json\/wp\/v2\/users\/2"}],"replies":[{"embeddable":true,"href":"https:\/\/www.europesays.com\/fr\/wp-json\/wp\/v2\/comments?post=147950"}],"version-history":[{"count":0,"href":"https:\/\/www.europesays.com\/fr\/wp-json\/wp\/v2\/posts\/147950\/revisions"}],"wp:featuredmedia":[{"embeddable":true,"href":"https:\/\/www.europesays.com\/fr\/wp-json\/wp\/v2\/media\/147951"}],"wp:attachment":[{"href":"https:\/\/www.europesays.com\/fr\/wp-json\/wp\/v2\/media?parent=147950"}],"wp:term":[{"taxonomy":"category","embeddable":true,"href":"https:\/\/www.europesays.com\/fr\/wp-json\/wp\/v2\/categories?post=147950"},{"taxonomy":"post_tag","embeddable":true,"href":"https:\/\/www.europesays.com\/fr\/wp-json\/wp\/v2\/tags?post=147950"}],"curies":[{"name":"wp","href":"https:\/\/api.w.org\/{rel}","templated":true}]}}