{"id":147952,"date":"2025-06-03T03:33:09","date_gmt":"2025-06-03T03:33:09","guid":{"rendered":"https:\/\/www.europesays.com\/fr\/147952\/"},"modified":"2025-06-03T03:33:09","modified_gmt":"2025-06-03T03:33:09","slug":"basket-monaco-suspend-mike-james","status":"publish","type":"post","link":"https:\/\/www.europesays.com\/fr\/147952\/","title":{"rendered":"Basket\u00a0: Monaco suspend Mike James"},"content":{"rendered":"<p class=\"paragraph text_align_left\">Une bien mauvaise nouvelle pour le club de <a href=\"https:\/\/www.leparisien.fr\/sports\/basket\/\" target=\"_blank\" rel=\"noreferrer noopener\">basket-ball<\/a> de l\u2019AS Monaco avant d\u2019aborder les demi-finales de playoffs de la Betclic \u00c9lite contre l\u2019Asvel. Le club du Rocher a annonc\u00e9 ce lundi la suspension de la star de son \u00e9quipe <a href=\"https:\/\/www.leparisien.fr\/sports\/basket\/basket-mike-james-fait-le-show-et-porte-monaco-contre-le-paris-basketball-en-finale-de-la-betclic-elite-04-06-2024-JZHOKVRDKBBHRLLY25PU5XB3UU.php\" target=\"_blank\" rel=\"noreferrer noopener\">Mike James<\/a>. <\/p>\n<p class=\"paragraph text_align_left\">\u00ab Mike James est temporairement et \u00e0 titre conservatoire, suspendu en raison d\u2019une infraction au r\u00e8glement interne du club, n\u00e9cessitant des investigations compl\u00e9mentaires puis le recueil des explications de l\u2019int\u00e9ress\u00e9. En cons\u00e9quence, <a href=\"https:\/\/www.leparisien.fr\/sports\/basket-salaire-astronomique-et-caractere-de-cochon-qui-est-mike-james-la-nouvelle-star-de-monaco-17-09-2021-6CRIXPWNPVHOXICCT5BNMAPCOA.php\" target=\"_blank\" rel=\"noreferrer noopener\">Mike James<\/a> est pour l\u2019heure \u00e9loign\u00e9 de toutes les activit\u00e9s le reliant \u00e0 l\u2019entit\u00e9 de l\u2019AS Monaco Basket \u00bb, indique un communiqu\u00e9 du club sans plus de pr\u00e9cision sur la nature des faits qui lui sont reproch\u00e9s.<\/p>\n<p class=\"paragraph text_align_left\">Bless\u00e9 au bras gauche (h\u00e9matome) depuis la finale de l\u2019Euroligue perdue face \u00e0 Fenerbah\u00e7e (81-70) le 25 mai, le meneur de jeu vedette am\u00e9ricain (34 ans) ne s\u2019entra\u00eene plus et n\u2019a pas jou\u00e9 lors de la s\u00e9rie des quarts de finale de Betclic \u00c9lite face au Mans (victoire 2-1). Il ne sera donc pas sur le parquet de l\u2019Asvel ce mardi soir (21 heures) pour le premier match de la s\u00e9rie au meilleur des cinq manches.<\/p>\n<p class=\"paragraph text_align_left\">Arriv\u00e9 en 2021 en provenance des Brooklyn Nets, Mike James, li\u00e9 avec Monaco jusqu\u2019en 2027, avait d\u00e9j\u00e0 \u00e9t\u00e9 sanctionn\u00e9 par son club pour des soucis disciplinaires en mars 2023 le faisant manquer deux semaines de comp\u00e9tition. <\/p>\n<p class=\"paragraph text_align_left\">Gr\u00e2ce \u00e0 son g\u00e9nial meneur, les Mon\u00e9gasques ont remport\u00e9 deux titres de champion de France d\u2019affil\u00e9e (2023 et 2024), une Coupe de France (2023) et ont particip\u00e9 \u00e0 deux Final Four de l\u2019Euroligue en 2023 et 2025.<\/p>\n","protected":false},"excerpt":{"rendered":"Une bien mauvaise nouvelle pour le club de basket-ball de l\u2019AS Monaco avant d\u2019aborder les demi-finales de playoffs&hellip;\n","protected":false},"author":2,"featured_media":147953,"comment_status":"","ping_status":"","sticky":false,"template":"","format":"standard","meta":{"footnotes":""},"categories":[1888],"tags":[1111,1928,11,1927,1465,1777,674,1011,27,12,1926,626,1925,25,60],"class_list":{"0":"post-147952","1":"post","2":"type-post","3":"status-publish","4":"format-standard","5":"has-post-thumbnail","7":"category-paris","8":"tag-actu","9":"tag-actu-paris","10":"tag-actualites","11":"tag-actualites-paris","12":"tag-basket","13":"tag-eu","14":"tag-europe","15":"tag-fr","16":"tag-france","17":"tag-news","18":"tag-news-paris","19":"tag-paris","20":"tag-paris-news","21":"tag-republique-francaise","22":"tag-sports"},"share_on_mastodon":{"url":"https:\/\/pubeurope.com\/@fr\/114617332727722786","error":""},"_links":{"self":[{"href":"https:\/\/www.europesays.com\/fr\/wp-json\/wp\/v2\/posts\/147952","targetHints":{"allow":["GET"]}}],"collection":[{"href":"https:\/\/www.europesays.com\/fr\/wp-json\/wp\/v2\/posts"}],"about":[{"href":"https:\/\/www.europesays.com\/fr\/wp-json\/wp\/v2\/types\/post"}],"author":[{"embeddable":true,"href":"https:\/\/www.europesays.com\/fr\/wp-json\/wp\/v2\/users\/2"}],"replies":[{"embeddable":true,"href":"https:\/\/www.europesays.com\/fr\/wp-json\/wp\/v2\/comments?post=147952"}],"version-history":[{"count":0,"href":"https:\/\/www.europesays.com\/fr\/wp-json\/wp\/v2\/posts\/147952\/revisions"}],"wp:featuredmedia":[{"embeddable":true,"href":"https:\/\/www.europesays.com\/fr\/wp-json\/wp\/v2\/media\/147953"}],"wp:attachment":[{"href":"https:\/\/www.europesays.com\/fr\/wp-json\/wp\/v2\/media?parent=147952"}],"wp:term":[{"taxonomy":"category","embeddable":true,"href":"https:\/\/www.europesays.com\/fr\/wp-json\/wp\/v2\/categories?post=147952"},{"taxonomy":"post_tag","embeddable":true,"href":"https:\/\/www.europesays.com\/fr\/wp-json\/wp\/v2\/tags?post=147952"}],"curies":[{"name":"wp","href":"https:\/\/api.w.org\/{rel}","templated":true}]}}