{"id":147956,"date":"2025-06-03T03:35:19","date_gmt":"2025-06-03T03:35:19","guid":{"rendered":"https:\/\/www.europesays.com\/fr\/147956\/"},"modified":"2025-06-03T03:35:19","modified_gmt":"2025-06-03T03:35:19","slug":"la-cantine-du-troquet-pernety-change-de-chef","status":"publish","type":"post","link":"https:\/\/www.europesays.com\/fr\/147956\/","title":{"rendered":"La Cantine du Troquet Pernety change de chef"},"content":{"rendered":"<p><strong>CRITIQUE GASTRONOMIQUE\u00a0&#8211;\u00a0<\/strong>Apr\u00e8s de nombreuses et belles ann\u00e9es, Christian Etchebest a laiss\u00e9 les cl\u00e9s de son premier bistrot parisien \u00e0 William Hilal. Avec succ\u00e8s.<\/p>\n<p class=\"fig-paragraph\">Apr\u00e8s plein de jolies ann\u00e9es, Christian Etchebest l\u00e2che les cl\u00e9s d\u2019une de ses cantines \u00e0 un jeune chef, William Hilal. Lequel secoue les bonnes habitudes maison sans les l\u00e2cher (terrine d\u2019Ospital, couteaux \u00e0 la plancha), mais en leur ajoutant belle couche, belle touche de recettes heureuses.<\/p>\n<p class=\"fig-paragraph\"><strong>Prix\u00a0:<\/strong> 40-55 \u20ac. Menu d\u00e9gustation \u00e0 45\u200a\u20ac. Gambas r\u00f4ties, c\u00e9leri r\u00e9moulade, granny smith, pomelos\u00a0: vivifiant. Lotte snack\u00e9e, mousseline d\u2019asperge \u00e0 l\u2019ail des ours, raifort\u00a0: bien construit. Tarte aux fraises, cr\u00e8me d\u2019amande pistache \u00e0 l\u2019eau de rose\u00a0: tout en texture et parfum.<\/p>\n<p class=\"fig-paragraph\"><strong>Avec qui\u00a0?<\/strong> Un fid\u00e8le.<\/p>\n<p class=\"fig-paragraph\"><strong>Bonne table\u00a0: <\/strong>toute la banquette sauf son extr\u00e9mit\u00e9 droite proche de la porte battante de la cuisine. Sinon, terrasse\u00a0! Service souriant et r\u00e9solu.<\/p>\n<p class=\"fig-paragraph\"><a href=\"https:\/\/www.instagram.com\/william_hilal\/?hl=fr\" target=\"_blank\" rel=\"nofollow noopener\" data-gtm-custom-categorie=\"navigation\" data-gtm-custom-action=\"crossclick\" data-gtm-custom-label=\"Contextuel\" data-gtm-event=\"customEventSPE\">La Cantine du Troquet by William.<\/a> \u00a0101, rue de l\u2019Ouest (Paris 14e). T\u00e9l.\u00a0: 01\u200945\u200940\u200904\u200998. Tlj sf dim. et lun. M\u00e9tro\u00a0: Pernety.<\/p>\n<p>                                        <script async src=\"\/\/www.instagram.com\/embed.js\"><\/script><\/p>\n","protected":false},"excerpt":{"rendered":"CRITIQUE GASTRONOMIQUE\u00a0&#8211;\u00a0Apr\u00e8s de nombreuses et belles ann\u00e9es, Christian Etchebest a laiss\u00e9 les cl\u00e9s de son premier bistrot parisien&hellip;\n","protected":false},"author":2,"featured_media":147957,"comment_status":"","ping_status":"","sticky":false,"template":"","format":"standard","meta":{"footnotes":""},"categories":[1888],"tags":[1111,2016,2018,2015,2019,11,2020,1777,674,1011,27,12,626,25,1340,2021,2068,2017],"class_list":{"0":"post-147956","1":"post","2":"type-post","3":"status-publish","4":"format-standard","5":"has-post-thumbnail","7":"category-paris","8":"tag-actu","9":"tag-actu-gastronomie","10":"tag-actu-recette","11":"tag-actualite-gastronomie","12":"tag-actualite-nutrition","13":"tag-actualites","14":"tag-culinaire","15":"tag-eu","16":"tag-europe","17":"tag-fr","18":"tag-france","19":"tag-news","20":"tag-paris","21":"tag-republique-francaise","22":"tag-restaurant","23":"tag-restauration","24":"tag-sortir-a-paris","25":"tag-tendance-cuisine"},"share_on_mastodon":{"url":"https:\/\/pubeurope.com\/@fr\/114617340713786296","error":""},"_links":{"self":[{"href":"https:\/\/www.europesays.com\/fr\/wp-json\/wp\/v2\/posts\/147956","targetHints":{"allow":["GET"]}}],"collection":[{"href":"https:\/\/www.europesays.com\/fr\/wp-json\/wp\/v2\/posts"}],"about":[{"href":"https:\/\/www.europesays.com\/fr\/wp-json\/wp\/v2\/types\/post"}],"author":[{"embeddable":true,"href":"https:\/\/www.europesays.com\/fr\/wp-json\/wp\/v2\/users\/2"}],"replies":[{"embeddable":true,"href":"https:\/\/www.europesays.com\/fr\/wp-json\/wp\/v2\/comments?post=147956"}],"version-history":[{"count":0,"href":"https:\/\/www.europesays.com\/fr\/wp-json\/wp\/v2\/posts\/147956\/revisions"}],"wp:featuredmedia":[{"embeddable":true,"href":"https:\/\/www.europesays.com\/fr\/wp-json\/wp\/v2\/media\/147957"}],"wp:attachment":[{"href":"https:\/\/www.europesays.com\/fr\/wp-json\/wp\/v2\/media?parent=147956"}],"wp:term":[{"taxonomy":"category","embeddable":true,"href":"https:\/\/www.europesays.com\/fr\/wp-json\/wp\/v2\/categories?post=147956"},{"taxonomy":"post_tag","embeddable":true,"href":"https:\/\/www.europesays.com\/fr\/wp-json\/wp\/v2\/tags?post=147956"}],"curies":[{"name":"wp","href":"https:\/\/api.w.org\/{rel}","templated":true}]}}