{"id":147958,"date":"2025-06-03T03:36:09","date_gmt":"2025-06-03T03:36:09","guid":{"rendered":"https:\/\/www.europesays.com\/fr\/147958\/"},"modified":"2025-06-03T03:36:09","modified_gmt":"2025-06-03T03:36:09","slug":"ce-mode-de-vie-ne-nous-convenait-plus-pourquoi-ils-sont-de-plus-en-plus-a-quitter-paris","status":"publish","type":"post","link":"https:\/\/www.europesays.com\/fr\/147958\/","title":{"rendered":"\u00ab\u00a0Ce mode de vie ne nous convenait plus\u00a0\u00bb\u00a0: pourquoi ils sont de plus en plus \u00e0 quitter Paris"},"content":{"rendered":"<p class=\"paragraph text_align_left\">Dans cette impasse paisible de Montesson (<a href=\"https:\/\/www.leparisien.fr\/yvelines-78\/\" target=\"_blank\" rel=\"noreferrer nofollow noopener\">Yvelines<\/a>), la F\u00eate des voisins de samedi dernier \u00e9tait aussi l\u2019occasion de se retrouver entre\u2026 anciens Parisiens. Ici, de nombreuses familles ont emm\u00e9nag\u00e9 ces derni\u00e8res ann\u00e9es <a href=\"https:\/\/www.leparisien.fr\/paris-75\/de-plus-en-plus-de-parisiens-quittent-la-capitale-sans-etre-remplaces-28-02-2024-33ROYV2TBVCB5HKPBWZACJJ4W4.php\" target=\"_blank\" rel=\"noreferrer nofollow noopener\">en provenance de la capitale<\/a> ou de sa ceinture proche. Pour venir trouver le calme. Et voir plus grand. Parmi elles, celle de Baptiste, 46 ans.<\/p>\n<p class=\"paragraph text_align_left\">Ce directeur commercial, son \u00e9pouse Sabrina \u2015 \u00ab une vraie Parisienne n\u00e9e \u00e0 Paris \u00bb \u2015 et leurs deux enfants, Adam (12 ans) et Aylan (9 ans), ont quitt\u00e9 leur appartement du boulevard de Grenelle (XVe) \u00e0 l\u2019\u00e9t\u00e9 2023 pour investir dans une coquette maison mitoyenne. La premi\u00e8re qui, apr\u00e8s une trentaine de visites, ait r\u00e9ussi \u00e0 convaincre Sabrina, un peu moins encline <a href=\"https:\/\/www.leparisien.fr\/paris-75\/une-exception-en-ile-de-france-dapres-linsee-paris-pourrait-perdre-2-600-menages-par-an-dici-a-2050-27-05-2025-2WJ5MDB4KVCJVH7O3FNL4MUXCU.php\" target=\"_blank\" rel=\"noreferrer nofollow noopener\">\u00e0 franchir le p\u00e9riph\u00e9rique<\/a> que Baptiste.<\/p>\n","protected":false},"excerpt":{"rendered":"Dans cette impasse paisible de Montesson (Yvelines), la F\u00eate des voisins de samedi dernier \u00e9tait aussi l\u2019occasion de&hellip;\n","protected":false},"author":2,"featured_media":147959,"comment_status":"","ping_status":"","sticky":false,"template":"","format":"standard","meta":{"footnotes":""},"categories":[1888],"tags":[11,1777,674,1011,27,1116,1944,12,626,25],"class_list":{"0":"post-147958","1":"post","2":"type-post","3":"status-publish","4":"format-standard","5":"has-post-thumbnail","7":"category-paris","8":"tag-actualites","9":"tag-eu","10":"tag-europe","11":"tag-fr","12":"tag-france","13":"tag-immobilier","14":"tag-ma-ville","15":"tag-news","16":"tag-paris","17":"tag-republique-francaise"},"share_on_mastodon":{"url":"https:\/\/pubeurope.com\/@fr\/114617344558919676","error":""},"_links":{"self":[{"href":"https:\/\/www.europesays.com\/fr\/wp-json\/wp\/v2\/posts\/147958","targetHints":{"allow":["GET"]}}],"collection":[{"href":"https:\/\/www.europesays.com\/fr\/wp-json\/wp\/v2\/posts"}],"about":[{"href":"https:\/\/www.europesays.com\/fr\/wp-json\/wp\/v2\/types\/post"}],"author":[{"embeddable":true,"href":"https:\/\/www.europesays.com\/fr\/wp-json\/wp\/v2\/users\/2"}],"replies":[{"embeddable":true,"href":"https:\/\/www.europesays.com\/fr\/wp-json\/wp\/v2\/comments?post=147958"}],"version-history":[{"count":0,"href":"https:\/\/www.europesays.com\/fr\/wp-json\/wp\/v2\/posts\/147958\/revisions"}],"wp:featuredmedia":[{"embeddable":true,"href":"https:\/\/www.europesays.com\/fr\/wp-json\/wp\/v2\/media\/147959"}],"wp:attachment":[{"href":"https:\/\/www.europesays.com\/fr\/wp-json\/wp\/v2\/media?parent=147958"}],"wp:term":[{"taxonomy":"category","embeddable":true,"href":"https:\/\/www.europesays.com\/fr\/wp-json\/wp\/v2\/categories?post=147958"},{"taxonomy":"post_tag","embeddable":true,"href":"https:\/\/www.europesays.com\/fr\/wp-json\/wp\/v2\/tags?post=147958"}],"curies":[{"name":"wp","href":"https:\/\/api.w.org\/{rel}","templated":true}]}}