{"id":147961,"date":"2025-06-03T03:38:10","date_gmt":"2025-06-03T03:38:10","guid":{"rendered":"https:\/\/www.europesays.com\/fr\/147961\/"},"modified":"2025-06-03T03:38:10","modified_gmt":"2025-06-03T03:38:10","slug":"pnat-saisi-apres-le-meurtre-raciste-dun-tunisien-dans-le-var-statue-grevin-de-macron-derobee-pourparlers-russo-ukrainiens-lactu-de-ce-lundi-liberation","status":"publish","type":"post","link":"https:\/\/www.europesays.com\/fr\/147961\/","title":{"rendered":"Pnat saisi apr\u00e8s le meurtre raciste d\u2019un Tunisien dans le Var, statue Gr\u00e9vin de Macron d\u00e9rob\u00e9e, pourparlers russo-ukrainiens\u2026 L\u2019actu de ce lundi \u2013 Lib\u00e9ration"},"content":{"rendered":"<p class=\"sc-ksZaOG ehjQrN text-element\">Chaque soir, la r\u00e9daction de Lib\u00e9 s\u00e9lectionne les actualit\u00e9s du jour qu\u2019il ne fallait pas rater en France et dans le reste du monde.<\/p>\n<p class=\"sc-ksZaOG ehjQrN text-element\"><a href=\"https:\/\/www.liberation.fr\/societe\/police-justice\/parquet-antiterroriste-saisi-videos-racistes-du-suspect-ce-que-lon-sait-du-meurtre-dun-tunisien-dans-le-var-20250602_NCT5YYNYS5AILNUGNEOMUBEZG4\/\" target=\"_blank\" rel=\"noreferrer noopener\" title=\"https:\/\/www.liberation.fr\/societe\/police-justice\/parquet-antiterroriste-saisi-videos-racistes-du-suspect-ce-que-lon-sait-du-meurtre-dun-tunisien-dans-le-var-20250602_NCT5YYNYS5AILNUGNEOMUBEZG4\/\">Le Parquet national antiterroriste (Pnat) s\u2019est saisi ce lundi de l\u2019enqu\u00eate<\/a> sur le meurtre d\u2019un homme, de nationalit\u00e9 tunisienne, samedi dans le Var, dont le suspect a diffus\u00e9 deux vid\u00e9os \u00abau contenu raciste\u00bb. Un Turc a \u00e9t\u00e9 bless\u00e9 au cours des faits, commis samedi \u00e0 Puget-sur-Argens (Var). Le mis en cause, un homme de nationalit\u00e9 fran\u00e7aise, voisin du Tunisien, est actuellement en garde \u00e0 vue. Les investigations sont men\u00e9es pour assassinat et tentative d\u2019assassinat, en relation avec une entreprise terroriste, \u00abcommis en raison de la race, de l\u2019ethnie, la nation ou la religion\u00bb.<\/p>\n<p class=\"sc-ksZaOG ehjQrN text-element\">Trois ressortissants \u00e9trangers, soup\u00e7onn\u00e9s d\u2019avoir <a href=\"https:\/\/www.liberation.fr\/societe\/religions\/le-memorial-de-la-shoah-deux-synagogues-et-un-restaurant-vandalises-a-paris-20250531_VNKANGZPGRBL7H2GZWRZ25SLLI\/\" target=\"_blank\" rel=\"noopener\" title=\"https:\/\/www.liberation.fr\/societe\/religions\/le-memorial-de-la-shoah-deux-synagogues-et-un-restaurant-vandalises-a-paris-20250531_VNKANGZPGRBL7H2GZWRZ25SLLI\/\">asperg\u00e9 de peinture verte<\/a> le M\u00e9morial de la Shoah, trois synagogues et un restaurant juif \u00e0 Paris dans la nuit de vendredi \u00e0 samedi, <a href=\"https:\/\/www.liberation.fr\/societe\/police-justice\/jets-de-peinture-verte-sur-des-lieux-juifs-a-paris-trois-etrangers-interpelles-20250602_FDQPGQZGGVE4JPNWOBMQXIR2RM\/\" target=\"_blank\" rel=\"noreferrer noopener\" title=\"https:\/\/www.liberation.fr\/societe\/police-justice\/jets-de-peinture-verte-sur-des-lieux-juifs-a-paris-trois-etrangers-interpelles-20250602_FDQPGQZGGVE4JPNWOBMQXIR2RM\/\">ont \u00e9t\u00e9 interpell\u00e9s ce lundi.<\/a> Selon une source proche du dossier, les trois ressortissants \u00e9trangers \u00e9taient en train de quitter le pays au moment de leur arrestation. L\u2019enqu\u00eate est conduite par la s\u00fbret\u00e9 territoriale pour \u00abd\u00e9gradations commises en raison de la religion\u00bb.<\/p>\n<p class=\"sc-ksZaOG ehjQrN text-element\"><a href=\"https:\/\/www.liberation.fr\/societe\/musee-grevin-la-statue-de-cire-demmanuel-macron-derobee-par-des-militants-de-greenpeace-20250602_MPYH7AB3DBFPNCO6RDRW7PEXWY\/?redirected=1\" target=\"_blank\" rel=\"noreferrer noopener\" title=\"https:\/\/www.liberation.fr\/societe\/musee-grevin-la-statue-de-cire-demmanuel-macron-derobee-par-des-militants-de-greenpeace-20250602_MPYH7AB3DBFPNCO6RDRW7PEXWY\/?redirected=1\">La statue en cire d\u2019Emmanuel Macron a \u00e9t\u00e9 d\u00e9rob\u00e9e ce lundi matin au Mus\u00e9e Gr\u00e9vin par plusieurs militants de l\u2019ONG Greenpeace<\/a>, qui ont r\u00e9ussi \u00e0 la dissimuler sous une couverture noire et \u00e0 s\u2019extraire du mus\u00e9e parisien par une issue de secours. Les militants l\u2019ont ensuite d\u00e9pos\u00e9e devant l\u2019ambassade de Russie \u00e0 Paris en signe de protestation contre le maintien des liens \u00e9conomiques de la France avec Moscou. L\u2019association \u00e9cologiste, qui revendique cette action, assure avoir \u00abseulement emprunt\u00e9\u00bb la statue.<\/p>\n<p class=\"sc-ksZaOG ehjQrN text-element\"><a href=\"https:\/\/www.liberation.fr\/societe\/sante\/chikungunya-mayotte-passe-en-phase-depidemie-selon-sante-publique-france-20250602_JNFAXT6AENGVLOIHXP7VKQ3SKA\/\" target=\"_blank\" rel=\"noreferrer noopener\" title=\"https:\/\/www.liberation.fr\/societe\/sante\/chikungunya-mayotte-passe-en-phase-depidemie-selon-sante-publique-france-20250602_JNFAXT6AENGVLOIHXP7VKQ3SKA\/\">Mayotte est pass\u00e9e en phase d\u2019\u00e9pid\u00e9mie pour le chikungunya.<\/a> En cause, une accentuation marqu\u00e9e de la transmission de cette maladie virale transmise par les piq\u00fbres de moustiques infect\u00e9s, ont indiqu\u00e9 ce lundi 2 juin les autorit\u00e9s sanitaires, insistant sur une intensification des mesures de riposte. Depuis le d\u00e9but de l\u2019ann\u00e9e 2025, 560 cas confirm\u00e9s de chikungunya ont \u00e9t\u00e9 signal\u00e9s \u00e0 Mayotte, dont 204 sur la seule semaine du 19 au 25 mai, soit une augmentation de 42 % en sept jours, selon des donn\u00e9es provisoires. Mais \u00abla situation r\u00e9elle pourrait \u00eatre largement sous-estim\u00e9e\u00bb.<\/p>\n<p class=\"sc-ksZaOG ehjQrN text-element\"><a href=\"https:\/\/www.liberation.fr\/international\/la-russie-et-lukraine-entament-un-deuxieme-round-de-pourparlers-a-istanbul-20250602_CNC7KM22INAH7CSGS7QLLLUKGY\/\" target=\"_blank\" rel=\"noreferrer noopener\" title=\"https:\/\/www.liberation.fr\/international\/la-russie-et-lukraine-entament-un-deuxieme-round-de-pourparlers-a-istanbul-20250602_CNC7KM22INAH7CSGS7QLLLUKGY\/\">La Russie et l\u2019Ukraine ont convenu ce lundi, lors de nouveaux pourparlers \u00e0 Istanbul<\/a>, d\u2019\u00e9changer tous leurs prisonniers de guerre gri\u00e8vement bless\u00e9s ou \u00e2g\u00e9s de moins de 25 ans, ainsi que 6 000 corps de soldats tu\u00e9s de chaque camp, a indiqu\u00e9 le n\u00e9gociateur en chef ukrainien. La Russie a \u00e9galement propos\u00e9 un cessez-le-feu partiel de \u00ab2-3 jours\u00bb sur certains secteurs du front, a annonc\u00e9 le n\u00e9gociateur en chef russe, alors que Kyiv continue d\u2019insister sur une tr\u00eave compl\u00e8te et inconditionnelle.<\/p>\n<p class=\"sc-ksZaOG ehjQrN text-element\"><b>Roland-Garros 2025 : invit\u00e9e par le tournoi, Lo\u00efs Boisson se qualifie pour les quarts de finale<\/b><\/p>\n<p class=\"sc-ksZaOG ehjQrN text-element\">361e au classement WTA avant le tournoi, <a href=\"https:\/\/www.liberation.fr\/sports\/tennis\/roland-garros-2025-lois-boisson-derniere-francaise-en-lice-qui-revient-de-loin-20250602_3DMILM5MKVDXNP4G3MARORXHWY\/\" target=\"_blank\" rel=\"noreferrer noopener\" title=\"https:\/\/www.liberation.fr\/sports\/tennis\/roland-garros-2025-lois-boisson-derniere-francaise-en-lice-qui-revient-de-loin-20250602_3DMILM5MKVDXNP4G3MARORXHWY\/\">la Fran\u00e7aise<\/a> a r\u00e9ussi l\u2019exploit de battre ce lundi la 3e meilleure joueuse du monde, Jessica Pegula. Elle affrontera dans deux jours la Russe Mirra Andreeva. <a href=\"https:\/\/www.liberation.fr\/sports\/tennis\/roland-garros-2025-invitee-par-le-tournoi-lois-boisson-se-qualifie-pour-les-quarts-de-finale-20250602_SKYWE3GIKJG65JXOKPWGD4KL2E\/\" target=\"_blank\" rel=\"noreferrer noopener\" title=\"https:\/\/www.liberation.fr\/sports\/tennis\/roland-garros-2025-invitee-par-le-tournoi-lois-boisson-se-qualifie-pour-les-quarts-de-finale-20250602_SKYWE3GIKJG65JXOKPWGD4KL2E\/\">Notre analyse.<\/a><\/p>\n<p class=\"sc-ksZaOG ehjQrN text-element\"><b>Parcoursup : comprendre les r\u00e9sultats d\u2019admission et comment y r\u00e9pondre<\/b><\/p>\n<p class=\"sc-ksZaOG ehjQrN text-element\">Apr\u00e8s deux mois et demi d\u2019attente, les candidats \u00e0 une formation de l\u2019enseignement sup\u00e9rieur doivent recevoir ce lundi 2 juin dans la soir\u00e9e leurs r\u00e9sultats d\u2019admission. <a href=\"https:\/\/www.liberation.fr\/societe\/education\/parcoursup-comprendre-les-resultats-dadmission-et-comment-y-repondre-20250602_KYYCBV5UHBD5XKUE7D4L3LN5WI\/\" target=\"_blank\" rel=\"noreferrer noopener\" title=\"https:\/\/www.liberation.fr\/societe\/education\/parcoursup-comprendre-les-resultats-dadmission-et-comment-y-repondre-20250602_KYYCBV5UHBD5XKUE7D4L3LN5WI\/\">Lib\u00e9 leur donne les cl\u00e9s pour y r\u00e9pondre.<\/a><\/p>\n<p class=\"sc-ksZaOG ehjQrN text-element\"><b>Protection des fonds marins : Agn\u00e8s Pannier-Runacher met la pression sur le Canada et la Suisse contre l\u2019exploitation mini\u00e8re<\/b><\/p>\n<p class=\"sc-ksZaOG ehjQrN text-element\">A une semaine du sommet de l\u2019ONU sur les oc\u00e9ans, la ministre de la Transition \u00e9cologique a \u00e9crit \u00e0 ses homologues pour les inviter \u00e0 faire pression sur deux compagnies d\u2019extraction mini\u00e8re, The Metals Company et Allseas, qui veulent s\u2019allier avec les Etats-Unis de Donald Trump. <a href=\"https:\/\/www.liberation.fr\/environnement\/biodiversite\/protection-des-fonds-marin-agnes-pannier-runacher-met-la-pression-sur-le-canada-et-la-suisse-contre-lexploitation-miniere-20250602_JCPHEAXPZNCYZEOUWCXVA3PXDA\/\" target=\"_blank\" rel=\"noreferrer noopener\" title=\"https:\/\/www.liberation.fr\/environnement\/biodiversite\/protection-des-fonds-marin-agnes-pannier-runacher-met-la-pression-sur-le-canada-et-la-suisse-contre-lexploitation-miniere-20250602_JCPHEAXPZNCYZEOUWCXVA3PXDA\/\">Nos informations.<\/a><\/p>\n","protected":false},"excerpt":{"rendered":"Chaque soir, la r\u00e9daction de Lib\u00e9 s\u00e9lectionne les actualit\u00e9s du jour qu\u2019il ne fallait pas rater en France&hellip;\n","protected":false},"author":2,"featured_media":147962,"comment_status":"","ping_status":"","sticky":false,"template":"","format":"standard","meta":{"footnotes":""},"categories":[1590],"tags":[11,1777,674,12,4702,220],"class_list":{"0":"post-147961","1":"post","2":"type-post","3":"status-publish","4":"format-standard","5":"has-post-thumbnail","7":"category-ukraine","8":"tag-actualites","9":"tag-eu","10":"tag-europe","11":"tag-news","12":"tag-recap-actu","13":"tag-ukraine"},"share_on_mastodon":{"url":"https:\/\/pubeurope.com\/@fr\/114617352397727844","error":""},"_links":{"self":[{"href":"https:\/\/www.europesays.com\/fr\/wp-json\/wp\/v2\/posts\/147961","targetHints":{"allow":["GET"]}}],"collection":[{"href":"https:\/\/www.europesays.com\/fr\/wp-json\/wp\/v2\/posts"}],"about":[{"href":"https:\/\/www.europesays.com\/fr\/wp-json\/wp\/v2\/types\/post"}],"author":[{"embeddable":true,"href":"https:\/\/www.europesays.com\/fr\/wp-json\/wp\/v2\/users\/2"}],"replies":[{"embeddable":true,"href":"https:\/\/www.europesays.com\/fr\/wp-json\/wp\/v2\/comments?post=147961"}],"version-history":[{"count":0,"href":"https:\/\/www.europesays.com\/fr\/wp-json\/wp\/v2\/posts\/147961\/revisions"}],"wp:featuredmedia":[{"embeddable":true,"href":"https:\/\/www.europesays.com\/fr\/wp-json\/wp\/v2\/media\/147962"}],"wp:attachment":[{"href":"https:\/\/www.europesays.com\/fr\/wp-json\/wp\/v2\/media?parent=147961"}],"wp:term":[{"taxonomy":"category","embeddable":true,"href":"https:\/\/www.europesays.com\/fr\/wp-json\/wp\/v2\/categories?post=147961"},{"taxonomy":"post_tag","embeddable":true,"href":"https:\/\/www.europesays.com\/fr\/wp-json\/wp\/v2\/tags?post=147961"}],"curies":[{"name":"wp","href":"https:\/\/api.w.org\/{rel}","templated":true}]}}