{"id":147973,"date":"2025-06-03T03:44:13","date_gmt":"2025-06-03T03:44:13","guid":{"rendered":"https:\/\/www.europesays.com\/fr\/147973\/"},"modified":"2025-06-03T03:44:13","modified_gmt":"2025-06-03T03:44:13","slug":"apres-la-victoire-du-psg-retailleau-cible-les-barbares-escalade-verbale-arriere-gout-colonial-mediapart","status":"publish","type":"post","link":"https:\/\/www.europesays.com\/fr\/147973\/","title":{"rendered":"Apr\u00e8s la victoire du PSG, Retailleau cible les \u00ab barbares \u00bb : escalade verbale, arri\u00e8re-go\u00fbt colonial &#8211; Mediapart"},"content":{"rendered":"<ol>\n<li><a href=\"https:\/\/news.google.com\/rss\/articles\/CBMi2wFBVV95cUxQd0NZVzd6QzRUUld3OFVGVm9EeXItRWcxekdWOVE3NDR5VU1ab2RaTy0xbWRFdnozV2dUTGt2X0xPNVZNek1jQXlHMTdJd1ZmTkU1bURkZ2kzQ3NpQWFrSXFfYl9VMHRDUWtNZDUyWW81QVg1NEVfNklmSDVhaVEzS2x5RmtUZUVYWldmMkVtMVhUMzZGMHQxdU5aYUE5dFlLNElUQXZTc1BuTnU1aVR0UXdDUGNMWmZDX3FwVWFZQk44LUJzSk0ycjV6cmlBWUowUlpyRHE5eEFHU2c?oc=5\" target=\"_blank\" rel=\"noopener\">Apr\u00e8s la victoire du PSG, Retailleau cible les \u00ab barbares \u00bb : escalade verbale, arri\u00e8re-go\u00fbt colonial<\/a>&nbsp;&nbsp;Mediapart<\/li>\n<li><a href=\"https:\/\/news.google.com\/rss\/articles\/CBMizwFBVV95cUxNb3dWY0pZcGMtcGVUNUpkMnVzX1pzWWcwRzdxbEJUaExGbWtXcmZxNFl1RHVqZnh0NFJwVVpKYmk0c0JZVlFIMGdwUTlPQjJiWEdPMVZMaEYzMEdreVB3Yy11ZlRTOE1hMzVWWmplbS1jSFF3S2VzX3p3cDYxZ3BITHpsNlcyRjhDZ092djhqY01RZ0FYaHM3T0RqSXN4U3RicmtHWFg0emZ5UllueGowLWRsX2dkVHhDeGo3Mmhmemxsdy1qY2pGcXBrd1I5MjQ?oc=5\" target=\"_blank\" rel=\"noopener\">Ab\u00eem\u00e9e par les supporters du PSG, la pelouse de l&rsquo;Allianz Arena inqui\u00e8te l&rsquo;Allemagne<\/a>&nbsp;&nbsp;L&rsquo;\u00c9quipe<\/li>\n<li><a href=\"https:\/\/news.google.com\/rss\/articles\/CBMi9wFBVV95cUxOdTFYNDZqMDZxQU5wRzA3OEh4RWNqbzRpNnFoX2JFelU5Q2l1RE0zQlByWGFlbW9GNFRfVHU1elphd3NDMVBuTEhfLVhvYzQ4NnJweVBKRTRXczZ5WVdJc2pKRlgwa3pxbjU3MDNPZGNlTXFMUGd4dFRWc2I4THFmRng5dGI0RXh6bnJTYVZOa0Q3LXdPX2xZQkpWeDVkZGlqQndRa2ZFeWVIa1lUQXI4T0JzdEFPamhmZVBILTliZi1JV3lLb3lvbVpEYWx0a1NLQWVXOFlnSXViV0VpVFQtWnRlTDI5dmI1VlJHbjFCSFlaRVAxNkNj?oc=5\" target=\"_blank\" rel=\"noopener\">\u00abJe vais te tuer esp\u00e8ce de sale blanc\u00bb : \u00e0 Nantes, des peines de prison prononc\u00e9es apr\u00e8s les violences li\u00e9es \u00e0 la victoire du PSG<\/a>&nbsp;&nbsp;Le Figaro<\/li>\n<li><a href=\"https:\/\/news.google.com\/rss\/articles\/CBMi5wFBVV95cUxNWXVJMkw4MXpQRFlnMy1Ua0V4cXhDLTBYZmtfNVFBTzVKcXFGYkNKc0F0cTdPWkpWT01PdGhwWG1TZGRUWTZrX29POHpTY25LTDZfUVV0UUt6RHluZU40NFpPWXJlLUU5LVJycUZZUERUMW1ORFFjUjFNTXhiMkhIazZaXzl6SEY1STFhUld2eUpvRHJ4OV94d0xodVBSakdLNHVzOG5SejI3RUUtcGVnR1pXYmx6Ylpwa3VyNU9la29SNXRaXzhlOXZCNDg0dXJ0RVNVRDVtTXR1aHA5bHBsUHZNUlBXaWM?oc=5\" target=\"_blank\" rel=\"noopener\">Le jeune homme de 17 ans tu\u00e9 \u00e0 Dax avait \u00ab un contentieux concernant le vol d\u2019une casquette \u00bb avec son meurtrier<\/a>&nbsp;&nbsp;Sud Ouest<\/li>\n<li><a href=\"https:\/\/news.google.com\/rss\/articles\/CBMi5wFBVV95cUxNbVpFTnlGOVluMzdILUJYWEJuYUhoS1MwYXlHMTVjLTlJZnhmYThkOUpaM3NyZWRUVXBSM2FjTEMwMzdvZHk0WTgwOHFYOFh2T1RVVHQ3eWJ2OXpOSlg5NnFVb250UDVlTzhBVXB5enRreUJZRmE4SWZvdkpZN05SZnF1dldCN0ZvM21pNENaSklPMEF5dkRKazNDeGw4eHMzQl9Ha19VM0JIMWdBS1JhSDdnSEpwZEtaWWpDMWluT0JaRERJRE1OSU1TaTNYQk1aY2hYXzJON2xTQzJiQ0VVNVZfbWxDX1U?oc=5\" target=\"_blank\" rel=\"noopener\">Le chef Jean Imbert rend hommage \u00e0 un employ\u00e9 de son restaurant, tu\u00e9 apr\u00e8s le sacre du PSG<\/a>&nbsp;&nbsp;Le HuffPost<\/li>\n<\/ol>\n","protected":false},"excerpt":{"rendered":"Apr\u00e8s la victoire du PSG, Retailleau cible les \u00ab barbares \u00bb : escalade verbale, arri\u00e8re-go\u00fbt colonial&nbsp;&nbsp;Mediapart Ab\u00eem\u00e9e par&hellip;\n","protected":false},"author":2,"featured_media":147974,"comment_status":"","ping_status":"","sticky":false,"template":"","format":"standard","meta":{"footnotes":""},"categories":[2],"tags":[11,1013,21738,1011,27,5318,12,10162,25,2949],"class_list":{"0":"post-147973","1":"post","2":"type-post","3":"status-publish","4":"format-standard","5":"has-post-thumbnail","7":"category-actualites","8":"tag-actualites","9":"tag-bruno-retailleau","10":"tag-elysee-et-gouvernement","11":"tag-fr","12":"tag-france","13":"tag-islam","14":"tag-news","15":"tag-racisme","16":"tag-republique-francaise","17":"tag-violences"},"share_on_mastodon":{"url":"https:\/\/pubeurope.com\/@fr\/114617376113233797","error":""},"_links":{"self":[{"href":"https:\/\/www.europesays.com\/fr\/wp-json\/wp\/v2\/posts\/147973","targetHints":{"allow":["GET"]}}],"collection":[{"href":"https:\/\/www.europesays.com\/fr\/wp-json\/wp\/v2\/posts"}],"about":[{"href":"https:\/\/www.europesays.com\/fr\/wp-json\/wp\/v2\/types\/post"}],"author":[{"embeddable":true,"href":"https:\/\/www.europesays.com\/fr\/wp-json\/wp\/v2\/users\/2"}],"replies":[{"embeddable":true,"href":"https:\/\/www.europesays.com\/fr\/wp-json\/wp\/v2\/comments?post=147973"}],"version-history":[{"count":0,"href":"https:\/\/www.europesays.com\/fr\/wp-json\/wp\/v2\/posts\/147973\/revisions"}],"wp:featuredmedia":[{"embeddable":true,"href":"https:\/\/www.europesays.com\/fr\/wp-json\/wp\/v2\/media\/147974"}],"wp:attachment":[{"href":"https:\/\/www.europesays.com\/fr\/wp-json\/wp\/v2\/media?parent=147973"}],"wp:term":[{"taxonomy":"category","embeddable":true,"href":"https:\/\/www.europesays.com\/fr\/wp-json\/wp\/v2\/categories?post=147973"},{"taxonomy":"post_tag","embeddable":true,"href":"https:\/\/www.europesays.com\/fr\/wp-json\/wp\/v2\/tags?post=147973"}],"curies":[{"name":"wp","href":"https:\/\/api.w.org\/{rel}","templated":true}]}}