{"id":147998,"date":"2025-06-03T04:00:11","date_gmt":"2025-06-03T04:00:11","guid":{"rendered":"https:\/\/www.europesays.com\/fr\/147998\/"},"modified":"2025-06-03T04:00:11","modified_gmt":"2025-06-03T04:00:11","slug":"zaz-explique-comment-elle-a-appris-a-se-detacher-de-la-medisance-a-son-egard","status":"publish","type":"post","link":"https:\/\/www.europesays.com\/fr\/147998\/","title":{"rendered":"Zaz explique comment elle a appris \u00e0 se \u00ab d\u00e9tacher de la m\u00e9disance \u00bb \u00e0 son \u00e9gard"},"content":{"rendered":"<p><strong>M\u00caME PAS MAL &#8211; La chanteuse de \u00ab\u00a0Je veux\u00a0\u00bb a \u00e9voqu\u00e9 dans son nouveau single la fa\u00e7on dont elle avait repris son \u00ab\u00a0pouvoir personnel\u00a0\u00bb<\/strong><\/p>\n<p>Zaz se fait l\u2019exemple de la r\u00e9silience. Dans son nouveau single <a href=\"https:\/\/www.youtube.com\/watch?v=myM25b5QpCY&amp;t=70s&amp;ab_channel=Zaz&amp;at_medium=RSS%20feed&amp;at_campaign=ynews&amp;utm_source=yahoo&amp;utm_medium=rss&amp;utm_campaign=news_feed&amp;utm_content=in_article_link\" rel=\"nofollow noopener\" target=\"_blank\" data-ylk=\"slk:Mon c\u0153ur tu es fou;elm:context_link;itc:0;sec:content-canvas\" class=\"link \">Mon c\u0153ur tu es fou<\/a>, issu de son sixi\u00e8me album attendu en septembre, <a href=\"https:\/\/www.20minutes.fr\/arts-stars\/culture\/2260583-20180424-chanteuse-zaz-jouera-edith-piaf-comedie-musicale?at_medium=RSS%20feed&amp;at_campaign=ynews&amp;utm_source=yahoo&amp;utm_medium=rss&amp;utm_campaign=news_feed&amp;utm_content=in_article_link\" rel=\"nofollow noopener\" target=\"_blank\" data-ylk=\"slk:la chanteuse;elm:context_link;itc:0;sec:content-canvas\" class=\"link \">la chanteuse<\/a> revient sur les \u00ab\u00a0\u00e9preuves\u00a0\u00bb qu\u2019elle a travers\u00e9es et les critiques dont elle a fait l\u2019objet sur son style et sa voix d\u00e8s ses d\u00e9buts sous les feux des projecteurs en\u00a02010 avec Je veux. Or, si son \u00ab\u00a0c\u0153ur fou\u00a0\u00bb est \u00ab\u00a0pass\u00e9 au fer de tant de haine\u00a0\u00bb, comme elle l\u2019explique dans sa chanson, l\u2019artiste de 45 ans a appris \u00e0 prendre ses distances avec la \u00ab\u00a0m\u00e9disance\u00a0\u00bb.<\/p>\n<p>\u00ab\u00a0C\u2019est la vie en fait. On se fait juger, critiquer, peu importe le secteur dans lequel on est\u00a0\u00bb, a-t-elle rappel\u00e9 sur le plateau de <a href=\"https:\/\/www.france.tv\/france-2\/telematin\/7180970-emission-du-lundi-2-juin-2025.html?at_medium=RSS%20feed&amp;at_campaign=ynews&amp;utm_source=yahoo&amp;utm_medium=rss&amp;utm_campaign=news_feed&amp;utm_content=in_article_link\" rel=\"nofollow noopener\" target=\"_blank\" data-ylk=\"slk:T\u00e9l\u00e9matin;elm:context_link;itc:0;sec:content-canvas\" class=\"link \">T\u00e9l\u00e9matin<\/a>, tout en reconnaissant que l\u2019effet est \u00ab\u00a0plus gros\u00a0\u00bb lorsque l\u2019on est &#8211; comme elle &#8211; \u00ab\u00a0m\u00e9diatis\u00e9e\u00a0\u00bb. Mais avec les ann\u00e9es et l\u2019exp\u00e9rience, <a href=\"https:\/\/www.20minutes.fr\/arts-stars\/people\/4134290-20250117-zaz-absente-tournee-restos-ur-participation-sophie-davant-dals-ravi-william-leymergie?at_medium=RSS%20feed&amp;at_campaign=ynews&amp;utm_source=yahoo&amp;utm_medium=rss&amp;utm_campaign=news_feed&amp;utm_content=in_article_link\" rel=\"nofollow noopener\" target=\"_blank\" data-ylk=\"slk:Zaz;elm:context_link;itc:0;sec:content-canvas\" class=\"link \">Zaz<\/a> est parvenue \u00e0 prendre du recul. \u00ab\u00a0Je pense que j\u2019ai aussi beaucoup appris \u00e0 me conna\u00eetre et \u00e0 me d\u00e9tacher de la m\u00e9disance ou des opinions des autres et de suivre mon chemin. De toute fa\u00e7on \u00e7a a toujours \u00e9t\u00e9 le cas, j\u2019ai toujours fait mon chemin comme je l\u2019entendais\u00a0\u00bb, a-t-elle ajout\u00e9.<\/p>\n<p>\u00ab\u00a0Reprendre mon pouvoir\u00a0\u00bb<\/p>\n<p>Le tube \u00e9voque aussi chez la chanteuse d\u2019On ira certaines \u00e9preuves personnelles. \u00ab\u00a0C\u2019est mon histoire aussi\u00a0\u00bb, a-t-elle r\u00e9pondu aux commentaires de Flavie Flament sur le message que renvoie sa chanson \u00ab\u00a0\u00e0 ceux qui souffrent\u00a0\u00bb \u00e9galement de la \u00ab\u00a0m\u00e9chancet\u00e9 des autres\u00a0\u00bb. \u00ab\u00a0Dans mon histoire, j\u2019ai v\u00e9cu beaucoup d\u2019\u00e9preuves et c\u2019est tout mon rapport \u00e0 comment me d\u00e9tacher de tout \u00e7a, c\u2019est-\u00e0-dire(&#8230;)<\/p>\n<p><a href=\"https:\/\/www.20minutes.fr\/arts-stars\/people\/4156486-20250602-zaz-explique-comment-appris-detacher-medisance-egard?at_medium=RSS%20feed&amp;at_campaign=ynews&amp;utm_source=yahoo&amp;utm_medium=rss&amp;utm_campaign=news_feed&amp;utm_content=read_more_link&quot;\" rel=\"nofollow noopener\" target=\"_blank\" data-ylk=\"slk:Lire la suite sur 20minutes;elm:context_link;itc:0;sec:content-canvas\" class=\"link \">Lire la suite sur 20minutes<\/a><\/p>\n<p>\u00c0 lire aussi :<br \/><a href=\"https:\/\/www.20minutes.fr\/arts-stars\/people\/4146643-20250402-zaz-transformee-depuis-pandemie-covid-19-rencontre-mari?at_medium=RSS%20feed&amp;at_campaign=ynews&amp;utm_source=yahoo&amp;utm_medium=rss&amp;utm_campaign=news_feed&amp;utm_content=related_content_link\" rel=\"nofollow noopener\" target=\"_blank\" data-ylk=\"slk:Zaz transform\u00e9e depuis la pand\u00e9mie de Covid-19 et sa rencontre avec son mari;elm:context_link;itc:0;sec:content-canvas\" class=\"link \">Zaz transform\u00e9e depuis la pand\u00e9mie de Covid-19 et sa rencontre avec son mari<\/a><br \/><a href=\"https:\/\/www.20minutes.fr\/arts-stars\/people\/4148981-20250416-billie-eilish-appris-aimer-prenom-detestait-absolument-lorsqu-enfant?at_medium=RSS%20feed&amp;at_campaign=ynews&amp;utm_source=yahoo&amp;utm_medium=rss&amp;utm_campaign=news_feed&amp;utm_content=related_content_link\" rel=\"nofollow noopener\" target=\"_blank\" data-ylk=\"slk:Billie Eilish a appris \u00e0 aimer son pr\u00e9nom qu\u2019elle \u00ab\u00a0d\u00e9testait absolument\u00a0\u00bb lorsqu\u2019elle \u00e9tait enfant;elm:context_link;itc:0;sec:content-canvas\" class=\"link \">Billie Eilish a appris \u00e0 aimer son pr\u00e9nom qu\u2019elle \u00ab\u00a0d\u00e9testait absolument\u00a0\u00bb lorsqu\u2019elle \u00e9tait enfant<\/a><\/p>\n","protected":false},"excerpt":{"rendered":"M\u00caME PAS MAL &#8211; La chanteuse de \u00ab\u00a0Je veux\u00a0\u00bb a \u00e9voqu\u00e9 dans son nouveau single la fa\u00e7on dont&hellip;\n","protected":false},"author":2,"featured_media":147999,"comment_status":"","ping_status":"","sticky":false,"template":"","format":"standard","meta":{"footnotes":""},"categories":[1355],"tags":[58,59,1011,27,27719,9005,1361,873,27720,6706],"class_list":{"0":"post-147998","1":"post","2":"type-post","3":"status-publish","4":"format-standard","5":"has-post-thumbnail","7":"category-musique","8":"tag-divertissement","9":"tag-entertainment","10":"tag-fr","11":"tag-france","12":"tag-je-veux","13":"tag-la-chanteuse","14":"tag-music","15":"tag-musique","16":"tag-pouvoir-personnel","17":"tag-zaz"},"share_on_mastodon":{"url":"https:\/\/pubeurope.com\/@fr\/114617439084249815","error":""},"_links":{"self":[{"href":"https:\/\/www.europesays.com\/fr\/wp-json\/wp\/v2\/posts\/147998","targetHints":{"allow":["GET"]}}],"collection":[{"href":"https:\/\/www.europesays.com\/fr\/wp-json\/wp\/v2\/posts"}],"about":[{"href":"https:\/\/www.europesays.com\/fr\/wp-json\/wp\/v2\/types\/post"}],"author":[{"embeddable":true,"href":"https:\/\/www.europesays.com\/fr\/wp-json\/wp\/v2\/users\/2"}],"replies":[{"embeddable":true,"href":"https:\/\/www.europesays.com\/fr\/wp-json\/wp\/v2\/comments?post=147998"}],"version-history":[{"count":0,"href":"https:\/\/www.europesays.com\/fr\/wp-json\/wp\/v2\/posts\/147998\/revisions"}],"wp:featuredmedia":[{"embeddable":true,"href":"https:\/\/www.europesays.com\/fr\/wp-json\/wp\/v2\/media\/147999"}],"wp:attachment":[{"href":"https:\/\/www.europesays.com\/fr\/wp-json\/wp\/v2\/media?parent=147998"}],"wp:term":[{"taxonomy":"category","embeddable":true,"href":"https:\/\/www.europesays.com\/fr\/wp-json\/wp\/v2\/categories?post=147998"},{"taxonomy":"post_tag","embeddable":true,"href":"https:\/\/www.europesays.com\/fr\/wp-json\/wp\/v2\/tags?post=147998"}],"curies":[{"name":"wp","href":"https:\/\/api.w.org\/{rel}","templated":true}]}}