{"id":148000,"date":"2025-06-03T04:01:15","date_gmt":"2025-06-03T04:01:15","guid":{"rendered":"https:\/\/www.europesays.com\/fr\/148000\/"},"modified":"2025-06-03T04:01:15","modified_gmt":"2025-06-03T04:01:15","slug":"oscar-isaac-jacob-elordi-mia-goth-le-teaser-de-frankenstein-reunit-les-icones-les-plus-dark-du-moment","status":"publish","type":"post","link":"https:\/\/www.europesays.com\/fr\/148000\/","title":{"rendered":"Oscar Isaac, Jacob Elordi, Mia Goth\u2026 Le teaser de Frankenstein r\u00e9unit les ic\u00f4nes les plus \u00abdark\u00bb du moment"},"content":{"rendered":"<p>Netflix a d\u00e9voil\u00e9 ce samedi 1er juin, lors de son \u00e9v\u00e9nement Tudum, les premi\u00e8res images de Frankenstein, le nouveau long-m\u00e9trage de Guillermo del Toro. Le r\u00e9alisateur mexicain signe une nouvelle adaptation du roman de Mary Shelley, \u00e0 l\u2019esth\u00e9tique sombre \u00e0 souhait.<\/p>\n<p class=\"fig-paragraph\">Avec Frankenstein, Guillermo del Toro s\u2019attaque \u00e0 un monument du mythe gothique. La plateforme\u00a0<a href=\"http:\/\/madame.lefigaro.fr\/style\/news\/en-pin-up-gothique-tout-en-cuir-jenna-ortega-vient-elle-de-signer-sa-plus-parfaite-apparition-mode-20250602\" data-fig-type=\"Article\" data-gtm-custom-categorie=\"navigation\" data-gtm-custom-action=\"crossclick\" data-gtm-custom-label=\"Contextuel\" data-gtm-event=\"customEventSPE\" data-fig-domain=\"MADAME\" rel=\"nofollow noopener\" target=\"_blank\">Netflix<\/a>\u00a0a profit\u00e9 de son \u00e9v\u00e9nement Tudum, diffus\u00e9 en direct samedi soir, pour d\u00e9voiler la toute premi\u00e8re bande-annonce de cette adaptation du roman culte de Mary Shelley. On y retrouve Oscar Isaac, m\u00e9connaissable en Dr Victor Frankenstein, Mia Goth, silhouette fragile et magn\u00e9tique en Elizabeth, et\u00a0<a href=\"http:\/\/madame.lefigaro.fr\/style\/news\/avec-son-maxi-sac-a-main-francois-civil-debarque-sur-la-croisette-facon-jacob-elordi-20250517\" data-fig-type=\"Article\" data-gtm-custom-categorie=\"navigation\" data-gtm-custom-action=\"crossclick\" data-gtm-custom-label=\"Contextuel\" data-gtm-event=\"customEventSPE\" data-fig-domain=\"MADAME\" rel=\"nofollow noopener\" target=\"_blank\">Jacob Elordi<\/a>, inqui\u00e9tant monstre revenu d\u2019entre les morts.<\/p>\n<p>    Oscar Isaac en Dr Victor Frankenstein<br \/>\n                Netflix<\/p>\n<p class=\"fig-paragraph\">Le film suit fid\u00e8lement l\u2019histoire d\u2019un scientifique brillant, mais aveugl\u00e9 par son ambition, qui donne vie \u00e0 une cr\u00e9ature dans le cadre d\u2019une exp\u00e9rience qui scellera leur perte \u00e0 tous deux. Une relecture sombre et stylis\u00e9e, mise en sc\u00e8ne avec l\u2019obsession du d\u00e9tail propre au\u00a0<a href=\"https:\/\/variety.com\/2025\/film\/festivals\/guillermo-del-toro-frankenstein-not-horror-movie-emotional-1236402387\/\" target=\"_blank\" rel=\"nofollow noopener\" data-gtm-custom-categorie=\"navigation\" data-gtm-custom-action=\"crossclick\" data-gtm-custom-label=\"Contextuel\" data-gtm-event=\"customEventSPE\">r\u00e9alisateur mexicain<\/a>, r\u00e9compens\u00e9 par un Oscar pour La Forme de l\u2019eau.<\/p>\n<p><strong>Un casting cinq \u00e9toiles au service du mythe<\/strong><\/p>\n<p class=\"fig-paragraph\">Autour du trio central, une distribution irr\u00e9prochable\u00a0: Ralph Ineson (le professeur Krempe), Christoph Waltz (Harlander), mais aussi Felix Kammerer, Lars Mikkelsen (admirble dans Dalloway de Yann Gozlan), Charles Dance ou encore David Bradley, dans des r\u00f4les encore gard\u00e9s secrets. La cr\u00e9ature, incarn\u00e9e par Jacob Elordi, reste pour l\u2019instant \u00e0 peine d\u00e9voil\u00e9e, masqu\u00e9e, mais imposante. La sortie de Frankenstein est annonc\u00e9e pour novembre 2025 sur Netflix. Une chose est s\u00fbre\u00a0: l\u2019attente ne fera qu\u2019amplifier l\u2019aura de ce projet \u00e0 la noirceur assum\u00e9e.<\/p>\n","protected":false},"excerpt":{"rendered":"Netflix a d\u00e9voil\u00e9 ce samedi 1er juin, lors de son \u00e9v\u00e9nement Tudum, les premi\u00e8res images de Frankenstein, le&hellip;\n","protected":false},"author":2,"featured_media":148001,"comment_status":"","ping_status":"","sticky":false,"template":"","format":"standard","meta":{"footnotes":""},"categories":[1354],"tags":[12253,17422,1409,11668,1000,1345,650,17426,58,59,1295,638,2081,17424,1346,1011,27,977,1360,127,973,17423,17425,6265],"class_list":{"0":"post-148000","1":"post","2":"type-post","3":"status-publish","4":"format-standard","5":"has-post-thumbnail","7":"category-films","8":"tag-acteurs","9":"tag-actualite-cinema","10":"tag-bande-annonce","11":"tag-casting","12":"tag-celebrites","13":"tag-cine","14":"tag-cinema","15":"tag-critique-cinema","16":"tag-divertissement","17":"tag-entertainment","18":"tag-feminin","19":"tag-figaro","20":"tag-film","21":"tag-film-cinema","22":"tag-films","23":"tag-fr","24":"tag-france","25":"tag-madame","26":"tag-movies","27":"tag-netflix","28":"tag-people","29":"tag-programme-cinema","30":"tag-sortie-cinema","31":"tag-tournage"},"share_on_mastodon":{"url":"https:\/\/pubeurope.com\/@fr\/114617442893707069","error":""},"_links":{"self":[{"href":"https:\/\/www.europesays.com\/fr\/wp-json\/wp\/v2\/posts\/148000","targetHints":{"allow":["GET"]}}],"collection":[{"href":"https:\/\/www.europesays.com\/fr\/wp-json\/wp\/v2\/posts"}],"about":[{"href":"https:\/\/www.europesays.com\/fr\/wp-json\/wp\/v2\/types\/post"}],"author":[{"embeddable":true,"href":"https:\/\/www.europesays.com\/fr\/wp-json\/wp\/v2\/users\/2"}],"replies":[{"embeddable":true,"href":"https:\/\/www.europesays.com\/fr\/wp-json\/wp\/v2\/comments?post=148000"}],"version-history":[{"count":0,"href":"https:\/\/www.europesays.com\/fr\/wp-json\/wp\/v2\/posts\/148000\/revisions"}],"wp:featuredmedia":[{"embeddable":true,"href":"https:\/\/www.europesays.com\/fr\/wp-json\/wp\/v2\/media\/148001"}],"wp:attachment":[{"href":"https:\/\/www.europesays.com\/fr\/wp-json\/wp\/v2\/media?parent=148000"}],"wp:term":[{"taxonomy":"category","embeddable":true,"href":"https:\/\/www.europesays.com\/fr\/wp-json\/wp\/v2\/categories?post=148000"},{"taxonomy":"post_tag","embeddable":true,"href":"https:\/\/www.europesays.com\/fr\/wp-json\/wp\/v2\/tags?post=148000"}],"curies":[{"name":"wp","href":"https:\/\/api.w.org\/{rel}","templated":true}]}}