{"id":14803,"date":"2025-04-10T11:12:12","date_gmt":"2025-04-10T11:12:12","guid":{"rendered":"https:\/\/www.europesays.com\/fr\/14803\/"},"modified":"2025-04-10T11:12:12","modified_gmt":"2025-04-10T11:12:12","slug":"roubaix-en-selle-un-village-velo-festif-et-gratuit-du-11-au-13-avril-sur-la-grand-place","status":"publish","type":"post","link":"https:\/\/www.europesays.com\/fr\/14803\/","title":{"rendered":"Roubaix en selle : un village v\u00e9lo festif et gratuit du 11 au 13 avril sur la Grand-Place !"},"content":{"rendered":"<p>\ud83c\udf89 <strong data-start=\"1569\" data-end=\"1620\">Un programme riche et vari\u00e9 pour toutes et tous<\/strong><\/p>\n<p class=\"\" data-start=\"1622\" data-end=\"1869\">Le village \u00ab\u00a0Roubaix en selle !\u00a0\u00bb s\u2019adresse aux passionn\u00e9\u00b7e\u00b7s de cyclisme comme aux curieux\u00b7ses, familles, enfants et sportif\u00b7ve\u00b7s du dimanche. Pendant trois jours, la Grand-Place devient un v\u00e9ritable terrain d\u2019animations autour de la petite reine :<\/p>\n<p class=\"\" data-start=\"1871\" data-end=\"2049\">\ud83d\udecd\ufe0f <strong data-start=\"1875\" data-end=\"1891\">March\u00e9 local<\/strong><br data-start=\"1891\" data-end=\"1894\"\/>D\u00e9couvrez des produits made in Roubaix, des accessoires v\u00e9lo, de la bi\u00e8re artisanale et bien d\u2019autres p\u00e9pites locales \u00e0 d\u00e9couvrir tout au long du week-end.<\/p>\n<p class=\"\" data-start=\"2051\" data-end=\"2246\">\ud83c\udfa8 <strong data-start=\"2054\" data-end=\"2080\">Fresque en anamorphose<\/strong><br data-start=\"2080\" data-end=\"2083\"\/>Les artistes roubaisiens <strong data-start=\"2108\" data-end=\"2126\">Vianney Daltes<\/strong> et <strong data-start=\"2130\" data-end=\"2147\">Charles Bigot<\/strong> r\u00e9aliseront en live une \u0153uvre originale en anamorphose, \u00e0 voir sous le bon angle pour la deviner !<\/p>\n<p class=\"\" data-start=\"2248\" data-end=\"2405\">\ud83c\udfa7 <strong data-start=\"2251\" data-end=\"2275\">DJ sets \u00e9lectrisants<\/strong><br data-start=\"2275\" data-end=\"2278\"\/>Ambiance garantie en fin de journ\u00e9e gr\u00e2ce aux sons de <strong data-start=\"2332\" data-end=\"2352\">Johnny &amp; Wallace<\/strong>, qui feront vibrer la Grand-Place au rythme du v\u00e9lo.<\/p>\n<p class=\"\" data-start=\"2407\" data-end=\"2552\">\ud83d\udcda <strong data-start=\"2410\" data-end=\"2434\">Lectures inspirantes<\/strong><br data-start=\"2434\" data-end=\"2437\"\/>Le com\u00e9dien <strong data-start=\"2449\" data-end=\"2469\">Jacques Bonnaff\u00e9<\/strong> vous propose des lectures originales autour du v\u00e9lo et de la litt\u00e9rature sportive.<\/p>\n<p class=\"\" data-start=\"2554\" data-end=\"2706\">\ud83d\udeb4\u200d\u2640\ufe0f <strong data-start=\"2560\" data-end=\"2577\">Balade \u00e0 v\u00e9lo<\/strong><br data-start=\"2577\" data-end=\"2580\"\/>Participez \u00e0 une balade accessible \u00e0 tous, anim\u00e9e par <strong data-start=\"2634\" data-end=\"2654\">Alexandre Garcin<\/strong>, \u00e9lu en charge des mobilit\u00e9s \u00e0 la Ville de Roubaix, le samedi 12 avril 2025 \u00e0 14h . Inscriptions gratuites par mail :\u00a0<a href=\"https:\/\/www.roubaixxl.fr\/roubaix-en-selle-2025\/mailto:contact@roubaixshopping.com\" target=\"_blank\" rel=\"noopener\">contact@roubaixshopping.com<\/a><br \/>Toutes les infos <a href=\"https:\/\/www.ville-roubaix.fr\/agenda\/balade-a-velo-redecouvrez-roubaix\" target=\"_blank\" rel=\"noopener\">ici<\/a><\/p>\n<p class=\"\" data-start=\"2708\" data-end=\"2927\">\ud83d\udd27 <strong data-start=\"2711\" data-end=\"2751\">Ateliers &amp; animations autour du v\u00e9lo<\/strong><br data-start=\"2751\" data-end=\"2754\"\/>Avec la participation de <strong data-start=\"2779\" data-end=\"2787\">STAB<\/strong>, <strong data-start=\"2789\" data-end=\"2797\">ADAV<\/strong> et <strong data-start=\"2801\" data-end=\"2811\">Il\u00e9via<\/strong>, venez apprendre \u00e0 entretenir votre v\u00e9lo, d\u00e9couvrir des astuces mobilit\u00e9, ou encore essayer de nouvelles pratiques.<\/p>\n<p class=\"\" data-start=\"2929\" data-end=\"3091\">\ud83d\udcfa <strong data-start=\"2932\" data-end=\"2957\">Projections en direct<\/strong><br data-start=\"2957\" data-end=\"2960\"\/>Les c\u00e9l\u00e8bres courses du <strong data-start=\"2984\" data-end=\"3001\">Paris-Roubaix<\/strong> seront retransmises en direct : l\u2019occasion de vibrer ensemble aux exploits des coureurs !<\/p>\n<p>\ud83d\udeb2 <strong data-start=\"3105\" data-end=\"3158\">Bonus mobilit\u00e9 : les taxis v\u00e9los sont de retour !<\/strong><\/p>\n<p class=\"\" data-start=\"3160\" data-end=\"3374\">Pour faciliter vos d\u00e9placements entre le V\u00e9lodrome et la Grand-Place, profitez des <strong data-start=\"3243\" data-end=\"3267\">Taxis V\u00e9los gratuits<\/strong> les <strong data-start=\"3272\" data-end=\"3287\">vendredi 11<\/strong> et <strong data-start=\"3291\" data-end=\"3310\">samedi 12 avril<\/strong> de <strong data-start=\"3314\" data-end=\"3329\">11h30 \u00e0 19h<\/strong>. Pratique, \u00e9cologique\u2026 et 100 % roubaisien !<\/p>\n<p>\ud83d\udce3 <strong data-start=\"3388\" data-end=\"3467\">Roubaix en selle, c\u2019est le rendez-vous v\u00e9lo \u00e0 ne pas manquer ce printemps !<\/strong><\/p>\n<p class=\"\" data-start=\"3469\" data-end=\"3702\">Que vous soyez fan de Paris-Roubaix, amoureux de la petite reine ou simplement curieux, <strong data-start=\"3557\" data-end=\"3581\">\u00ab\u00a0Roubaix en selle !\u00a0\u00bb<\/strong> vous promet un week-end rythm\u00e9, festif et plein de d\u00e9couvertes.<br data-start=\"3645\" data-end=\"3648\"\/><strong data-start=\"3648\" data-end=\"3702\">Rendez-vous du 11 au 13 avril sur la Grand-Place !<\/strong><\/p>\n<p class=\"\" data-start=\"3704\" data-end=\"3819\">\ud83d\udc49 Plus d\u2019infos sur : <a class=\"\" href=\"https:\/\/www.roubaixshopping.com\/roubaix-en-selle\/\" target=\"_new\" rel=\"noopener\" data-start=\"3726\" data-end=\"3819\">www.roubaixshopping.com\/roubaix-en-selle<\/a><\/p>\n","protected":false},"excerpt":{"rendered":"\ud83c\udf89 Un programme riche et vari\u00e9 pour toutes et tous Le village \u00ab\u00a0Roubaix en selle !\u00a0\u00bb s\u2019adresse aux&hellip;\n","protected":false},"author":2,"featured_media":14804,"comment_status":"","ping_status":"","sticky":false,"template":"","format":"standard","meta":{"footnotes":""},"categories":[2815],"tags":[1111,11,207,1777,674,1011,27,811,1307,6314,12,1656,25,6315,208],"class_list":{"0":"post-14803","1":"post","2":"type-post","3":"status-publish","4":"format-standard","5":"has-post-thumbnail","7":"category-lille","8":"tag-actu","9":"tag-actualites","10":"tag-cyclisme","11":"tag-eu","12":"tag-europe","13":"tag-fr","14":"tag-france","15":"tag-hauts-de-france","16":"tag-lille","17":"tag-mobilites-douces","18":"tag-news","19":"tag-paris-roubaix","20":"tag-republique-francaise","21":"tag-roubaix-en-selle","22":"tag-velo"},"share_on_mastodon":{"url":"https:\/\/pubeurope.com\/@fr\/114313372960009788","error":""},"_links":{"self":[{"href":"https:\/\/www.europesays.com\/fr\/wp-json\/wp\/v2\/posts\/14803","targetHints":{"allow":["GET"]}}],"collection":[{"href":"https:\/\/www.europesays.com\/fr\/wp-json\/wp\/v2\/posts"}],"about":[{"href":"https:\/\/www.europesays.com\/fr\/wp-json\/wp\/v2\/types\/post"}],"author":[{"embeddable":true,"href":"https:\/\/www.europesays.com\/fr\/wp-json\/wp\/v2\/users\/2"}],"replies":[{"embeddable":true,"href":"https:\/\/www.europesays.com\/fr\/wp-json\/wp\/v2\/comments?post=14803"}],"version-history":[{"count":0,"href":"https:\/\/www.europesays.com\/fr\/wp-json\/wp\/v2\/posts\/14803\/revisions"}],"wp:featuredmedia":[{"embeddable":true,"href":"https:\/\/www.europesays.com\/fr\/wp-json\/wp\/v2\/media\/14804"}],"wp:attachment":[{"href":"https:\/\/www.europesays.com\/fr\/wp-json\/wp\/v2\/media?parent=14803"}],"wp:term":[{"taxonomy":"category","embeddable":true,"href":"https:\/\/www.europesays.com\/fr\/wp-json\/wp\/v2\/categories?post=14803"},{"taxonomy":"post_tag","embeddable":true,"href":"https:\/\/www.europesays.com\/fr\/wp-json\/wp\/v2\/tags?post=14803"}],"curies":[{"name":"wp","href":"https:\/\/api.w.org\/{rel}","templated":true}]}}