{"id":148032,"date":"2025-06-03T04:22:24","date_gmt":"2025-06-03T04:22:24","guid":{"rendered":"https:\/\/www.europesays.com\/fr\/148032\/"},"modified":"2025-06-03T04:22:24","modified_gmt":"2025-06-03T04:22:24","slug":"les-elus-lfi-avancent-pour-une-liste-autonome-a-grenoble","status":"publish","type":"post","link":"https:\/\/www.europesays.com\/fr\/148032\/","title":{"rendered":"LES \u00c9LUS LFI AVANCENT POUR UNE LISTE AUTONOME \u00e0 GRENOBLE"},"content":{"rendered":"<p>Posted On 3 juin 2025 <\/p>\n<p>Gros comme une maison. Hier \u00a0\u00bb les \u00e9lus LFI\u00a0\u00bb du Conseil Municipal de Grenoble ont adress\u00e9 un communiqu\u00e9 \u00e0 la presse indiquant qu&rsquo;ils demanderaient au prochain Conseil Municipal la fin du jumelage de Grenoble avec R\u00e9hovot, la ville Isra\u00e9lienne. Aucun nom \u00a0\u00bb d&rsquo;\u00e9lu LFI\u00a0\u00bb ne figurait sur le communiqu\u00e9. Mais au m\u00eame moment ils annon\u00e7aient <a href=\"https:\/\/grenoble-le-changement.fr\/2024\/06\/13\/affaires-nouveaux-elements-sur-le-systeme-piolle-martin\/\" target=\"_blank\" rel=\"noopener\">qu&rsquo;Elisa Martin<\/a> et Allan Brunon , un extr\u00e9miste de LFI \u00e9taient d\u00e9sign\u00e9s comme \u00a0\u00bb chefs de file\u00a0\u00bb des \u00e9lections municipales pour le parti&#8230;. Ce dernier, apparatchik\u00a0 qui confond son prurit post-adolescent avec la r\u00e9sistance &#8211; injuriant cette derni\u00e8re-<a target=\"_blank\" href=\"https:\/\/www.lyonmag.com\/article\/142886\/une-deputee-neofasciste-l-ex-assistant-parlementaire-rhone-de-gabriel-amard-poursuivi-par-tiffany-jon\" rel=\"noopener\">est poursuivi pour injure publique<\/a>. Ce serait amusant que ce duo soit au m\u00eame <a href=\"https:\/\/grenoble-le-changement.fr\/2025\/05\/04\/les-affaires-piolle-martin-et-ferrari-enterrees-au-parquet-de-valence\/\" target=\"_blank\" rel=\"noopener\">moment devant les tribunaux.<\/a><\/p>\n<p>L&rsquo;op\u00e9ration \u00ab\u00a0liste autonome\u00a0\u00bb d\u00e9marre sur les chapeaux de roue de la d\u00e9magogie, du communautarisme et de l&rsquo;instrumentalisation d&rsquo;un drame. Fid\u00e8le \u00e0 elle m\u00eame, l&rsquo;extr\u00eame gauche ne fait pas dans la dentelle. Au passage, ce coup de couteau au fonctionnement habituel d\u00e9montre le d\u00e9litement de la majorit\u00e9, <a style=\"font-size: revert; font-family: -apple-system, BlinkMacSystemFont, &#039;Segoe UI&#039;, Roboto, Oxygen-Sans, Ubuntu, Cantarell, &#039;Helvetica Neue&#039;, sans-serif;\" href=\"https:\/\/grenoble-le-changement.fr\/2025\/04\/16\/la-municipalite-enterre-piolle-pour-tenter-de-garder-le-pouvoir\/\" target=\"_blank\" rel=\"noopener\">l&rsquo;affaiblissement de Piolle<\/a> et l&rsquo;absence de tout leadership <a style=\"font-size: revert; font-family: -apple-system, BlinkMacSystemFont, &#039;Segoe UI&#039;, Roboto, Oxygen-Sans, Ubuntu, Cantarell, &#039;Helvetica Neue&#039;, sans-serif;\" href=\"https:\/\/grenoble-le-changement.fr\/2025\/05\/26\/scop-alma-que-fait-laurence-ruffin-verts-lfi-des-2-5-millions-d-e-de-resultats\/\" target=\"_blank\" rel=\"noopener\">de Laurence Ruffin.<\/a><\/p>\n<p><img decoding=\"async\" data-id=\"78014\" src=\"https:\/\/i0.wp.com\/grenoble-le-changement.fr\/wp-content\/uploads\/2024\/11\/piolle-martin-affaires-1-2.png?w=678&amp;ssl=1\" alt=\"\" class=\"wp-image-78014 jetpack-lazy-image\" data-recalc-dims=\"1\" data-lazy-src=\"https:\/\/www.europesays.com\/fr\/wp-content\/uploads\/2025\/06\/piolle-martin-affaires-1-2.png\" \/><\/p>\n<p><img decoding=\"async\" data-id=\"73691\" src=\"https:\/\/i2.wp.com\/grenoble-le-changement.fr\/wp-content\/uploads\/2024\/05\/capdepon-confesson.png?w=678&amp;ssl=1\" alt=\"\" class=\"wp-image-73691 jetpack-lazy-image\" data-recalc-dims=\"1\" data-lazy-src=\"https:\/\/www.europesays.com\/fr\/wp-content\/uploads\/2025\/06\/capdepon-confesson.png\" \/><br \/>\nElisa Martin ( ici avec Eric Piolle) ob\u00e9ira aux consignes nationales de LFI, Alan Confesson ( ici avec Keira Capdepon) porte parole de LFI est favorable \u00e0 la reconduction de l&rsquo;alliance avec les Rouge\/Verts <\/p>\n<p><strong>L&rsquo;OSSATURE DE LA MAJORIT\u00c9 DEMEURE LA SECTE POLITIQUE D&rsquo;AVRILLIER (Verts\/Ades)<\/strong><\/p>\n<p>Il est \u00e9vident en effet que le leader Maximo, Jean-Luc M\u00e9lenchon, va exiger des listes autonomes dans toutes les grandes villes afin de b\u00e9n\u00e9ficier d&rsquo;un socle pr\u00e9sidentiel solide. Par conviction certainement et par obligation de mandat de D\u00e9put\u00e9e , Elisa Martin sera sur cette ligne. Mais combien reste-t-il d&rsquo;\u00e9lus vraiment LFI au Conseil Municipal?\u00a0 On connait Laura \u00a0Pfister et ensuite? L&rsquo;opacit\u00e9 r\u00e8gne depuis 11 ans sur la composition de la majorit\u00e9 municipale, <a href=\"https:\/\/grenoble-le-changement.fr\/2017\/10\/28\/guy-tuscher-ex-piolle-leve-le-voile-sur-le-clan-avrilliercomparat-vertsades\/\" target=\"_blank\" rel=\"noopener\">dont l&rsquo;ossature de ce qui en reste est constitu\u00e9e par la secte politique ADES<\/a> de<a href=\"https:\/\/grenoble-le-changement.fr\/2024\/03\/04\/raymond-avrillier-le-tartuffe-rouge-verts-bouge-encore\/\" target=\"_blank\" rel=\"noopener\"> Raymond Avrillier, le parrain,<\/a> qui compte une quinzaine d&rsquo;\u00e9lus et tient les manettes.\u00a0<\/p>\n<p><strong>FAIRE VOTER GAZA AUX ELECTIONS MUNICIPALES !<\/strong><\/p>\n<p>Quoi de mieux que de tenter de pr\u00e9empter l&rsquo;\u00e9lectorat musulman en lui faisant voter&#8230; Gaza aux \u00e9lections municipales! Comme si la totalit\u00e9 de la classe politique n&rsquo;\u00e9tait pas horrifi\u00e9e par la situation des populations civiles et la guerre sans merci qu&rsquo;elles subissent dans les pires conditions , prises entre un Hamas qui ne lui fait pas de cadeaux et Isra\u00ebl qui m\u00e8ne une guerre insoutenable.\u00a0<\/p>\n<p><strong>LE BILAN DES \u00c9LUS VERTS\/LFI \u00e0 GRENOBLE SERAIT OUBLI\u00c9<\/strong><\/p>\n<p><a href=\"https:\/\/grenoble-le-changement.fr\/2025\/05\/11\/centre-ville-les-habitants-nen-peuvent-plus-des-discours-et-de-la-mauvaise-foi-des-elus\/\" target=\"_blank\" rel=\"noopener\">La tromperie est permanente<\/a>. Ainsi l&rsquo;abandon des quartiers, la ghetto\u00efsation acc\u00e9l\u00e9r\u00e9e, la paup\u00e9risation g\u00e9n\u00e9rale de la ville, l&rsquo;ins\u00e9curit\u00e9 insupportable, l&rsquo;abandon du socio-culturel n&rsquo;auraient aucune importance, devraient \u00eatre gomm\u00e9s, oubli\u00e9s. On reconnait la cynisme de leurs auteurs qui savent bien que leurs p\u00e9titions de principe ne servent \u00e0 rien \u00e0 l&rsquo;\u00e9chelle internationale.\u00a0\u00a0<\/p>\n<p><img decoding=\"async\" data-id=\"74982\" src=\"https:\/\/i1.wp.com\/grenoble-le-changement.fr\/wp-content\/uploads\/2024\/07\/piolle-martin-bompard-prevost.png?w=678&amp;ssl=1\" alt=\"\" class=\"wp-image-74982 jetpack-lazy-image\" data-recalc-dims=\"1\" data-lazy-src=\"https:\/\/www.europesays.com\/fr\/wp-content\/uploads\/2025\/06\/piolle-martin-bompard-prevost.png\" \/><\/p>\n<p><img decoding=\"async\" data-id=\"79214\" src=\"https:\/\/i0.wp.com\/grenoble-le-changement.fr\/wp-content\/uploads\/2025\/01\/piolle-louffok-election.png?w=678&amp;ssl=1\" alt=\"\" class=\"wp-image-79214 jetpack-lazy-image\" data-recalc-dims=\"1\" data-lazy-src=\"https:\/\/www.europesays.com\/fr\/wp-content\/uploads\/2025\/06\/piolle-louffok-election.png\" \/><br \/>\nPiolle avec Manuel Bompart, Elisa Martin, Hugo Pr\u00e9vost , Lyes Louffok&#8230;. la municipalit\u00e9 Rouge\/Verts a \u00e9t\u00e9 de tous les extr\u00eames politiques <\/p>\n<p><strong>L.RUFFIN , LA PLUS EMBARRASS\u00c9E , SOIT SUIVRE, SOIT ROMPRE <\/strong><\/p>\n<p>Mais cette pierre dans le jardin a surtout pour objectif d&#8217;embarrasser <a href=\"https:\/\/grenoble-le-changement.fr\/2025\/02\/02\/laurence-ruffin-margot-belair-et-lucille-lheureux-veulent-succeder-a-piolle\/\" target=\"_blank\" rel=\"noopener\">Laurence Ruffin, la candidate d\u00e9sign\u00e9e pour continuer.<\/a> Il faut que la majorit\u00e9 municipale se positionne. Soit courir derri\u00e8re LFI, soit lui abandonner un \u00e9lectorat que les Verts et elle-m\u00eame ont convoit\u00e9 par tous les exc\u00e8s possible, enfermant des grenoblois dans leur origine, leur refusant de fait, toute possibilit\u00e9 d&rsquo;int\u00e9gration et de promotion sociale.<\/p>\n<p><strong>UNE GAUCHE DE PLUS EN PLUS DIVIS\u00c9E , EN D\u00c9RIVE IMPUDIQUE<\/strong><\/p>\n<p>Le dilemme est consid\u00e9rable et ouvre un nouveau s\u00e9isme dans une gauche de plus en plus divis\u00e9e et parcellis\u00e9e. Sans d\u00e9nominateur commun autre que les places, ce que symbolise parfaitement la <a href=\"https:\/\/grenoble-le-changement.fr\/2025\/05\/01\/amandine-germain-ps-deja-au-service-laurence-ruffin-verts\/\" target=\"_blank\" rel=\"noopener\">repr\u00e9sentante du PS, Amandine Germain<\/a>.\u00a0 On a beaucoup \u00e0 faire \u00e0 des marionnettistes . Mais les grenoblois les voient. L&rsquo;itin\u00e9raire <a href=\"https:\/\/grenoble-le-changement.fr\/2024\/06\/21\/maxence-alloto-anatomie-dune-trompette\/\" target=\"_blank\" rel=\"noopener\">d&rsquo;un PS comme Maxence Alloto i<\/a>llustre cette d\u00e9rive impudique de la politique et fait mal \u00e0 tout le monde, mais d&rsquo;abord \u00e0 son camp. Celui qui a trait\u00e9 Eric Piolle de \u00ab\u00a0Cahuzac grenoblois\u00a0\u00bb veut s&rsquo;allier \u00e0 Ruffin depuis&#8230; \u00a0\u00bb Place Publique\u00a0\u00bb. Qui peut croire \u00e0 tout \u00e7a?<\/p>\n<p><strong>LES \u00c9LUS EXCLUS PEUVENT ILS CAUTIONNER LA CONTINUIT\u00c9?<\/strong><\/p>\n<p>Sur un plan plus conceptuel comment des personnes qui ont v\u00e9cu l&rsquo;exp\u00e9rience Rouge\/Verts <a href=\"https:\/\/grenoble-le-changement.fr\/2023\/03\/24\/bal-tragique-a-la-mairie-7-morts\/\" target=\"_blank\" rel=\"noopener\">et ont \u00e9t\u00e9 exclus dans des conditions violentes et humiliantes,<\/a> tels Pascal Clouaire, Hakim Sabri, \u00a0Laure Masson,\u00a0 Barbara Schuman, Amel Zenati, peuvent elles tranquillement cautionner une \u00e9ventuelle alliance avec sa continuit\u00e9 et ne tirer aucune cons\u00e9quence des effets n\u00e9fastes de la politique municipale qu&rsquo;ils reconnaissent ?\u00a0\u00a0<\/p>\n<p><img decoding=\"async\" data-id=\"58303\" src=\"https:\/\/i0.wp.com\/grenoble-le-changement.fr\/wp-content\/uploads\/2023\/02\/AnyConv.com__pascal-clouaire.jpg?w=678&amp;ssl=1\" alt=\"\" class=\"wp-image-58303 jetpack-lazy-image\" data-recalc-dims=\"1\" data-lazy-src=\"https:\/\/www.europesays.com\/fr\/wp-content\/uploads\/2025\/06\/AnyConv.com__pascal-clouaire.jpg\" \/><\/p>\n<p><img decoding=\"async\" data-id=\"56680\" src=\"https:\/\/i1.wp.com\/grenoble-le-changement.fr\/wp-content\/uploads\/2022\/12\/cecile-cenatiempo-ps-1657581181.jpg?w=678&amp;ssl=1\" alt=\"\" class=\"wp-image-56680 jetpack-lazy-image\" data-recalc-dims=\"1\" data-lazy-src=\"https:\/\/www.europesays.com\/fr\/wp-content\/uploads\/2025\/06\/cecile-cenatiempo-ps-1657581181.jpg\" \/><\/p>\n<p><img decoding=\"async\" data-id=\"66551\" src=\"https:\/\/i2.wp.com\/grenoble-le-changement.fr\/wp-content\/uploads\/2023\/08\/Hakim-Sabri-.jpg?w=678&amp;ssl=1\" alt=\"\" class=\"wp-image-66551 jetpack-lazy-image\" data-recalc-dims=\"1\" data-lazy-src=\"https:\/\/www.europesays.com\/fr\/wp-content\/uploads\/2025\/06\/Hakim-Sabri-.jpg\" \/><br \/>\nPascal Clouaire, C\u00e9cile C\u00e9natiempo, Hakim Sabri, un probl\u00e8me de v\u00e9rit\u00e9 et d&rsquo;authenticit\u00e9 se pose \u00e0 eux<\/p>\n<p><strong>LES \u00c9LUS DOIVENT SE RENIER OU ASSUMER LE CHANGEMENT<\/strong><\/p>\n<p><a href=\"https:\/\/grenoble-le-changement.fr\/2023\/10\/08\/h-sabri-ex-adjoint-aux-finances-verts-ades-denonce-le-systeme-piolle\/\" target=\"_blank\" rel=\"noopener\">Un Hakim Sabri<\/a> avait d\u00e9missionn\u00e9 de son poste d&rsquo;Adjoint aux Finances refusant de cautionner la saign\u00e9e subie par les grenoblois qui annulait le discours tenu au moment du \u00a0\u00bb plan de sauvegarde\u00a0\u00bb par la m\u00eame majorit\u00e9. Une certaine coh\u00e9rence intellectuelle. Un Pascal Clouaire est tr\u00e8s critique sur le fonctionnement de la secte, sur les choix politiques et leurs cons\u00e9quences pour les Grenoblois. C\u00e9cile Cenatiempo , la pr\u00e9sidente du groupe PS a \u00e9t\u00e9 maintes fois en d\u00e9saccord avec la majorit\u00e9 municipale et a d\u00e9plor\u00e9 l&rsquo;abandon volontaire des quartiers. Romain Gentil , conseiller municipal dans le groupe PS, d\u00e9sormais porte parole de Place Publique , a demand\u00e9 que la gauche s&#8217;empare enfin de la question de la s\u00e9curit\u00e9, un mot que la majorit\u00e9 municipale refuse d&#8217;employer !\u00a0<\/p>\n<p><strong>LEURS \u00c9LECTEURS ONT D\u00c9JA PRIS LE CHEMIN DE LA FUITE<\/strong><\/p>\n<p>Les m\u00eames feraient une alliance contre leurs convictions, contre leurs plaidoiries , contre les int\u00e9r\u00eats des \u00e9lecteurs qu&rsquo;ils pr\u00e9tendent d\u00e9fendre? Qui ne voit pas que le pi\u00e8ge est en train de se refermer sur eux. De leurs \u00e9lecteurs ont d\u00e9j\u00e0 pris le chemin de la fuite avec quelques uns des acteurs de gauche des quartiers. Cela pourrait s&rsquo;acc\u00e9l\u00e9rer devant leurs atermoiements et<a href=\"https:\/\/grenoble-le-changement.fr\/2024\/04\/25\/a-grenoble-piolle-a-mis-les-gauches-en-mille-morceaux\/\" target=\"_blank\" rel=\"noopener\"> une certaine l\u00e2chet\u00e9 politique .<\/a><\/p>\n<p><a href=\"https:\/\/i2.wp.com\/grenoble-le-changement.fr\/wp-content\/uploads\/2025\/06\/68-veulent-le-changement.png?ssl=1\" rel=\"lightbox[82379] noopener\" target=\"_blank\"><img decoding=\"async\" data-id=\"82380\" src=\"https:\/\/i2.wp.com\/grenoble-le-changement.fr\/wp-content\/uploads\/2025\/06\/68-veulent-le-changement.png?resize=678%2C373&amp;ssl=1\" alt=\"\" class=\"wp-image-82380 jetpack-lazy-image\" data-recalc-dims=\"1\" data-lazy-src=\"https:\/\/www.europesays.com\/fr\/wp-content\/uploads\/2025\/06\/68-veulent-le-changement.png\" \/><\/a><br \/>\n<a href=\"https:\/\/grenoble-le-changement.fr\/2025\/05\/24\/sondage-carignon-en-tete-de-lopposition-les-grenoblois-veulent-le-changement\/\" target=\"_blank\" rel=\"noopener\">Le sondage d&rsquo;Ipsos publi\u00e9 par GrenobleMag est clair <\/a>: plus de deux tiers des grenoblois veulent le changement , m\u00eame une l\u00e9g\u00e8re majorit\u00e9 d&rsquo;\u00e9lecteurs LFI <\/p>\n<p><strong>Amandine GERMAIN ( PS) EST D\u00c9JA RANG\u00c9E DERRI\u00c9RE L.RUFFIN <\/strong><\/p>\n<p>En utilisant le pr\u00e9texte du jumelage avec R\u00e9hovot, les \u00e9lus LFI choisissent de \u00ab\u00a0bord\u00e9liser\u00a0\u00bb la majorit\u00e9 municipale au bord de l&rsquo;explosion avec les foucades de Piolle, pour ouvrir la voie \u00e0 leur liste.\u00a0<\/p>\n<p>Ce qui reste des Verts, toujours driv\u00e9s par l&rsquo;Ades canal historique, <a href=\"https:\/\/grenoble-le-changement.fr\/2024\/11\/23\/laurence-ruffin-verts-lfi-petits-mensonges-et-gros-sabots\/\" target=\"_blank\" rel=\"noopener\">met Laurence Ruffin<\/a> en avant qui multiplie les \u00a0\u00bb conf\u00e9rences \u00a0\u00bb sur les sujets les plus vaporeux, les plus \u00e9loign\u00e9s du concret afin d&rsquo;\u00e9chapper au bilan et aux questions.\u00a0 <a href=\"https:\/\/grenoble-le-changement.fr\/2025\/05\/01\/amandine-germain-ps-deja-au-service-laurence-ruffin-verts\/\" target=\"_blank\" rel=\"noopener\">Amandine Germain, perdant tout cr\u00e9dit,<\/a>\u00a0 a d\u00e9j\u00e0 rang\u00e9 le PS derri\u00e8re elle sans aucune concession s\u00e9rieuse, visible, aux probl\u00e9matiques municipales que les \u00e9lus PS ont port\u00e9 pendant le mandat. Il y aura un habillage et une capitulation. Au premier ou au second tour.\u00a0<\/p>\n<p><strong>LE CHOIX D&rsquo;\u00caTRE LA ROUE DE SECOURS ?\u00a0<\/strong><\/p>\n<p>Dans le reste de la n\u00e9buleuse de gauche on se court apr\u00e8s, on se t\u00e9l\u00e9phone et on veut t\u00e9moigner , mais ces candidats n&rsquo;ont pas r\u00e9pondu de savoir s&rsquo;ils vont \u00e0 nouveau\u00a0 avaler \u00e0 nouveau leurs convictions au nom d&rsquo;une g\u00f4che qui a trahi ses fondamentaux et \u00eatre encore\u00a0 la roue de secours de la liste Ruffin\/Verts, sans pouvoir, sans rien changer, \u00e0 la merci d&rsquo;une nouvelle exclusion?<\/p>\n<p><a href=\"https:\/\/i1.wp.com\/grenoble-le-changement.fr\/wp-content\/uploads\/2025\/06\/image0.jpeg?ssl=1\" rel=\"lightbox[82379] noopener\" target=\"_blank\"><img decoding=\"async\" data-id=\"82387\" src=\"https:\/\/i1.wp.com\/grenoble-le-changement.fr\/wp-content\/uploads\/2025\/06\/image0.jpeg?resize=678%2C848&amp;ssl=1\" alt=\"\" class=\"wp-image-82387 jetpack-lazy-image\" data-recalc-dims=\"1\" data-lazy-src=\"https:\/\/www.europesays.com\/fr\/wp-content\/uploads\/2025\/06\/image0.jpeg\" \/><\/a><br \/>\nle communiqu\u00e9 de LFI d\u00e9signant deux personnalit\u00e9s dans le viseur de la justice &#8230;<\/p>\n<p><strong>LA DONNE DES MUNICIPALES CHANGE TOUS LES JOURS<\/strong><\/p>\n<p>Les grenoblois observent ces convulsions diverses avec int\u00e9r\u00eat. Ne sont pas dupes. Les citoyens traduisent d\u00e9sormais imm\u00e9diatement ce que cachent les mots et les positionnements. Apr\u00e8s<a href=\"https:\/\/grenoble-le-changement.fr\/2025\/06\/01\/la-gauche-qui-agit-un-nouveau-groupe-qui-change-la-donne-municipale\/\" target=\"_blank\" rel=\"noopener\"> le surgissement de militants de gauche<\/a> aupr\u00e8s du collectif \u00a0\u00bb <a href=\"https:\/\/grenoble-le-changement.fr\/2025\/05\/16\/les-forces-vives-de-grenoble-sengagent-pour-le-changement-avec-alain-carignon\/\" target=\"_blank\" rel=\"noopener\">R\u00e9concilier Grenoble\u00a0\u00bb de Cl\u00e9ment Chappet,<\/a> le coup de boutoir des \u00e9lus LFI change aussi la donne \u00e0 gauche et \u00e0 l&rsquo;extr\u00eame gauche, donc la donne des municipales.\u00a0<\/p>\n<p>D&rsquo;un c\u00f4t\u00e9 des forces \u00e0 tendance centrip\u00e8te et de l&rsquo;autre centrifuge. On voit mal comment un tel double mouvement contraire dans les deux camps pourrait \u00eatre sans effet \u00e9lectoral?\u00a0\u00a0<\/p>\n","protected":false},"excerpt":{"rendered":"Posted On 3 juin 2025 Gros comme une maison. Hier \u00a0\u00bb les \u00e9lus LFI\u00a0\u00bb du Conseil Municipal de&hellip;\n","protected":false},"author":2,"featured_media":148033,"comment_status":"","ping_status":"","sticky":false,"template":"","format":"standard","meta":{"footnotes":""},"categories":[9566],"tags":[1111,11,10127,11148,27721,9602,2430,14405,10607,14755,10131,9607,1777,674,1011,27,2731,14004,26489,20952,10308,26491,27722,10136,27723,10614,12,9609,10140,27724,25,14009],"class_list":{"0":"post-148032","1":"post","2":"type-post","3":"status-publish","4":"format-standard","5":"has-post-thumbnail","7":"category-grenoble","8":"tag-actu","9":"tag-actualites","10":"tag-ades","11":"tag-alan-confesson","12":"tag-allan-brunon","13":"tag-amel-zenati","14":"tag-auvergne-rhone-alpes","15":"tag-barbara-schuman","16":"tag-cecile-cenatiempo","17":"tag-clement-chappet","18":"tag-elisa-martin","19":"tag-eric-piolle","20":"tag-eu","21":"tag-europe","22":"tag-fr","23":"tag-france","24":"tag-grenoble","25":"tag-grenoblemag","26":"tag-hakim-sabri","27":"tag-hugo-prevost","28":"tag-keira-capdepon","29":"tag-laura-pfister","30":"tag-laure-masson","31":"tag-laurence-ruffin","32":"tag-lyes-louffok","33":"tag-maxence-alloto","34":"tag-news","35":"tag-pascal-clouaire","36":"tag-raymond-avrillier","37":"tag-rehovot","38":"tag-republique-francaise","39":"tag-romain-gentil"},"share_on_mastodon":{"url":"https:\/\/pubeurope.com\/@fr\/114617525640356912","error":""},"_links":{"self":[{"href":"https:\/\/www.europesays.com\/fr\/wp-json\/wp\/v2\/posts\/148032","targetHints":{"allow":["GET"]}}],"collection":[{"href":"https:\/\/www.europesays.com\/fr\/wp-json\/wp\/v2\/posts"}],"about":[{"href":"https:\/\/www.europesays.com\/fr\/wp-json\/wp\/v2\/types\/post"}],"author":[{"embeddable":true,"href":"https:\/\/www.europesays.com\/fr\/wp-json\/wp\/v2\/users\/2"}],"replies":[{"embeddable":true,"href":"https:\/\/www.europesays.com\/fr\/wp-json\/wp\/v2\/comments?post=148032"}],"version-history":[{"count":0,"href":"https:\/\/www.europesays.com\/fr\/wp-json\/wp\/v2\/posts\/148032\/revisions"}],"wp:featuredmedia":[{"embeddable":true,"href":"https:\/\/www.europesays.com\/fr\/wp-json\/wp\/v2\/media\/148033"}],"wp:attachment":[{"href":"https:\/\/www.europesays.com\/fr\/wp-json\/wp\/v2\/media?parent=148032"}],"wp:term":[{"taxonomy":"category","embeddable":true,"href":"https:\/\/www.europesays.com\/fr\/wp-json\/wp\/v2\/categories?post=148032"},{"taxonomy":"post_tag","embeddable":true,"href":"https:\/\/www.europesays.com\/fr\/wp-json\/wp\/v2\/tags?post=148032"}],"curies":[{"name":"wp","href":"https:\/\/api.w.org\/{rel}","templated":true}]}}